{"id":70195,"date":"2025-01-02T09:01:54","date_gmt":"2025-01-02T15:01:54","guid":{"rendered":"https:\/\/diarioavanzada.com.mx\/?p=70195"},"modified":"2025-01-02T09:01:54","modified_gmt":"2025-01-02T15:01:54","slug":"colima-espera-temperaturas-de-hasta-40-c-y-condiciones-estables-para-este-dia","status":"publish","type":"post","link":"https:\/\/diarioavanzada.com.mx\/?p=70195","title":{"rendered":"Colima espera temperaturas de hasta 40 \u00b0C y condiciones estables para este d\u00eda"},"content":{"rendered":"\n<p class=\"p1 wp-block-paragraph\">Colima, M\u00e9xico, Avanzada (02\/01\/2025).- Este d\u00eda, el estado de Colima permanecer\u00e1 con clima c\u00e1lido a caluroso, con temperaturas m\u00e1ximas de entre 35 y 40 \u00b0C, seg\u00fan el pron\u00f3stico meteorol\u00f3gico. A pesar de la influencia del frente fr\u00edo No. 20 en el pa\u00eds, el Pac\u00edfico Centro, que incluye a Colima, se mantendr\u00e1 mayormente estable, con cielo medio nublado y sin lluvias durante la tarde.<\/p>\n\n\n\n<p class=\"p1 wp-block-paragraph\">Por la ma\u00f1ana, se prev\u00e9 un ambiente fresco en la regi\u00f3n, mientras que en zonas serranas de estados vecinos como Jalisco y Michoac\u00e1n podr\u00edan registrarse temperaturas fr\u00edas a muy fr\u00edas, incluso con posibles heladas. Los vientos ser\u00e1n de direcci\u00f3n variable, con rachas de hasta 35 km\/h.<\/p>\n\n\n\n<p class=\"p1 wp-block-paragraph\">Para Colima, se recomienda a la poblaci\u00f3n mantenerse hidratada y tomar precauciones ante las altas temperaturas, especialmente durante las horas de mayor radiaci\u00f3n solar.<\/p>\n\n\n\n<p class=\"wp-block-paragraph\"><\/p>\n<div class=\"fb-background-color\">\n\t\t\t  <div \n\t\t\t  \tclass = \"fb-comments\" \n\t\t\t  \tdata-href = \"https:\/\/diarioavanzada.com.mx\/?p=70195\"\n\t\t\t  \tdata-numposts = \"10\"\n\t\t\t  \tdata-lazy = \"true\"\n\t\t\t\tdata-colorscheme = \"light\"\n\t\t\t\tdata-order-by = \"social\"\n\t\t\t\tdata-mobile=true>\n\t\t\t  <\/div><\/div>\n\t\t  <style>\n\t\t    .fb-background-color {\n\t\t\t\tbackground:  !important;\n\t\t\t}\n\t\t\t.fb_iframe_widget_fluid_desktop iframe {\n\t\t\t    width: 100% !important;\n\t\t\t}\n\t\t  <\/style>\n\t\t  ","protected":false},"excerpt":{"rendered":"<p>Colima, M\u00e9xico, Avanzada (02\/01\/2025).- Este d\u00eda, el estado de Colima permanecer\u00e1 con clima c\u00e1lido a caluroso, con temperaturas m\u00e1ximas de entre 35 y 40 \u00b0C, seg\u00fan el pron\u00f3stico meteorol\u00f3gico. A pesar de la influencia del frente fr\u00edo No. 20 en el pa\u00eds, el Pac\u00edfico Centro, que incluye a Colima, se mantendr\u00e1 mayormente estable, con cielo [&hellip;]<\/p>\n","protected":false},"author":7,"featured_media":70194,"comment_status":"closed","ping_status":"closed","sticky":false,"template":"","format":"standard","meta":{"_coblocks_attr":"","_coblocks_dimensions":"","_coblocks_responsive_height":"","_coblocks_accordion_ie_support":"","_crdt_document":"","advanced_seo_description":"","jetpack_seo_html_title":"","jetpack_seo_noindex":false,"_jetpack_memberships_contains_paid_content":false,"footnotes":""},"categories":[19,209,7],"tags":[],"class_list":["post-70195","post","type-post","status-publish","format-standard","has-post-thumbnail","hentry","category-colima","category-importantes","category-noticias"],"jetpack_featured_media_url":"https:\/\/diarioavanzada.com.mx\/wp-content\/uploads\/2025\/01\/img_6033-1.jpg","jetpack-related-posts":[],"jetpack_sharing_enabled":true,"amp_enabled":true,"_links":{"self":[{"href":"https:\/\/diarioavanzada.com.mx\/index.php?rest_route=\/wp\/v2\/posts\/70195","targetHints":{"allow":["GET"]}}],"collection":[{"href":"https:\/\/diarioavanzada.com.mx\/index.php?rest_route=\/wp\/v2\/posts"}],"about":[{"href":"https:\/\/diarioavanzada.com.mx\/index.php?rest_route=\/wp\/v2\/types\/post"}],"author":[{"embeddable":true,"href":"https:\/\/diarioavanzada.com.mx\/index.php?rest_route=\/wp\/v2\/users\/7"}],"replies":[{"embeddable":true,"href":"https:\/\/diarioavanzada.com.mx\/index.php?rest_route=%2Fwp%2Fv2%2Fcomments&post=70195"}],"version-history":[{"count":0,"href":"https:\/\/diarioavanzada.com.mx\/index.php?rest_route=\/wp\/v2\/posts\/70195\/revisions"}],"wp:featuredmedia":[{"embeddable":true,"href":"https:\/\/diarioavanzada.com.mx\/index.php?rest_route=\/wp\/v2\/media\/70194"}],"wp:attachment":[{"href":"https:\/\/diarioavanzada.com.mx\/index.php?rest_route=%2Fwp%2Fv2%2Fmedia&parent=70195"}],"wp:term":[{"taxonomy":"category","embeddable":true,"href":"https:\/\/diarioavanzada.com.mx\/index.php?rest_route=%2Fwp%2Fv2%2Fcategories&post=70195"},{"taxonomy":"post_tag","embeddable":true,"href":"https:\/\/diarioavanzada.com.mx\/index.php?rest_route=%2Fwp%2Fv2%2Ftags&post=70195"}],"curies":[{"name":"wp","href":"https:\/\/api.w.org\/{rel}","templated":true}]}}