{"id":70193,"date":"2025-01-02T08:35:41","date_gmt":"2025-01-02T14:35:41","guid":{"rendered":"https:\/\/diarioavanzada.com.mx\/?p=70193"},"modified":"2025-01-02T08:35:41","modified_gmt":"2025-01-02T14:35:41","slug":"sismo-de-magnitud-4-6-sacude-oaxaca-sin-reportes-de-danos","status":"publish","type":"post","link":"https:\/\/diarioavanzada.com.mx\/?p=70193","title":{"rendered":"Sismo de magnitud 4.6 sacude Oaxaca sin reportes de da\u00f1os"},"content":{"rendered":"\n<p class=\"p1 wp-block-paragraph\">Oaxaca, M\u00e9xico, Avanzada (02\/01\/2025).- Un sismo de magnitud 4.6 se registr\u00f3 la ma\u00f1ana de este martes 2 de enero a las 06:21 horas, seg\u00fan inform\u00f3 el Servicio Sismol\u00f3gico Nacional (SSN). El epicentro se localiz\u00f3 60 kil\u00f3metros al noreste de Mat\u00edas Romero, en el estado de Oaxaca.<\/p>\n\n\n\n<p class=\"p1 wp-block-paragraph\">De acuerdo con el reporte oficial, el movimiento tel\u00farico ocurri\u00f3 en las coordenadas 17.30 grados de latitud norte y -94.71 grados de longitud oeste, a una profundidad de 140 kil\u00f3metros.<\/p>\n\n\n\n<p class=\"p1 wp-block-paragraph\">Hasta el momento, las autoridades no informaron sobre da\u00f1os materiales ni v\u00edctimas derivadas del sismo. Sin embargo, se mantiene el monitoreo en las comunidades cercanas al epicentro para garantizar la seguridad de los habitantes.<\/p>\n\n\n\n<p class=\"p1 wp-block-paragraph\">Oaxaca es una de las regiones m\u00e1s s\u00edsmicamente activas del pa\u00eds debido a la interacci\u00f3n entre las placas tect\u00f3nicas de Cocos y Norteam\u00e9rica, lo que genera constantes movimientos en la zona.<\/p>\n\n\n\n<p class=\"p1 wp-block-paragraph\">Las autoridades de Protecci\u00f3n Civil recomiendan a la poblaci\u00f3n estar atenta a posibles r\u00e9plicas y mantener a la mano su plan de emergencia familiar.<\/p>\n\n\n\n<p class=\"wp-block-paragraph\"><\/p>\n<div class=\"fb-background-color\">\n\t\t\t  <div \n\t\t\t  \tclass = \"fb-comments\" \n\t\t\t  \tdata-href = \"https:\/\/diarioavanzada.com.mx\/?p=70193\"\n\t\t\t  \tdata-numposts = \"10\"\n\t\t\t  \tdata-lazy = \"true\"\n\t\t\t\tdata-colorscheme = \"light\"\n\t\t\t\tdata-order-by = \"social\"\n\t\t\t\tdata-mobile=true>\n\t\t\t  <\/div><\/div>\n\t\t  <style>\n\t\t    .fb-background-color {\n\t\t\t\tbackground:  !important;\n\t\t\t}\n\t\t\t.fb_iframe_widget_fluid_desktop iframe {\n\t\t\t    width: 100% !important;\n\t\t\t}\n\t\t  <\/style>\n\t\t  ","protected":false},"excerpt":{"rendered":"<p>Oaxaca, M\u00e9xico, Avanzada (02\/01\/2025).- Un sismo de magnitud 4.6 se registr\u00f3 la ma\u00f1ana de este martes 2 de enero a las 06:21 horas, seg\u00fan inform\u00f3 el Servicio Sismol\u00f3gico Nacional (SSN). El epicentro se localiz\u00f3 60 kil\u00f3metros al noreste de Mat\u00edas Romero, en el estado de Oaxaca. De acuerdo con el reporte oficial, el movimiento tel\u00farico [&hellip;]<\/p>\n","protected":false},"author":7,"featured_media":70192,"comment_status":"closed","ping_status":"closed","sticky":false,"template":"","format":"standard","meta":{"_coblocks_attr":"","_coblocks_dimensions":"","_coblocks_responsive_height":"","_coblocks_accordion_ie_support":"","_crdt_document":"","advanced_seo_description":"","jetpack_seo_html_title":"","jetpack_seo_noindex":false,"_jetpack_memberships_contains_paid_content":false,"footnotes":""},"categories":[22,7],"tags":[],"class_list":["post-70193","post","type-post","status-publish","format-standard","has-post-thumbnail","hentry","category-nacion","category-noticias"],"jetpack_featured_media_url":"https:\/\/diarioavanzada.com.mx\/wp-content\/uploads\/2025\/01\/img_6032-1.jpg","jetpack-related-posts":[],"jetpack_sharing_enabled":true,"amp_enabled":true,"_links":{"self":[{"href":"https:\/\/diarioavanzada.com.mx\/index.php?rest_route=\/wp\/v2\/posts\/70193","targetHints":{"allow":["GET"]}}],"collection":[{"href":"https:\/\/diarioavanzada.com.mx\/index.php?rest_route=\/wp\/v2\/posts"}],"about":[{"href":"https:\/\/diarioavanzada.com.mx\/index.php?rest_route=\/wp\/v2\/types\/post"}],"author":[{"embeddable":true,"href":"https:\/\/diarioavanzada.com.mx\/index.php?rest_route=\/wp\/v2\/users\/7"}],"replies":[{"embeddable":true,"href":"https:\/\/diarioavanzada.com.mx\/index.php?rest_route=%2Fwp%2Fv2%2Fcomments&post=70193"}],"version-history":[{"count":0,"href":"https:\/\/diarioavanzada.com.mx\/index.php?rest_route=\/wp\/v2\/posts\/70193\/revisions"}],"wp:featuredmedia":[{"embeddable":true,"href":"https:\/\/diarioavanzada.com.mx\/index.php?rest_route=\/wp\/v2\/media\/70192"}],"wp:attachment":[{"href":"https:\/\/diarioavanzada.com.mx\/index.php?rest_route=%2Fwp%2Fv2%2Fmedia&parent=70193"}],"wp:term":[{"taxonomy":"category","embeddable":true,"href":"https:\/\/diarioavanzada.com.mx\/index.php?rest_route=%2Fwp%2Fv2%2Fcategories&post=70193"},{"taxonomy":"post_tag","embeddable":true,"href":"https:\/\/diarioavanzada.com.mx\/index.php?rest_route=%2Fwp%2Fv2%2Ftags&post=70193"}],"curies":[{"name":"wp","href":"https:\/\/api.w.org\/{rel}","templated":true}]}}