{"id":70163,"date":"2025-01-01T11:38:40","date_gmt":"2025-01-01T17:38:40","guid":{"rendered":"https:\/\/diarioavanzada.com.mx\/?p=70163"},"modified":"2025-01-01T11:38:40","modified_gmt":"2025-01-01T17:38:40","slug":"miles-de-personas-atestiguaron-que-colima-resplandece-con-exito","status":"publish","type":"post","link":"https:\/\/diarioavanzada.com.mx\/?p=70163","title":{"rendered":"Miles de personas atestiguaron que Colima Resplandece con \u00e9xito"},"content":{"rendered":"\n<p class=\"wp-block-paragraph\"><em>El alcalde de Colima y la representante de la gobernadora del estado, encabezaron la gran fiesta de los colimenses en el Jard\u00edn Libertad. Familias enteras recibieron el 2025, durante el Primer Festival Colima Resplandece<\/em><\/p>\n\n\n\n<p class=\"wp-block-paragraph\">Colima, M\u00e9xico, Comunicado (01\/01\/2024).- Todo un \u00e9xito result\u00f3 el primer festival Colima Resplandece organizado por el Ayuntamiento de Colima que preside Riult Rivera Guti\u00e9rrez, en el jard\u00edn Libertad del centro de la capital del Estado, que reuni\u00f3 a miles de colimenses, que en familia acudieron a despedir el a\u00f1o 2024, y recibir con j\u00fabilo el 2025.<\/p>\n\n\n\n<p class=\"wp-block-paragraph\">El Jard\u00edn Libertad result\u00f3 insuficiente, para recibir a las miles de familias que de los distintos municipios, as\u00ed como turistas de otras entidades que hicieron sus reservaciones para recibir el a\u00f1o en la ciudad de Colima, se dieron cita para disfrutar de una verdadera fiesta nunca antes fiesta en esta ciudad capital.<\/p>\n\n\n\n<p class=\"wp-block-paragraph\">La fiesta inici\u00f3 desde las 19:00 horas, cuando empez\u00f3 con la presentaci\u00f3n del espect\u00e1culo que prepararon la agrupaci\u00f3n local Esencia Musical, con interpretaciones de cumbia, que puso a bailar a la concurrencia que poco a poco empezaba a instalarse en las mejores localidades.<\/p>\n\n\n\n<p class=\"wp-block-paragraph\">Posteriormente sigui\u00f3 la fiesta el grupo Vino Tinto, con m\u00fasica rom\u00e1ntica y de cumbia, donde la int\u00e9rprete de esta agrupaci\u00f3n agradeci\u00f3 el apoyo del presidente Riult Rivera para participar en este festival, y por el respaldo que ha estado brindado a los m\u00fasicos locales desde el inicio de su gesti\u00f3n.<\/p>\n\n\n\n<p class=\"wp-block-paragraph\">Antes de las 21:00 horas, el centro de la capital del estado, ya estaba lleno y la gente segu\u00eda llegando de los diversos municipios, apost\u00e1ndose alrededor de todo el jard\u00edn Libertad.<\/p>\n\n\n\n<p class=\"wp-block-paragraph\">Las personas que se dieron cita a este regio espect\u00e1culo disfrutaron del corredor gastron\u00f3mico, as\u00ed como de los restaurantes que se encuentran en los portales, que se sumaron a esta gran fiesta para recibir el nuevo a\u00f1o 2025.<br>Posteriormente, el Presidente municipal de Colima, Riult Rivera Guti\u00e9rrez, acompa\u00f1ado de la Secretaria del Bienestar, Inclusi\u00f3n Social y Mujeres, Viridiana Valencia Vargas, quien asisti\u00f3 con la representaci\u00f3n de la gobernadora del estado Indira Vizca\u00edno Silva, los representantes de los Poderes Legislativo y Judicial, as\u00ed como las y los integrantes del Cabildo del Ayuntamiento de Colima y funcionarios de la administraci\u00f3n municipal, procedieron a cortar el list\u00f3n inaugural de este festival Colima Resplandece y con ello continuar la fiesta.<\/p>\n\n\n\n<p class=\"wp-block-paragraph\">Despu\u00e9s del mensaje de inauguraci\u00f3n de este festival por parte del alcalde Riult Rivera, continu\u00f3 la presentaci\u00f3n del Grupo Palomo, que interpret\u00f3 sus grandes \u00e9xitos de anta\u00f1o, poniendo a cantar y a bailar a los miles de asistentes, que convirtieron algunos reducidos espacios de los andenes del Jard\u00edn Libertad, en una pista de baile.<\/p>\n\n\n\n<p class=\"wp-block-paragraph\">Conforme transcurr\u00eda el tiempo, aproximadamente a las 23:35 horas, el alcalde Riult Rivera, y la representante de la gobernadora del estado, subieron al escenario para anunciar el inicio del show de drones y el espect\u00e1culo de luces l\u00e1ser, que provoc\u00f3 la algarab\u00eda de los asistentes.<\/p>\n\n\n\n<p class=\"wp-block-paragraph\">El show de los drones se prolong\u00f3 hasta las 23:59 con 50 segundos, cuando el cron\u00f3metro dio inicio a la cuenta regresiva de los \u00faltimos diez segundos del 2024, los cuales fueron coreados por la multitud congregada y al llegar a las 00:00 horas, inici\u00f3 el show de la pirotecnia, haciendo que Coima Resplandeciera, en medio del j\u00fabilo generalizado.<\/p>\n\n\n\n<p class=\"wp-block-paragraph\">Una vez que transcurri\u00f3 la quema de los fuegos artificiales, que provocaron la algarab\u00eda de la gente, se anunci\u00f3 la presentaci\u00f3n de la organizaci\u00f3n internacional Kumbia Kings, quien inicio su espect\u00e1culo, con sus grandes \u00e9xitos, en medio de la gran fiesta instalada en el Jard\u00edn Libertad.<\/p>\n\n\n\n<p class=\"wp-block-paragraph\">El primer festival Colima Resplandece, transcurri\u00f3 con tranquilidad y armon\u00eda, y para evitar que pudiera suceder alguna incidencia, se cont\u00f3 con la presencia de agentes de la Polic\u00eda Municipal, Polic\u00eda Estatal, de la Secretar\u00eda de Marina y de la Guardia Nacional, adem\u00e1s fueron instalados diversos puestos de auxilio con param\u00e9dicos de Protecci\u00f3n Civil Municipal y Estatal y se cont\u00f3 con la presencia de ambulancias, que afortunadamente no se llegaron a requerir en ning\u00fan momento, pues la gente realmente acudi\u00f3 a divertirse y ser parte de esta gran fiesta.<\/p>\n\n\n\n<figure class=\"wp-block-image size-large\"><img loading=\"lazy\" decoding=\"async\" width=\"1024\" height=\"682\" src=\"https:\/\/diarioavanzada.com.mx\/wp-content\/uploads\/2025\/01\/d58a2576-8599-467e-8538-432999ee8ed4-1-1024x682.jpg\" class=\"wp-image-70162\" srcset=\"https:\/\/diarioavanzada.com.mx\/wp-content\/uploads\/2025\/01\/d58a2576-8599-467e-8538-432999ee8ed4-1-1024x682.jpg 1024w, https:\/\/diarioavanzada.com.mx\/wp-content\/uploads\/2025\/01\/d58a2576-8599-467e-8538-432999ee8ed4-1-300x200.jpg 300w, https:\/\/diarioavanzada.com.mx\/wp-content\/uploads\/2025\/01\/d58a2576-8599-467e-8538-432999ee8ed4-1-768x512.jpg 768w, https:\/\/diarioavanzada.com.mx\/wp-content\/uploads\/2025\/01\/d58a2576-8599-467e-8538-432999ee8ed4-1-1536x1024.jpg 1536w, https:\/\/diarioavanzada.com.mx\/wp-content\/uploads\/2025\/01\/d58a2576-8599-467e-8538-432999ee8ed4-1.jpg 2000w\" sizes=\"auto, (max-width: 1024px) 100vw, 1024px\" \/><\/figure>\n\n\n\n<figure class=\"wp-block-image size-large\"><img loading=\"lazy\" decoding=\"async\" width=\"1024\" height=\"683\" src=\"https:\/\/diarioavanzada.com.mx\/wp-content\/uploads\/2025\/01\/ff6829b1-c5b1-46c0-a97e-b66f1f2fcbd3-1-1024x683.jpg\" class=\"wp-image-70161\" srcset=\"https:\/\/diarioavanzada.com.mx\/wp-content\/uploads\/2025\/01\/ff6829b1-c5b1-46c0-a97e-b66f1f2fcbd3-1-1024x683.jpg 1024w, https:\/\/diarioavanzada.com.mx\/wp-content\/uploads\/2025\/01\/ff6829b1-c5b1-46c0-a97e-b66f1f2fcbd3-1-300x200.jpg 300w, https:\/\/diarioavanzada.com.mx\/wp-content\/uploads\/2025\/01\/ff6829b1-c5b1-46c0-a97e-b66f1f2fcbd3-1-768x512.jpg 768w, https:\/\/diarioavanzada.com.mx\/wp-content\/uploads\/2025\/01\/ff6829b1-c5b1-46c0-a97e-b66f1f2fcbd3-1-1536x1025.jpg 1536w, https:\/\/diarioavanzada.com.mx\/wp-content\/uploads\/2025\/01\/ff6829b1-c5b1-46c0-a97e-b66f1f2fcbd3-1.jpg 2000w\" sizes=\"auto, (max-width: 1024px) 100vw, 1024px\" \/><\/figure>\n\n\n\n<figure class=\"wp-block-image size-large\"><img loading=\"lazy\" decoding=\"async\" width=\"1024\" height=\"683\" src=\"https:\/\/diarioavanzada.com.mx\/wp-content\/uploads\/2025\/01\/b1b1a00c-5531-4cbd-abd5-1698b576170b-1-1024x683.jpg\" class=\"wp-image-70160\" srcset=\"https:\/\/diarioavanzada.com.mx\/wp-content\/uploads\/2025\/01\/b1b1a00c-5531-4cbd-abd5-1698b576170b-1-1024x683.jpg 1024w, https:\/\/diarioavanzada.com.mx\/wp-content\/uploads\/2025\/01\/b1b1a00c-5531-4cbd-abd5-1698b576170b-1-300x200.jpg 300w, https:\/\/diarioavanzada.com.mx\/wp-content\/uploads\/2025\/01\/b1b1a00c-5531-4cbd-abd5-1698b576170b-1-768x512.jpg 768w, https:\/\/diarioavanzada.com.mx\/wp-content\/uploads\/2025\/01\/b1b1a00c-5531-4cbd-abd5-1698b576170b-1-1536x1025.jpg 1536w, https:\/\/diarioavanzada.com.mx\/wp-content\/uploads\/2025\/01\/b1b1a00c-5531-4cbd-abd5-1698b576170b-1.jpg 2000w\" sizes=\"auto, (max-width: 1024px) 100vw, 1024px\" \/><\/figure>\n\n\n\n<figure class=\"wp-block-image size-large\"><img loading=\"lazy\" decoding=\"async\" width=\"1024\" height=\"683\" src=\"https:\/\/diarioavanzada.com.mx\/wp-content\/uploads\/2025\/01\/5e366a0e-3a57-41d0-b3da-bf6b286ada51-1-1024x683.jpg\" class=\"wp-image-70159\" srcset=\"https:\/\/diarioavanzada.com.mx\/wp-content\/uploads\/2025\/01\/5e366a0e-3a57-41d0-b3da-bf6b286ada51-1-1024x683.jpg 1024w, https:\/\/diarioavanzada.com.mx\/wp-content\/uploads\/2025\/01\/5e366a0e-3a57-41d0-b3da-bf6b286ada51-1-300x200.jpg 300w, https:\/\/diarioavanzada.com.mx\/wp-content\/uploads\/2025\/01\/5e366a0e-3a57-41d0-b3da-bf6b286ada51-1-768x512.jpg 768w, https:\/\/diarioavanzada.com.mx\/wp-content\/uploads\/2025\/01\/5e366a0e-3a57-41d0-b3da-bf6b286ada51-1-1536x1025.jpg 1536w, https:\/\/diarioavanzada.com.mx\/wp-content\/uploads\/2025\/01\/5e366a0e-3a57-41d0-b3da-bf6b286ada51-1.jpg 2000w\" sizes=\"auto, (max-width: 1024px) 100vw, 1024px\" \/><\/figure>\n\n\n\n<figure class=\"wp-block-image size-large\"><img loading=\"lazy\" decoding=\"async\" width=\"1024\" height=\"682\" src=\"https:\/\/diarioavanzada.com.mx\/wp-content\/uploads\/2025\/01\/b51fa3e1-7c45-498a-bf10-906c7c803e82-1-1024x682.jpg\" class=\"wp-image-70158\" srcset=\"https:\/\/diarioavanzada.com.mx\/wp-content\/uploads\/2025\/01\/b51fa3e1-7c45-498a-bf10-906c7c803e82-1-1024x682.jpg 1024w, https:\/\/diarioavanzada.com.mx\/wp-content\/uploads\/2025\/01\/b51fa3e1-7c45-498a-bf10-906c7c803e82-1-300x200.jpg 300w, https:\/\/diarioavanzada.com.mx\/wp-content\/uploads\/2025\/01\/b51fa3e1-7c45-498a-bf10-906c7c803e82-1-768x512.jpg 768w, https:\/\/diarioavanzada.com.mx\/wp-content\/uploads\/2025\/01\/b51fa3e1-7c45-498a-bf10-906c7c803e82-1-1536x1023.jpg 1536w, https:\/\/diarioavanzada.com.mx\/wp-content\/uploads\/2025\/01\/b51fa3e1-7c45-498a-bf10-906c7c803e82-1.jpg 1600w\" sizes=\"auto, (max-width: 1024px) 100vw, 1024px\" \/><\/figure>\n\n\n\n<figure class=\"wp-block-image size-large\"><img loading=\"lazy\" decoding=\"async\" width=\"1024\" height=\"674\" src=\"https:\/\/diarioavanzada.com.mx\/wp-content\/uploads\/2025\/01\/0cbad3e2-4609-4ec6-aa58-99ee6535a678-1-1024x674.jpg\" class=\"wp-image-70157\" srcset=\"https:\/\/diarioavanzada.com.mx\/wp-content\/uploads\/2025\/01\/0cbad3e2-4609-4ec6-aa58-99ee6535a678-1-1024x674.jpg 1024w, https:\/\/diarioavanzada.com.mx\/wp-content\/uploads\/2025\/01\/0cbad3e2-4609-4ec6-aa58-99ee6535a678-1-300x198.jpg 300w, https:\/\/diarioavanzada.com.mx\/wp-content\/uploads\/2025\/01\/0cbad3e2-4609-4ec6-aa58-99ee6535a678-1-768x506.jpg 768w, https:\/\/diarioavanzada.com.mx\/wp-content\/uploads\/2025\/01\/0cbad3e2-4609-4ec6-aa58-99ee6535a678-1.jpg 1412w\" sizes=\"auto, (max-width: 1024px) 100vw, 1024px\" \/><\/figure>\n<div class=\"fb-background-color\">\n\t\t\t  <div \n\t\t\t  \tclass = \"fb-comments\" \n\t\t\t  \tdata-href = \"https:\/\/diarioavanzada.com.mx\/?p=70163\"\n\t\t\t  \tdata-numposts = \"10\"\n\t\t\t  \tdata-lazy = \"true\"\n\t\t\t\tdata-colorscheme = \"light\"\n\t\t\t\tdata-order-by = \"social\"\n\t\t\t\tdata-mobile=true>\n\t\t\t  <\/div><\/div>\n\t\t  <style>\n\t\t    .fb-background-color {\n\t\t\t\tbackground:  !important;\n\t\t\t}\n\t\t\t.fb_iframe_widget_fluid_desktop iframe {\n\t\t\t    width: 100% !important;\n\t\t\t}\n\t\t  <\/style>\n\t\t  ","protected":false},"excerpt":{"rendered":"<p>El alcalde de Colima y la representante de la gobernadora del estado, encabezaron la gran fiesta de los colimenses en el Jard\u00edn Libertad. Familias enteras recibieron el 2025, durante el Primer Festival Colima Resplandece Colima, M\u00e9xico, Comunicado (01\/01\/2024).- Todo un \u00e9xito result\u00f3 el primer festival Colima Resplandece organizado por el Ayuntamiento de Colima que preside [&hellip;]<\/p>\n","protected":false},"author":7,"featured_media":70156,"comment_status":"closed","ping_status":"closed","sticky":false,"template":"","format":"standard","meta":{"_coblocks_attr":"","_coblocks_dimensions":"","_coblocks_responsive_height":"","_coblocks_accordion_ie_support":"","_crdt_document":"","advanced_seo_description":"","jetpack_seo_html_title":"","jetpack_seo_noindex":false,"_jetpack_memberships_contains_paid_content":false,"footnotes":""},"categories":[19,209],"tags":[],"class_list":["post-70163","post","type-post","status-publish","format-standard","has-post-thumbnail","hentry","category-colima","category-importantes"],"jetpack_featured_media_url":"https:\/\/diarioavanzada.com.mx\/wp-content\/uploads\/2025\/01\/421996f3-ac5c-408e-898c-db681e097c46-1.jpg","jetpack-related-posts":[],"jetpack_sharing_enabled":true,"amp_enabled":true,"_links":{"self":[{"href":"https:\/\/diarioavanzada.com.mx\/index.php?rest_route=\/wp\/v2\/posts\/70163","targetHints":{"allow":["GET"]}}],"collection":[{"href":"https:\/\/diarioavanzada.com.mx\/index.php?rest_route=\/wp\/v2\/posts"}],"about":[{"href":"https:\/\/diarioavanzada.com.mx\/index.php?rest_route=\/wp\/v2\/types\/post"}],"author":[{"embeddable":true,"href":"https:\/\/diarioavanzada.com.mx\/index.php?rest_route=\/wp\/v2\/users\/7"}],"replies":[{"embeddable":true,"href":"https:\/\/diarioavanzada.com.mx\/index.php?rest_route=%2Fwp%2Fv2%2Fcomments&post=70163"}],"version-history":[{"count":0,"href":"https:\/\/diarioavanzada.com.mx\/index.php?rest_route=\/wp\/v2\/posts\/70163\/revisions"}],"wp:featuredmedia":[{"embeddable":true,"href":"https:\/\/diarioavanzada.com.mx\/index.php?rest_route=\/wp\/v2\/media\/70156"}],"wp:attachment":[{"href":"https:\/\/diarioavanzada.com.mx\/index.php?rest_route=%2Fwp%2Fv2%2Fmedia&parent=70163"}],"wp:term":[{"taxonomy":"category","embeddable":true,"href":"https:\/\/diarioavanzada.com.mx\/index.php?rest_route=%2Fwp%2Fv2%2Fcategories&post=70163"},{"taxonomy":"post_tag","embeddable":true,"href":"https:\/\/diarioavanzada.com.mx\/index.php?rest_route=%2Fwp%2Fv2%2Ftags&post=70163"}],"curies":[{"name":"wp","href":"https:\/\/api.w.org\/{rel}","templated":true}]}}