{"id":70140,"date":"2025-01-01T07:09:00","date_gmt":"2025-01-01T13:09:00","guid":{"rendered":"https:\/\/diarioavanzada.com.mx\/?p=70140"},"modified":"2025-01-01T07:12:42","modified_gmt":"2025-01-01T13:12:42","slug":"publican-reforma-que-amplia-el-catalogo-de-delitos-sujetos-a-prision-preventiva-oficiosa","status":"publish","type":"post","link":"https:\/\/diarioavanzada.com.mx\/?p=70140","title":{"rendered":"Publican reforma que ampl\u00eda el cat\u00e1logo de delitos sujetos a prisi\u00f3n preventiva oficiosa"},"content":{"rendered":"\n<p class=\"p1 wp-block-paragraph\">M\u00e9xico, Avanzada (01\/01\/2025).- El Diario Oficial de la Federaci\u00f3n (DOF) public\u00f3 este martes en su edici\u00f3n vespertina el decreto que reforma el p\u00e1rrafo segundo del art\u00edculo 19 de la Constituci\u00f3n, ampliando el cat\u00e1logo de delitos que ameritan prisi\u00f3n preventiva oficiosa. Esta reforma entra en vigor este d\u00eda.<\/p>\n\n\n\n<p class=\"p1 wp-block-paragraph\">La modificaci\u00f3n establece que el juez deber\u00e1 ordenar prisi\u00f3n preventiva oficiosa en casos de delitos como extorsi\u00f3n, contrabando, delitos relacionados con la producci\u00f3n y distribuci\u00f3n de drogas sint\u00e9ticas como el fentanilo, y actividades fraudulentas con comprobantes fiscales, entre otros.<\/p>\n\n\n\n<p class=\"p1 wp-block-paragraph\">Adem\u00e1s, se mantiene esta medida cautelar para delitos previamente contemplados como feminicidio, secuestro, corrupci\u00f3n, trata de personas, homicidio doloso y delincuencia organizada.<\/p>\n\n\n\n<p class=\"p1 wp-block-paragraph\">Durante el debate legislativo, se aprobaron tres reservas propuestas por el diputado Ricardo Monreal \u00c1vila:<\/p>\n\n\n\n<p class=\"p3 wp-block-paragraph\">\u2022 Narcomenudeo y defraudaci\u00f3n fiscal: Se excluyeron como delitos graves que ameritan prisi\u00f3n preventiva oficiosa, buscando un enfoque social para el narcomenudeo y privilegiando la unidad nacional en casos de defraudaci\u00f3n fiscal.<\/p>\n\n\n\n<p class=\"p3 wp-block-paragraph\">\u2022 Fentanilo y precursores qu\u00edmicos: Se incluy\u00f3 a los delitos relacionados con la producci\u00f3n y distribuci\u00f3n de estas sustancias, dada su impacto devastador.<\/p>\n\n\n\n<p class=\"p1 wp-block-paragraph\">El Congreso de la Uni\u00f3n tiene 180 d\u00edas a partir de la entrada en vigor para armonizar las leyes federales con la reforma. Por su parte, las legislaturas estatales cuentan con un plazo de 365 d\u00edas para realizar las adecuaciones normativas correspondientes.<\/p>\n\n\n\n<p class=\"p1 wp-block-paragraph\">Esta reforma, impulsada por el Ejecutivo Federal y aprobada con mayor\u00eda calificada en ambas c\u00e1maras, busca evitar interpretaciones legales que permitan la liberaci\u00f3n indebida de personas acusadas de delitos graves. Seg\u00fan Monreal \u00c1vila, el objetivo es garantizar una justicia efectiva y combatir con firmeza la delincuencia organizada y los delitos de alto impacto.<\/p>\n\n\n\n<p class=\"p1 wp-block-paragraph\">A partir de hoy, el decreto entra en vigor, derogando cualquier disposici\u00f3n que se oponga a su contenido. La reforma marca un cambio significativo en el enfoque del sistema judicial mexicano hacia los delitos graves.<\/p>\n<div class=\"fb-background-color\">\n\t\t\t  <div \n\t\t\t  \tclass = \"fb-comments\" \n\t\t\t  \tdata-href = \"https:\/\/diarioavanzada.com.mx\/?p=70140\"\n\t\t\t  \tdata-numposts = \"10\"\n\t\t\t  \tdata-lazy = \"true\"\n\t\t\t\tdata-colorscheme = \"light\"\n\t\t\t\tdata-order-by = \"social\"\n\t\t\t\tdata-mobile=true>\n\t\t\t  <\/div><\/div>\n\t\t  <style>\n\t\t    .fb-background-color {\n\t\t\t\tbackground:  !important;\n\t\t\t}\n\t\t\t.fb_iframe_widget_fluid_desktop iframe {\n\t\t\t    width: 100% !important;\n\t\t\t}\n\t\t  <\/style>\n\t\t  ","protected":false},"excerpt":{"rendered":"<p>M\u00e9xico, Avanzada (01\/01\/2025).- El Diario Oficial de la Federaci\u00f3n (DOF) public\u00f3 este martes en su edici\u00f3n vespertina el decreto que reforma el p\u00e1rrafo segundo del art\u00edculo 19 de la Constituci\u00f3n, ampliando el cat\u00e1logo de delitos que ameritan prisi\u00f3n preventiva oficiosa. Esta reforma entra en vigor este d\u00eda. La modificaci\u00f3n establece que el juez deber\u00e1 ordenar [&hellip;]<\/p>\n","protected":false},"author":7,"featured_media":70139,"comment_status":"closed","ping_status":"closed","sticky":false,"template":"","format":"standard","meta":{"_coblocks_attr":"","_coblocks_dimensions":"","_coblocks_responsive_height":"","_coblocks_accordion_ie_support":"","_crdt_document":"","advanced_seo_description":"","jetpack_seo_html_title":"","jetpack_seo_noindex":false,"_jetpack_memberships_contains_paid_content":false,"footnotes":""},"categories":[22,231],"tags":[],"class_list":["post-70140","post","type-post","status-publish","format-standard","has-post-thumbnail","hentry","category-nacion","category-seguridad"],"jetpack_featured_media_url":"https:\/\/diarioavanzada.com.mx\/wp-content\/uploads\/2025\/01\/img_2602-1.jpg","jetpack-related-posts":[],"jetpack_sharing_enabled":true,"amp_enabled":true,"_links":{"self":[{"href":"https:\/\/diarioavanzada.com.mx\/index.php?rest_route=\/wp\/v2\/posts\/70140","targetHints":{"allow":["GET"]}}],"collection":[{"href":"https:\/\/diarioavanzada.com.mx\/index.php?rest_route=\/wp\/v2\/posts"}],"about":[{"href":"https:\/\/diarioavanzada.com.mx\/index.php?rest_route=\/wp\/v2\/types\/post"}],"author":[{"embeddable":true,"href":"https:\/\/diarioavanzada.com.mx\/index.php?rest_route=\/wp\/v2\/users\/7"}],"replies":[{"embeddable":true,"href":"https:\/\/diarioavanzada.com.mx\/index.php?rest_route=%2Fwp%2Fv2%2Fcomments&post=70140"}],"version-history":[{"count":1,"href":"https:\/\/diarioavanzada.com.mx\/index.php?rest_route=\/wp\/v2\/posts\/70140\/revisions"}],"predecessor-version":[{"id":70141,"href":"https:\/\/diarioavanzada.com.mx\/index.php?rest_route=\/wp\/v2\/posts\/70140\/revisions\/70141"}],"wp:featuredmedia":[{"embeddable":true,"href":"https:\/\/diarioavanzada.com.mx\/index.php?rest_route=\/wp\/v2\/media\/70139"}],"wp:attachment":[{"href":"https:\/\/diarioavanzada.com.mx\/index.php?rest_route=%2Fwp%2Fv2%2Fmedia&parent=70140"}],"wp:term":[{"taxonomy":"category","embeddable":true,"href":"https:\/\/diarioavanzada.com.mx\/index.php?rest_route=%2Fwp%2Fv2%2Fcategories&post=70140"},{"taxonomy":"post_tag","embeddable":true,"href":"https:\/\/diarioavanzada.com.mx\/index.php?rest_route=%2Fwp%2Fv2%2Ftags&post=70140"}],"curies":[{"name":"wp","href":"https:\/\/api.w.org\/{rel}","templated":true}]}}