{"id":70120,"date":"2024-12-31T10:32:48","date_gmt":"2024-12-31T16:32:48","guid":{"rendered":"https:\/\/diarioavanzada.com.mx\/?p=70120"},"modified":"2024-12-31T10:32:48","modified_gmt":"2024-12-31T16:32:48","slug":"detienen-a-mujer-acusada-de-lanzar-aceite-hirviendo-en-xalapa-veracruz","status":"publish","type":"post","link":"https:\/\/diarioavanzada.com.mx\/?p=70120","title":{"rendered":"Detienen a mujer acusada de lanzar aceite hirviendo en Xalapa, Veracruz"},"content":{"rendered":"\n<p class=\"p1 wp-block-paragraph\">Veracruz, M\u00e9xico, Avanzada (31\/12\/2024).- Elementos de la Polic\u00eda Ministerial detuvieron a Jasm\u00edn \u201cN\u201d, se\u00f1alada como probable responsable de la agresi\u00f3n ocurrida el pasado 29 de diciembre en un restaurante de antojitos de la colonia Revoluci\u00f3n, donde una empleada sufri\u00f3 quemaduras graves al ser atacada con aceite hirviendo.<\/p>\n\n\n\n<p class=\"p1 wp-block-paragraph\">La Fiscal\u00eda General del Estado inform\u00f3 que la detenci\u00f3n se realiz\u00f3 durante actos de investigaci\u00f3n en la colonia Reserva Tarimoya Cuatro, en el municipio de Veracruz. Jasm\u00edn \u201cN\u201d fue puesta a disposici\u00f3n del fiscal correspondiente, quien determinar\u00e1 su situaci\u00f3n jur\u00eddica, asegurando el respeto a sus derechos humanos y al debido proceso.<\/p>\n\n\n\n<p class=\"p1 wp-block-paragraph\">El ataque qued\u00f3 registrado por c\u00e1maras de seguridad del establecimiento \u201cAntojitos Rinconada\u201d. En el video se observa c\u00f3mo, tras una discusi\u00f3n por la cuenta, varias personas abandonaron el lugar. Minutos despu\u00e9s, una de las clientas regres\u00f3 y lanz\u00f3 un cazo con aceite hirviendo sobre la empleada, que vest\u00eda una playera verde.<\/p>\n\n\n\n<p class=\"p1 wp-block-paragraph\">La agresi\u00f3n gener\u00f3 indignaci\u00f3n en redes sociales, donde el video se viraliz\u00f3. Usuarios difundieron im\u00e1genes de la presunta responsable, quien huy\u00f3 del lugar en un taxi junto a otras personas.<\/p>\n\n\n\n<p class=\"p1 wp-block-paragraph\">Familiares de la v\u00edctima confirmaron que sufri\u00f3 quemaduras de segundo grado y fue trasladada a un hospital para recibir atenci\u00f3n m\u00e9dica.<\/p>\n\n\n\n<p class=\"p1 wp-block-paragraph\">La fiscal general Ver\u00f3nica Hern\u00e1ndez inform\u00f3 que la Fiscal\u00eda Especializada en Delitos de Violencia Contra la Familia, Mujeres, Ni\u00f1as y Ni\u00f1os y de Trata de Personas integra una carpeta de investigaci\u00f3n para esclarecer los hechos y garantizar justicia a la v\u00edctima.<\/p>\n\n\n\n<p class=\"p1 wp-block-paragraph\"><\/p>\n<div class=\"fb-background-color\">\n\t\t\t  <div \n\t\t\t  \tclass = \"fb-comments\" \n\t\t\t  \tdata-href = \"https:\/\/diarioavanzada.com.mx\/?p=70120\"\n\t\t\t  \tdata-numposts = \"10\"\n\t\t\t  \tdata-lazy = \"true\"\n\t\t\t\tdata-colorscheme = \"light\"\n\t\t\t\tdata-order-by = \"social\"\n\t\t\t\tdata-mobile=true>\n\t\t\t  <\/div><\/div>\n\t\t  <style>\n\t\t    .fb-background-color {\n\t\t\t\tbackground:  !important;\n\t\t\t}\n\t\t\t.fb_iframe_widget_fluid_desktop iframe {\n\t\t\t    width: 100% !important;\n\t\t\t}\n\t\t  <\/style>\n\t\t  ","protected":false},"excerpt":{"rendered":"<p>Veracruz, M\u00e9xico, Avanzada (31\/12\/2024).- Elementos de la Polic\u00eda Ministerial detuvieron a Jasm\u00edn \u201cN\u201d, se\u00f1alada como probable responsable de la agresi\u00f3n ocurrida el pasado 29 de diciembre en un restaurante de antojitos de la colonia Revoluci\u00f3n, donde una empleada sufri\u00f3 quemaduras graves al ser atacada con aceite hirviendo. La Fiscal\u00eda General del Estado inform\u00f3 que la [&hellip;]<\/p>\n","protected":false},"author":7,"featured_media":70119,"comment_status":"closed","ping_status":"closed","sticky":false,"template":"","format":"standard","meta":{"_coblocks_attr":"","_coblocks_dimensions":"","_coblocks_responsive_height":"","_coblocks_accordion_ie_support":"","_crdt_document":"","advanced_seo_description":"","jetpack_seo_html_title":"","jetpack_seo_noindex":false,"_jetpack_memberships_contains_paid_content":false,"footnotes":""},"categories":[22,231],"tags":[],"class_list":["post-70120","post","type-post","status-publish","format-standard","has-post-thumbnail","hentry","category-nacion","category-seguridad"],"jetpack_featured_media_url":"https:\/\/diarioavanzada.com.mx\/wp-content\/uploads\/2024\/12\/img_2587-1.jpg","jetpack-related-posts":[],"jetpack_sharing_enabled":true,"amp_enabled":true,"_links":{"self":[{"href":"https:\/\/diarioavanzada.com.mx\/index.php?rest_route=\/wp\/v2\/posts\/70120","targetHints":{"allow":["GET"]}}],"collection":[{"href":"https:\/\/diarioavanzada.com.mx\/index.php?rest_route=\/wp\/v2\/posts"}],"about":[{"href":"https:\/\/diarioavanzada.com.mx\/index.php?rest_route=\/wp\/v2\/types\/post"}],"author":[{"embeddable":true,"href":"https:\/\/diarioavanzada.com.mx\/index.php?rest_route=\/wp\/v2\/users\/7"}],"replies":[{"embeddable":true,"href":"https:\/\/diarioavanzada.com.mx\/index.php?rest_route=%2Fwp%2Fv2%2Fcomments&post=70120"}],"version-history":[{"count":0,"href":"https:\/\/diarioavanzada.com.mx\/index.php?rest_route=\/wp\/v2\/posts\/70120\/revisions"}],"wp:featuredmedia":[{"embeddable":true,"href":"https:\/\/diarioavanzada.com.mx\/index.php?rest_route=\/wp\/v2\/media\/70119"}],"wp:attachment":[{"href":"https:\/\/diarioavanzada.com.mx\/index.php?rest_route=%2Fwp%2Fv2%2Fmedia&parent=70120"}],"wp:term":[{"taxonomy":"category","embeddable":true,"href":"https:\/\/diarioavanzada.com.mx\/index.php?rest_route=%2Fwp%2Fv2%2Fcategories&post=70120"},{"taxonomy":"post_tag","embeddable":true,"href":"https:\/\/diarioavanzada.com.mx\/index.php?rest_route=%2Fwp%2Fv2%2Ftags&post=70120"}],"curies":[{"name":"wp","href":"https:\/\/api.w.org\/{rel}","templated":true}]}}