{"id":70109,"date":"2024-12-30T21:28:06","date_gmt":"2024-12-31T03:28:06","guid":{"rendered":"https:\/\/diarioavanzada.com.mx\/?p=70109"},"modified":"2024-12-30T21:30:52","modified_gmt":"2024-12-31T03:30:52","slug":"los-vinculan-a-proceso-por-el-homicidio-del-ex-magistrado-edmundo-n-en-acapulco","status":"publish","type":"post","link":"https:\/\/diarioavanzada.com.mx\/?p=70109","title":{"rendered":"Los vinculan a proceso por el homicidio del ex magistrado Edmundo \u201cN\u201d en Acapulco"},"content":{"rendered":"\n<p class=\"p1 wp-block-paragraph\">Guerrero, M\u00e9xico, Avanzada (30\/12\/2024).- La Fiscal\u00eda General del Estado de Guerrero (FGE Guerrero) logr\u00f3 que un juez de control vinculase a proceso a Luis Gerardo \u201cN\u201d y Diana \u201cN\u201d, se\u00f1alados por su probable responsabilidad en el homicidio calificado del ex magistrado Edmundo \u201cN\u201d en Acapulco.<\/p>\n\n\n\n<p class=\"p1 wp-block-paragraph\">Los imputados fueron detenidos en diciembre de este a\u00f1o, luego de un operativo coordinado entre la FGE Guerrero, la Secretar\u00eda de la Defensa Nacional (SEDENA), la Guardia Nacional (GN), la Secretar\u00eda de Seguridad y Protecci\u00f3n Ciudadana (SSyPC) del Gobierno de M\u00e9xico y la Secretar\u00eda de Seguridad P\u00fablica de Guerrero (SSP Guerrero). La acci\u00f3n se dio tras el seguimiento de las l\u00edneas de investigaci\u00f3n que confirmaron la participaci\u00f3n de Luis Gerardo \u201cN\u201d y Diana \u201cN\u201d en los hechos ocurridos a inicios de diciembre.<\/p>\n\n\n\n<p class=\"p1 wp-block-paragraph\">De acuerdo con la investigaci\u00f3n, Luis Gerardo \u201cN\u201d y otro individuo habr\u00edan disparado contra el ex magistrado cerca del Palacio de Justicia del Poder Judicial del Estado, en la zona de Caleta. Diana \u201cN\u201d habr\u00eda colaborado en el encubrimiento de los agresores al facilitar su ocultamiento en un domicilio.<\/p>\n\n\n\n<p class=\"p1 wp-block-paragraph\">Durante la audiencia inicial, el Ministerio P\u00fablico present\u00f3 pruebas suficientes para que el juez dictara el auto de vinculaci\u00f3n a proceso, adem\u00e1s de imponer la medida cautelar de prisi\u00f3n preventiva. Ambos imputados permanecer\u00e1n recluidos en el Centro de Reinserci\u00f3n Social de Tuxpan (Cereso) en Iguala, mientras se desarrollan las investigaciones complementarias, las cuales se fijaron con un plazo de tres meses.<\/p>\n<div class=\"fb-background-color\">\n\t\t\t  <div \n\t\t\t  \tclass = \"fb-comments\" \n\t\t\t  \tdata-href = \"https:\/\/diarioavanzada.com.mx\/?p=70109\"\n\t\t\t  \tdata-numposts = \"10\"\n\t\t\t  \tdata-lazy = \"true\"\n\t\t\t\tdata-colorscheme = \"light\"\n\t\t\t\tdata-order-by = \"social\"\n\t\t\t\tdata-mobile=true>\n\t\t\t  <\/div><\/div>\n\t\t  <style>\n\t\t    .fb-background-color {\n\t\t\t\tbackground:  !important;\n\t\t\t}\n\t\t\t.fb_iframe_widget_fluid_desktop iframe {\n\t\t\t    width: 100% !important;\n\t\t\t}\n\t\t  <\/style>\n\t\t  ","protected":false},"excerpt":{"rendered":"<p>Guerrero, M\u00e9xico, Avanzada (30\/12\/2024).- La Fiscal\u00eda General del Estado de Guerrero (FGE Guerrero) logr\u00f3 que un juez de control vinculase a proceso a Luis Gerardo \u201cN\u201d y Diana \u201cN\u201d, se\u00f1alados por su probable responsabilidad en el homicidio calificado del ex magistrado Edmundo \u201cN\u201d en Acapulco. Los imputados fueron detenidos en diciembre de este a\u00f1o, luego [&hellip;]<\/p>\n","protected":false},"author":7,"featured_media":70110,"comment_status":"closed","ping_status":"closed","sticky":false,"template":"","format":"standard","meta":{"_coblocks_attr":"","_coblocks_dimensions":"","_coblocks_responsive_height":"","_coblocks_accordion_ie_support":"","_crdt_document":"","advanced_seo_description":"","jetpack_seo_html_title":"","jetpack_seo_noindex":false,"_jetpack_memberships_contains_paid_content":false,"footnotes":""},"categories":[22,231],"tags":[],"class_list":["post-70109","post","type-post","status-publish","format-standard","has-post-thumbnail","hentry","category-nacion","category-seguridad"],"jetpack_featured_media_url":"https:\/\/diarioavanzada.com.mx\/wp-content\/uploads\/2024\/12\/img_2564-1.jpg","jetpack-related-posts":[],"jetpack_sharing_enabled":true,"amp_enabled":true,"_links":{"self":[{"href":"https:\/\/diarioavanzada.com.mx\/index.php?rest_route=\/wp\/v2\/posts\/70109","targetHints":{"allow":["GET"]}}],"collection":[{"href":"https:\/\/diarioavanzada.com.mx\/index.php?rest_route=\/wp\/v2\/posts"}],"about":[{"href":"https:\/\/diarioavanzada.com.mx\/index.php?rest_route=\/wp\/v2\/types\/post"}],"author":[{"embeddable":true,"href":"https:\/\/diarioavanzada.com.mx\/index.php?rest_route=\/wp\/v2\/users\/7"}],"replies":[{"embeddable":true,"href":"https:\/\/diarioavanzada.com.mx\/index.php?rest_route=%2Fwp%2Fv2%2Fcomments&post=70109"}],"version-history":[{"count":1,"href":"https:\/\/diarioavanzada.com.mx\/index.php?rest_route=\/wp\/v2\/posts\/70109\/revisions"}],"predecessor-version":[{"id":70111,"href":"https:\/\/diarioavanzada.com.mx\/index.php?rest_route=\/wp\/v2\/posts\/70109\/revisions\/70111"}],"wp:featuredmedia":[{"embeddable":true,"href":"https:\/\/diarioavanzada.com.mx\/index.php?rest_route=\/wp\/v2\/media\/70110"}],"wp:attachment":[{"href":"https:\/\/diarioavanzada.com.mx\/index.php?rest_route=%2Fwp%2Fv2%2Fmedia&parent=70109"}],"wp:term":[{"taxonomy":"category","embeddable":true,"href":"https:\/\/diarioavanzada.com.mx\/index.php?rest_route=%2Fwp%2Fv2%2Fcategories&post=70109"},{"taxonomy":"post_tag","embeddable":true,"href":"https:\/\/diarioavanzada.com.mx\/index.php?rest_route=%2Fwp%2Fv2%2Ftags&post=70109"}],"curies":[{"name":"wp","href":"https:\/\/api.w.org\/{rel}","templated":true}]}}