{"id":70084,"date":"2025-01-02T11:58:50","date_gmt":"2025-01-02T17:58:50","guid":{"rendered":"https:\/\/diarioavanzada.com.mx\/?p=70084"},"modified":"2025-01-02T12:13:55","modified_gmt":"2025-01-02T18:13:55","slug":"mas-de-90-mil-trabajadores-colimenses-laboran-en-condiciones-criticas","status":"publish","type":"post","link":"https:\/\/diarioavanzada.com.mx\/?p=70084","title":{"rendered":"M\u00e1s de 90 mil trabajadores colimenses laboran en condiciones cr\u00edticas"},"content":{"rendered":"\n<p class=\"wp-block-paragraph\">Colima, M\u00e9xico, Avanzada (02\/01\/2025).- En el \u00faltimo a\u00f1o, la Tasa de Condiciones Cr\u00edticas de Ocupaci\u00f3n (TCCO) de los trabajadores colimenses se elev\u00f3 de 21 a 23.6 por ciento, de acuerdo con la m\u00e1s reciente Encuesta Nacional de Ocupaci\u00f3n y Empleo (ENOE) aplicada por el Instituto Nacional de Estad\u00edstica y Geograf\u00eda (Inegi).<\/p>\n\n\n\n<p class=\"wp-block-paragraph\">Esto significa que durante el tercer trimestre de 2024 hubo 90 mil 642 trabajadores de la entidad laborando en esas circunstancias, seg\u00fan los resultados del instrumento de medici\u00f3n del organismo federal.<\/p>\n\n\n\n<p class=\"wp-block-paragraph\">La Tasa de Condiciones Cr\u00edticas de Ocupaci\u00f3n comprende a las personas ocupadas que laboraron menos de 35 horas por razones de mercado, a quienes trabajaron entre 35 y 48 horas semanales y percibieron ingresos de hasta un salario m\u00ednimo, y a los ocupados en jornadas de trabajo por m\u00e1s de 48 horas semanales e ingresos entre uno y dos salarios m\u00ednimos.<\/p>\n\n\n\n<p class=\"wp-block-paragraph\">La encuesta revel\u00f3 adem\u00e1s que en el tercer trimestre del a\u00f1o reci\u00e9n concluido laboraron en condiciones cr\u00edticas 25.1 por ciento de hombres y 21.7 por ciento de mujeres.<\/p>\n\n\n\n<p class=\"wp-block-paragraph\">Mientras tanto, la tasa de subocupaci\u00f3n se elev\u00f3 en 2024 a 6.9 por ciento de la Poblaci\u00f3n Econ\u00f3micamente Activa, en comparaci\u00f3n con el 5.2 por ciento que hab\u00eda registrado en el mismo periodo de 2023.<\/p>\n\n\n\n<p class=\"wp-block-paragraph\">En el tercer trimestre de 2023 hubo 19 mil 614 personas ocupadas con necesidad y disponibilidad de ofrecer m\u00e1s tiempo de trabajo de lo que su ocupaci\u00f3n les demanda ba en ese momento, mientras que en el tercer trimestre de 2024, este grupo sum\u00f3 26 mil 011 personas.<\/p>\n\n\n\n<p class=\"wp-block-paragraph\">Seg\u00fan sexo, la poblaci\u00f3n subocupada masculina pas\u00f3 de 11 mil 716 a 15 mil 100 y la femenina, de 7 mil 898 a 10 mil 911, en el periodo referido.<\/p>\n\n\n\n<p class=\"wp-block-paragraph\">En tanto, en el tercer trimestre de 2024, en Colima la poblaci\u00f3n que se encontraba sin trabajar, pero que estaba disponible y busc\u00f3 trabajo en el mes previo a la entrevista, fue de 2.3 % de la PEA.<\/p>\n\n\n\n<p class=\"wp-block-paragraph\">En el mismo trimestre del a\u00f1o anterior, esta poblaci\u00f3n represent\u00f3 2.6 por ciento. En t\u00e9rminos absolutos, la poblaci\u00f3n desocupada fue de 8 mil 986 personas, 971 menos que en el tercer trimestre de 2023.<\/p>\n<div class=\"fb-background-color\">\n\t\t\t  <div \n\t\t\t  \tclass = \"fb-comments\" \n\t\t\t  \tdata-href = \"https:\/\/diarioavanzada.com.mx\/?p=70084\"\n\t\t\t  \tdata-numposts = \"10\"\n\t\t\t  \tdata-lazy = \"true\"\n\t\t\t\tdata-colorscheme = \"light\"\n\t\t\t\tdata-order-by = \"social\"\n\t\t\t\tdata-mobile=true>\n\t\t\t  <\/div><\/div>\n\t\t  <style>\n\t\t    .fb-background-color {\n\t\t\t\tbackground:  !important;\n\t\t\t}\n\t\t\t.fb_iframe_widget_fluid_desktop iframe {\n\t\t\t    width: 100% !important;\n\t\t\t}\n\t\t  <\/style>\n\t\t  ","protected":false},"excerpt":{"rendered":"<p>Colima, M\u00e9xico, Avanzada (02\/01\/2025).- En el \u00faltimo a\u00f1o, la Tasa de Condiciones Cr\u00edticas de Ocupaci\u00f3n (TCCO) de los trabajadores colimenses se elev\u00f3 de 21 a 23.6 por ciento, de acuerdo con la m\u00e1s reciente Encuesta Nacional de Ocupaci\u00f3n y Empleo (ENOE) aplicada por el Instituto Nacional de Estad\u00edstica y Geograf\u00eda (Inegi). Esto significa que durante [&hellip;]<\/p>\n","protected":false},"author":7,"featured_media":70205,"comment_status":"closed","ping_status":"closed","sticky":false,"template":"","format":"standard","meta":{"_coblocks_attr":"","_coblocks_dimensions":"","_coblocks_responsive_height":"","_coblocks_accordion_ie_support":"","_crdt_document":"","advanced_seo_description":"","jetpack_seo_html_title":"","jetpack_seo_noindex":false,"_jetpack_memberships_contains_paid_content":false,"footnotes":""},"categories":[19,209,7],"tags":[],"class_list":["post-70084","post","type-post","status-publish","format-standard","has-post-thumbnail","hentry","category-colima","category-importantes","category-noticias"],"jetpack_featured_media_url":"https:\/\/diarioavanzada.com.mx\/wp-content\/uploads\/2025\/01\/img_6044-1.jpg","jetpack-related-posts":[],"jetpack_sharing_enabled":true,"amp_enabled":true,"_links":{"self":[{"href":"https:\/\/diarioavanzada.com.mx\/index.php?rest_route=\/wp\/v2\/posts\/70084","targetHints":{"allow":["GET"]}}],"collection":[{"href":"https:\/\/diarioavanzada.com.mx\/index.php?rest_route=\/wp\/v2\/posts"}],"about":[{"href":"https:\/\/diarioavanzada.com.mx\/index.php?rest_route=\/wp\/v2\/types\/post"}],"author":[{"embeddable":true,"href":"https:\/\/diarioavanzada.com.mx\/index.php?rest_route=\/wp\/v2\/users\/7"}],"replies":[{"embeddable":true,"href":"https:\/\/diarioavanzada.com.mx\/index.php?rest_route=%2Fwp%2Fv2%2Fcomments&post=70084"}],"version-history":[{"count":3,"href":"https:\/\/diarioavanzada.com.mx\/index.php?rest_route=\/wp\/v2\/posts\/70084\/revisions"}],"predecessor-version":[{"id":70206,"href":"https:\/\/diarioavanzada.com.mx\/index.php?rest_route=\/wp\/v2\/posts\/70084\/revisions\/70206"}],"wp:featuredmedia":[{"embeddable":true,"href":"https:\/\/diarioavanzada.com.mx\/index.php?rest_route=\/wp\/v2\/media\/70205"}],"wp:attachment":[{"href":"https:\/\/diarioavanzada.com.mx\/index.php?rest_route=%2Fwp%2Fv2%2Fmedia&parent=70084"}],"wp:term":[{"taxonomy":"category","embeddable":true,"href":"https:\/\/diarioavanzada.com.mx\/index.php?rest_route=%2Fwp%2Fv2%2Fcategories&post=70084"},{"taxonomy":"post_tag","embeddable":true,"href":"https:\/\/diarioavanzada.com.mx\/index.php?rest_route=%2Fwp%2Fv2%2Ftags&post=70084"}],"curies":[{"name":"wp","href":"https:\/\/api.w.org\/{rel}","templated":true}]}}