{"id":70078,"date":"2024-12-30T15:41:17","date_gmt":"2024-12-30T21:41:17","guid":{"rendered":"https:\/\/diarioavanzada.com.mx\/?p=70078"},"modified":"2024-12-30T15:42:42","modified_gmt":"2024-12-30T21:42:42","slug":"se-busca-osbaldo-tiene-14-anos-desaparecio-el-27-de-diciembre-en-villa-de-alvarez","status":"publish","type":"post","link":"https:\/\/diarioavanzada.com.mx\/?p=70078","title":{"rendered":"Se busca: Osbaldo tiene 14 a\u00f1os, desapareci\u00f3 el 27 de diciembre en Villa de \u00c1lvarez"},"content":{"rendered":"\n<p class=\"p1 wp-block-paragraph\">Colima, M\u00e9xico, Avanzada (30\/12\/2024).- La Comisi\u00f3n de B\u00fasqueda de Personas del Estado de Colima emiti\u00f3 un bolet\u00edn para localizar a Osbaldo Javier de la Rosa Maga\u00f1a, un adolescente de 14 a\u00f1os que fue visto por \u00faltima vez el pasado 27 de diciembre en el municipio de Villa de \u00c1lvarez.<\/p>\n\n\n\n<p class=\"p1 wp-block-paragraph\">Osbaldo mide 1.70 metros, tiene cabello corto y ondulado de color negro, ojos caf\u00e9 oscuro y tez morena. Entre sus se\u00f1as particulares destaca una cicatriz en la ceja izquierda. Al momento de su desaparici\u00f3n, vest\u00eda un pantal\u00f3n de mezclilla negro, una camiseta roja con letras blancas, tenis blancos con rojo de la marca \u201cNike\u201d y una chamarra negra.<\/p>\n\n\n\n<p class=\"p1 wp-block-paragraph\">El reporte de su ausencia se realiz\u00f3 el 30 de diciembre, y las autoridades han solicitado el apoyo de la ciudadan\u00eda para aportar cualquier informaci\u00f3n que pueda ayudar a localizarlo.<\/p>\n\n\n\n<p class=\"p1 wp-block-paragraph\">Si tiene informaci\u00f3n sobre su paradero, puede comunicarse al n\u00famero 312 131 3809. Su colaboraci\u00f3n puede ser crucial para reunir a Osbaldo con su familia.<\/p>\n\n\n\n<figure class=\"wp-block-image size-large\"><img loading=\"lazy\" decoding=\"async\" width=\"940\" height=\"788\" src=\"https:\/\/diarioavanzada.com.mx\/wp-content\/uploads\/2024\/12\/img_2499-1.jpg\" alt=\"\" class=\"wp-image-70079\" srcset=\"https:\/\/diarioavanzada.com.mx\/wp-content\/uploads\/2024\/12\/img_2499-1.jpg 940w, https:\/\/diarioavanzada.com.mx\/wp-content\/uploads\/2024\/12\/img_2499-1-300x251.jpg 300w, https:\/\/diarioavanzada.com.mx\/wp-content\/uploads\/2024\/12\/img_2499-1-768x644.jpg 768w\" sizes=\"auto, (max-width: 940px) 100vw, 940px\" \/><\/figure>\n<div class=\"fb-background-color\">\n\t\t\t  <div \n\t\t\t  \tclass = \"fb-comments\" \n\t\t\t  \tdata-href = \"https:\/\/diarioavanzada.com.mx\/?p=70078\"\n\t\t\t  \tdata-numposts = \"10\"\n\t\t\t  \tdata-lazy = \"true\"\n\t\t\t\tdata-colorscheme = \"light\"\n\t\t\t\tdata-order-by = \"social\"\n\t\t\t\tdata-mobile=true>\n\t\t\t  <\/div><\/div>\n\t\t  <style>\n\t\t    .fb-background-color {\n\t\t\t\tbackground:  !important;\n\t\t\t}\n\t\t\t.fb_iframe_widget_fluid_desktop iframe {\n\t\t\t    width: 100% !important;\n\t\t\t}\n\t\t  <\/style>\n\t\t  ","protected":false},"excerpt":{"rendered":"<p>Colima, M\u00e9xico, Avanzada (30\/12\/2024).- La Comisi\u00f3n de B\u00fasqueda de Personas del Estado de Colima emiti\u00f3 un bolet\u00edn para localizar a Osbaldo Javier de la Rosa Maga\u00f1a, un adolescente de 14 a\u00f1os que fue visto por \u00faltima vez el pasado 27 de diciembre en el municipio de Villa de \u00c1lvarez. Osbaldo mide 1.70 metros, tiene cabello [&hellip;]<\/p>\n","protected":false},"author":7,"featured_media":70080,"comment_status":"closed","ping_status":"closed","sticky":false,"template":"","format":"standard","meta":{"_coblocks_attr":"","_coblocks_dimensions":"","_coblocks_responsive_height":"","_coblocks_accordion_ie_support":"","_crdt_document":"","advanced_seo_description":"","jetpack_seo_html_title":"","jetpack_seo_noindex":false,"_jetpack_memberships_contains_paid_content":false,"footnotes":""},"categories":[19,209,7,231],"tags":[],"class_list":["post-70078","post","type-post","status-publish","format-standard","has-post-thumbnail","hentry","category-colima","category-importantes","category-noticias","category-seguridad"],"jetpack_featured_media_url":"https:\/\/diarioavanzada.com.mx\/wp-content\/uploads\/2024\/12\/img_2500-1.jpg","jetpack-related-posts":[],"jetpack_sharing_enabled":true,"amp_enabled":true,"_links":{"self":[{"href":"https:\/\/diarioavanzada.com.mx\/index.php?rest_route=\/wp\/v2\/posts\/70078","targetHints":{"allow":["GET"]}}],"collection":[{"href":"https:\/\/diarioavanzada.com.mx\/index.php?rest_route=\/wp\/v2\/posts"}],"about":[{"href":"https:\/\/diarioavanzada.com.mx\/index.php?rest_route=\/wp\/v2\/types\/post"}],"author":[{"embeddable":true,"href":"https:\/\/diarioavanzada.com.mx\/index.php?rest_route=\/wp\/v2\/users\/7"}],"replies":[{"embeddable":true,"href":"https:\/\/diarioavanzada.com.mx\/index.php?rest_route=%2Fwp%2Fv2%2Fcomments&post=70078"}],"version-history":[{"count":3,"href":"https:\/\/diarioavanzada.com.mx\/index.php?rest_route=\/wp\/v2\/posts\/70078\/revisions"}],"predecessor-version":[{"id":70083,"href":"https:\/\/diarioavanzada.com.mx\/index.php?rest_route=\/wp\/v2\/posts\/70078\/revisions\/70083"}],"wp:featuredmedia":[{"embeddable":true,"href":"https:\/\/diarioavanzada.com.mx\/index.php?rest_route=\/wp\/v2\/media\/70080"}],"wp:attachment":[{"href":"https:\/\/diarioavanzada.com.mx\/index.php?rest_route=%2Fwp%2Fv2%2Fmedia&parent=70078"}],"wp:term":[{"taxonomy":"category","embeddable":true,"href":"https:\/\/diarioavanzada.com.mx\/index.php?rest_route=%2Fwp%2Fv2%2Fcategories&post=70078"},{"taxonomy":"post_tag","embeddable":true,"href":"https:\/\/diarioavanzada.com.mx\/index.php?rest_route=%2Fwp%2Fv2%2Ftags&post=70078"}],"curies":[{"name":"wp","href":"https:\/\/api.w.org\/{rel}","templated":true}]}}