{"id":70061,"date":"2024-12-30T06:26:55","date_gmt":"2024-12-30T12:26:55","guid":{"rendered":"https:\/\/diarioavanzada.com.mx\/?p=70061"},"modified":"2024-12-30T06:26:55","modified_gmt":"2024-12-30T12:26:55","slug":"bienvenidos-los-politicos-a-las-cifras-y-las-estadisticas","status":"publish","type":"post","link":"https:\/\/diarioavanzada.com.mx\/?p=70061","title":{"rendered":"Bienvenidos los pol\u00edticos a las cifras y las estad\u00edsticas"},"content":{"rendered":"\n<p class=\"p1 wp-block-paragraph\">Columna<\/p>\n\n\n\n<p class=\"p1 wp-block-paragraph\">El Puercoesp\u00edn<\/p>\n\n\n\n<p class=\"p1 wp-block-paragraph\">Los c\u00e1rteles poco a poco, y con base en los hechos p\u00fablicos, han venido dominando los territorios urbanos del estado de Colima. Principiaron con la zona urbana norte que incluye Colima, Villa de \u00c1lvarez, Coquimatl\u00e1n y Cuauht\u00e9moc -su expansi\u00f3n es evidente- con la conexi\u00f3n de Manzanillo, Armer\u00eda hasta Cuauht\u00e9moc, en el estado de Colima las zonas de eventos violentos crecen con consistencia, porque la ruta concluye en Guadalajara. No es una mera coincidencia la llegada de Rosi Bayardo a la presidencia municipal de Manzanillo con el aumento de la violencia desde el puerto colimense hasta la metr\u00f3poli tapat\u00eda.<\/p>\n\n\n\n<p class=\"p1 wp-block-paragraph\">La responsable del Ejecutivo estatal se molesta cada vez que los periodistas cumplen con su obligaci\u00f3n de preguntar. El d\u00eda que el rector de la Ucol present\u00f3 su informe el director del portal Lealtad Noticias le hizo la pregunta prohibida \u00bfC\u00f3mo sigue la violencia en Colima? La gobernadora manifest\u00f3 con su lenguaje corporal, con un gesto de desprecio en la cara y con palabras groseras dici\u00e9ndole \u00bfY por qu\u00e9 no revisas las estad\u00edsticas? Se dio la media vuelta y continu\u00f3 su camino.<\/p>\n\n\n\n<p class=\"p1 wp-block-paragraph\">La violencia se ha normalizado y las chicas de la <strong><em>Mafia de las Amiguis<\/em><\/strong> se muestran derrotadas, irritadas, irascibles. El cobro de piso por parte del crimen organizado en Colima tambi\u00e9n se ha normalizado, como tambi\u00e9n se han normalizado la quema autos y camiones, de negocios restauranteros y de venta de autos usados. La hip\u00f3tesis generalizada y m\u00e1s conveniente para el gobierno es aquella que habla de que se est\u00e1n matando entre ellos, los narcotraficantes.<\/p>\n\n\n\n<p class=\"p1 wp-block-paragraph\">Otra forma de controlar el estado es controlando la red y circuitos de los espect\u00e1culos que es en el que acabamos de ver una escena tr\u00e1gica y conmovedora.<\/p>\n\n\n\n<p class=\"p1 wp-block-paragraph\">La tarde de este 27 de diciembre en un atentado perpetrado en la plaza Sendera en el municipio de Villa de \u00c1lvarez, Colima, fueron privados de la vida Roberto Bravo Flores, quien fung\u00eda como director del Instituto de Festejos Charrotaurinos y Exposiciones de Villa de \u00c1lvarez, adem\u00e1s asesinaron a Alejandro \u00c1valos Rivera, empresario presumiblemente ligado al narcotraficante Abel Cisneros Segura, se\u00f1alado como principal generador de violencia en el estado de Colima.<\/p>\n\n\n\n<p class=\"p1 wp-block-paragraph\">En las redes sociales se informa, de diversas fuentes, que este ataque fue orquestado por los hermanos Rub\u00e9n y C\u00e9sar \u201cN\u201d, as\u00ed como a Jos\u00e9 Mar\u00eda \u201cN\u201d, derivado de disputas personales por el control de las pr\u00f3ximas fiestas Charrotaurinas del municipio de Villa de \u00c1lvarez, Colima, al haber sido desplazados en el manejo de las mismas.<\/p>\n\n\n\n<p class=\"p1 wp-block-paragraph\">Est\u00e1s disputas se habr\u00edan generado ante el nombramiento dado por la presidenta municipal de Villa de \u00c1lvarez, Colima, la profesora Tey Guti\u00e9rrez el pasado 11 de noviembre a Bravo Flores como nuevo director del IFCEVA, pues estar\u00eda incumpliendo un supuesto pacto con los miembros del crimen organizado que controlan los circuitos de los espect\u00e1culos.<\/p>\n\n\n\n<p class=\"p1 wp-block-paragraph\">Lo anterior significa, de acuerdo a los cr\u00edmenes p\u00fablicos, que el crimen organizado est\u00e1 en sus mejores momentos del cobro de piso, que tienen controlados los espacios habitacionales como son el Mezcalito, El Zalat\u00f2n de Ju\u00e1rez, Las Amarillas y La Manuel Gallardo.<\/p>\n\n\n\n<p class=\"p1 wp-block-paragraph\">Los asesinatos de Alejandro \u00c1valos y Roberto Bravo es un crimen de alto impacto que pone al descubierto quienes controlan los circuitos de los espect\u00e1culos.<\/p>\n\n\n\n<p class=\"p1 wp-block-paragraph\">El s\u00e1bado 28, Audel Arnoldo Hern\u00e1ndez Sol\u00eds, secretario del Juzgado Segundo de Distrito en el estado de Colima, fue asesinado por la ma\u00f1ana en una birrier\u00eda ubicada en el kil\u00f3metro 15 de la autopista Colima-Guadalajara, en el municipio de Cuauht\u00e9moc.&nbsp;<\/p>\n\n\n\n<p class=\"p1 wp-block-paragraph\">De acuerdo con versiones extraoficiales, dos hombres a bordo de motocicletas ingresaron al establecimiento y, sin mediar palabra, dispararon contra el funcionario, quien falleci\u00f3 de manera instant\u00e1nea. Los agresores huyeron del lugar con total impunidad.<\/p>\n\n\n\n<p class=\"p1 wp-block-paragraph\">Hern\u00e1ndez Sol\u00eds contaba con una destacada trayectoria en el \u00e1mbito judicial, con m\u00e1s de 25 a\u00f1os de experiencia. Era licenciado en Derecho por la Universidad de Colima y hab\u00eda ocupado diversos cargos en el Poder Judicial de la Federaci\u00f3n, desempe\u00f1\u00e1ndose en estados como Chiapas, Tamaulipas, Michoac\u00e1n y Colima. Adem\u00e1s, hab\u00eda cursado diplomados en Derecho Mercantil, el Nuevo Sistema de Justicia Penal y Derecho Sanitario.<\/p>\n\n\n\n<p class=\"p1 wp-block-paragraph\">Los cr\u00edmenes de alto impacto ocurridos el viernes y el s\u00e1bado entran en las cifras y las estad\u00edsticas negras donde se manifiesta la falta de control del gobierno estatal.<\/p>\n\n\n\n<p class=\"p1 wp-block-paragraph\">Tanto en la Villa de \u00c1lvarez, como en Colima, van en aumento los cr\u00edmenes de funcionarios p\u00fablicos de primer nivel: primero mataron al director operativo de la Polic\u00eda Municipal, Rafael Arregu\u00edn Land\u00edn; despu\u00e9s, a tu secretario del ayuntamiento, Jos\u00e9 Alfredo Ch\u00e1vez Gonz\u00e1lez; y ayer, al presidente del Comit\u00e9 de Festejos Charrotaurinos, Roberto Bravo, que se suman a los ex presidentes municipales asesinados, funcionarios de la Fiscal\u00eda, del Poder Judicial Federal, del Poder Judicial estatal, ex diputados y ex gobernador.<\/p>\n\n\n\n<p class=\"p1 wp-block-paragraph\">La mano ejecutora de los criminales ya lleg\u00f3 a las esferas de primer nivel de los gobiernos municipales y estatal.<\/p>\n\n\n\n<p class=\"p1 wp-block-paragraph\">El periodista Oscar Adri\u00e1n en su cuenta de Twitter public\u00f3: \u201cAs\u00ed ha sido todo este sexenio. No informan nada. Est\u00e1n de adorno.<\/p>\n\n\n\n<p class=\"p1 wp-block-paragraph\">Y cuando un reportero les pide informaci\u00f3n de hechos violentos, (como fue el caso de Lealtad Noticias) se emperran los de la Fiscal\u00eda y el Gobierno del Estado.\u201d<\/p>\n\n\n\n<p class=\"p1 wp-block-paragraph\">Y otro tuitero denominado ALEJANDRO 100% DE I\u2026 le responde <strong><em>\u201cBienvenidos los pol\u00edticos a las cifras y estad\u00edsticas\u201d.<\/em><\/strong><\/p>\n\n\n\n<p class=\"p1 wp-block-paragraph\">Tiene raz\u00f3n ALEJANDRO 100%&#8230; en cualquier momento nos vamos a encontrar a todos los pol\u00edticos desde la m\u00e1s baja hasta el de m\u00e1s alta jerarqu\u00eda entre las cifras y las estad\u00edsticas: la estad\u00edstica los alcanz\u00f3. La gobernadora fue una vidente, una profetisa. &nbsp;<\/p>\n<div class=\"fb-background-color\">\n\t\t\t  <div \n\t\t\t  \tclass = \"fb-comments\" \n\t\t\t  \tdata-href = \"https:\/\/diarioavanzada.com.mx\/?p=70061\"\n\t\t\t  \tdata-numposts = \"10\"\n\t\t\t  \tdata-lazy = \"true\"\n\t\t\t\tdata-colorscheme = \"light\"\n\t\t\t\tdata-order-by = \"social\"\n\t\t\t\tdata-mobile=true>\n\t\t\t  <\/div><\/div>\n\t\t  <style>\n\t\t    .fb-background-color {\n\t\t\t\tbackground:  !important;\n\t\t\t}\n\t\t\t.fb_iframe_widget_fluid_desktop iframe {\n\t\t\t    width: 100% !important;\n\t\t\t}\n\t\t  <\/style>\n\t\t  ","protected":false},"excerpt":{"rendered":"<p>Columna El Puercoesp\u00edn Los c\u00e1rteles poco a poco, y con base en los hechos p\u00fablicos, han venido dominando los territorios urbanos del estado de Colima. Principiaron con la zona urbana norte que incluye Colima, Villa de \u00c1lvarez, Coquimatl\u00e1n y Cuauht\u00e9moc -su expansi\u00f3n es evidente- con la conexi\u00f3n de Manzanillo, Armer\u00eda hasta Cuauht\u00e9moc, en el estado [&hellip;]<\/p>\n","protected":false},"author":9,"featured_media":70060,"comment_status":"closed","ping_status":"closed","sticky":false,"template":"","format":"standard","meta":{"_coblocks_attr":"","_coblocks_dimensions":"","_coblocks_responsive_height":"","_coblocks_accordion_ie_support":"","advanced_seo_description":"","jetpack_seo_html_title":"","jetpack_seo_noindex":false,"jetpack_seo_schema_type":"","_jetpack_newsletter_access":"","_jetpack_dont_email_post_to_subs":false,"_jetpack_newsletter_tier_id":0,"_jetpack_memberships_contains_paywalled_content":false,"_wpcom_ai_launchpad_first_post":false,"_jetpack_feature_clip_id":0,"_jetpack_memberships_contains_paid_content":false,"footnotes":"","jetpack_post_was_ever_published":false},"categories":[19,209,24],"tags":[],"class_list":["post-70061","post","type-post","status-publish","format-standard","has-post-thumbnail","hentry","category-colima","category-importantes","category-opinion"],"jetpack-related-posts":[],"jetpack_sharing_enabled":true,"amp_enabled":true,"jetpack_featured_media_url":"https:\/\/diarioavanzada.com.mx\/wp-content\/uploads\/2024\/12\/img_2479-1.jpg","_links":{"self":[{"href":"https:\/\/diarioavanzada.com.mx\/index.php?rest_route=\/wp\/v2\/posts\/70061","targetHints":{"allow":["GET"]}}],"collection":[{"href":"https:\/\/diarioavanzada.com.mx\/index.php?rest_route=\/wp\/v2\/posts"}],"about":[{"href":"https:\/\/diarioavanzada.com.mx\/index.php?rest_route=\/wp\/v2\/types\/post"}],"author":[{"embeddable":true,"href":"https:\/\/diarioavanzada.com.mx\/index.php?rest_route=\/wp\/v2\/users\/9"}],"replies":[{"embeddable":true,"href":"https:\/\/diarioavanzada.com.mx\/index.php?rest_route=%2Fwp%2Fv2%2Fcomments&post=70061"}],"version-history":[{"count":0,"href":"https:\/\/diarioavanzada.com.mx\/index.php?rest_route=\/wp\/v2\/posts\/70061\/revisions"}],"wp:featuredmedia":[{"embeddable":true,"href":"https:\/\/diarioavanzada.com.mx\/index.php?rest_route=\/wp\/v2\/media\/70060"}],"wp:attachment":[{"href":"https:\/\/diarioavanzada.com.mx\/index.php?rest_route=%2Fwp%2Fv2%2Fmedia&parent=70061"}],"wp:term":[{"taxonomy":"category","embeddable":true,"href":"https:\/\/diarioavanzada.com.mx\/index.php?rest_route=%2Fwp%2Fv2%2Fcategories&post=70061"},{"taxonomy":"post_tag","embeddable":true,"href":"https:\/\/diarioavanzada.com.mx\/index.php?rest_route=%2Fwp%2Fv2%2Ftags&post=70061"}],"curies":[{"name":"wp","href":"https:\/\/api.w.org\/{rel}","templated":true}]}}