{"id":70050,"date":"2024-12-29T17:54:00","date_gmt":"2024-12-29T23:54:00","guid":{"rendered":"https:\/\/diarioavanzada.com.mx\/?p=70050"},"modified":"2024-12-29T17:55:08","modified_gmt":"2024-12-29T23:55:08","slug":"se-busca-dulce-belen-tiene-15-anos-de-edad-desaparecio-el-28-de-diciembre-en-tecoman","status":"publish","type":"post","link":"https:\/\/diarioavanzada.com.mx\/?p=70050","title":{"rendered":"Se busca: Dulce Bel\u00e9n tiene 15 a\u00f1os de edad, desapareci\u00f3 el 28 de diciembre en Tecom\u00e1n"},"content":{"rendered":"\n<p class=\"p1 wp-block-paragraph\">Colima, M\u00e9xico, Avanzada (29\/12\/2024).-La Comisi\u00f3n de B\u00fasqueda de Personas del Estado de Colima solicita el apoyo de la ciudadan\u00eda para localizar a Dulce Bel\u00e9n L\u00f3pez Medina, una adolescente de 15 a\u00f1os, desaparecida en el municipio de Tecom\u00e1n el pasado 28 de diciembre de 2024. La denuncia de su desaparici\u00f3n se present\u00f3 un d\u00eda despu\u00e9s, el 29 de diciembre.<\/p>\n\n\n\n<p class=\"p1 wp-block-paragraph\">Dulce Bel\u00e9n mide 1.58 metros, tiene rostro redondo, tez blanca, ojos medianos color caf\u00e9 oscuro y cabello corto, ondulado y negro. Como se\u00f1as particulares, tiene un lunar tipo verruga en la nariz y otro sobre la ceja derecha.<\/p>\n\n\n\n<p class=\"p1 wp-block-paragraph\">Al momento de su desaparici\u00f3n, vest\u00eda un short y una playera de cuello redondo y manga corta.<\/p>\n\n\n\n<p class=\"p1 wp-block-paragraph\">Si tienes informaci\u00f3n sobre su paradero, por favor comun\u00edcate al 312 131 3809. Tu colaboraci\u00f3n puede ser clave para encontrarla.<\/p>\n\n\n\n<p class=\"p1 wp-block-paragraph\"><\/p>\n\n\n\n<p class=\"p1 wp-block-paragraph\"><\/p>\n\n\n\n<p class=\"p1 wp-block-paragraph\"><\/p>\n\n\n\n<figure class=\"wp-block-image size-large\"><img loading=\"lazy\" decoding=\"async\" width=\"940\" height=\"788\" src=\"https:\/\/diarioavanzada.com.mx\/wp-content\/uploads\/2024\/12\/img_1932-1.jpg\" alt=\"\" class=\"wp-image-70049\" srcset=\"https:\/\/diarioavanzada.com.mx\/wp-content\/uploads\/2024\/12\/img_1932-1.jpg 940w, https:\/\/diarioavanzada.com.mx\/wp-content\/uploads\/2024\/12\/img_1932-1-300x251.jpg 300w, https:\/\/diarioavanzada.com.mx\/wp-content\/uploads\/2024\/12\/img_1932-1-768x644.jpg 768w\" sizes=\"auto, (max-width: 940px) 100vw, 940px\" \/><\/figure>\n<div class=\"fb-background-color\">\n\t\t\t  <div \n\t\t\t  \tclass = \"fb-comments\" \n\t\t\t  \tdata-href = \"https:\/\/diarioavanzada.com.mx\/?p=70050\"\n\t\t\t  \tdata-numposts = \"10\"\n\t\t\t  \tdata-lazy = \"true\"\n\t\t\t\tdata-colorscheme = \"light\"\n\t\t\t\tdata-order-by = \"social\"\n\t\t\t\tdata-mobile=true>\n\t\t\t  <\/div><\/div>\n\t\t  <style>\n\t\t    .fb-background-color {\n\t\t\t\tbackground:  !important;\n\t\t\t}\n\t\t\t.fb_iframe_widget_fluid_desktop iframe {\n\t\t\t    width: 100% !important;\n\t\t\t}\n\t\t  <\/style>\n\t\t  ","protected":false},"excerpt":{"rendered":"<p>Colima, M\u00e9xico, Avanzada (29\/12\/2024).-La Comisi\u00f3n de B\u00fasqueda de Personas del Estado de Colima solicita el apoyo de la ciudadan\u00eda para localizar a Dulce Bel\u00e9n L\u00f3pez Medina, una adolescente de 15 a\u00f1os, desaparecida en el municipio de Tecom\u00e1n el pasado 28 de diciembre de 2024. La denuncia de su desaparici\u00f3n se present\u00f3 un d\u00eda despu\u00e9s, el [&hellip;]<\/p>\n","protected":false},"author":7,"featured_media":70051,"comment_status":"closed","ping_status":"closed","sticky":false,"template":"","format":"standard","meta":{"_coblocks_attr":"","_coblocks_dimensions":"","_coblocks_responsive_height":"","_coblocks_accordion_ie_support":"","_crdt_document":"","advanced_seo_description":"","jetpack_seo_html_title":"","jetpack_seo_noindex":false,"_jetpack_memberships_contains_paid_content":false,"footnotes":""},"categories":[19,209,7,231],"tags":[],"class_list":["post-70050","post","type-post","status-publish","format-standard","has-post-thumbnail","hentry","category-colima","category-importantes","category-noticias","category-seguridad"],"jetpack_featured_media_url":"https:\/\/diarioavanzada.com.mx\/wp-content\/uploads\/2024\/12\/img_1933-1.jpg","jetpack-related-posts":[],"jetpack_sharing_enabled":true,"amp_enabled":true,"_links":{"self":[{"href":"https:\/\/diarioavanzada.com.mx\/index.php?rest_route=\/wp\/v2\/posts\/70050","targetHints":{"allow":["GET"]}}],"collection":[{"href":"https:\/\/diarioavanzada.com.mx\/index.php?rest_route=\/wp\/v2\/posts"}],"about":[{"href":"https:\/\/diarioavanzada.com.mx\/index.php?rest_route=\/wp\/v2\/types\/post"}],"author":[{"embeddable":true,"href":"https:\/\/diarioavanzada.com.mx\/index.php?rest_route=\/wp\/v2\/users\/7"}],"replies":[{"embeddable":true,"href":"https:\/\/diarioavanzada.com.mx\/index.php?rest_route=%2Fwp%2Fv2%2Fcomments&post=70050"}],"version-history":[{"count":3,"href":"https:\/\/diarioavanzada.com.mx\/index.php?rest_route=\/wp\/v2\/posts\/70050\/revisions"}],"predecessor-version":[{"id":70054,"href":"https:\/\/diarioavanzada.com.mx\/index.php?rest_route=\/wp\/v2\/posts\/70050\/revisions\/70054"}],"wp:featuredmedia":[{"embeddable":true,"href":"https:\/\/diarioavanzada.com.mx\/index.php?rest_route=\/wp\/v2\/media\/70051"}],"wp:attachment":[{"href":"https:\/\/diarioavanzada.com.mx\/index.php?rest_route=%2Fwp%2Fv2%2Fmedia&parent=70050"}],"wp:term":[{"taxonomy":"category","embeddable":true,"href":"https:\/\/diarioavanzada.com.mx\/index.php?rest_route=%2Fwp%2Fv2%2Fcategories&post=70050"},{"taxonomy":"post_tag","embeddable":true,"href":"https:\/\/diarioavanzada.com.mx\/index.php?rest_route=%2Fwp%2Fv2%2Ftags&post=70050"}],"curies":[{"name":"wp","href":"https:\/\/api.w.org\/{rel}","templated":true}]}}