{"id":70010,"date":"2024-12-28T19:59:22","date_gmt":"2024-12-29T01:59:22","guid":{"rendered":"https:\/\/diarioavanzada.com.mx\/?p=70010"},"modified":"2024-12-28T19:59:22","modified_gmt":"2024-12-29T01:59:22","slug":"detienen-a-dos-integrantes-del-cartel-independiente-de-acapulco","status":"publish","type":"post","link":"https:\/\/diarioavanzada.com.mx\/?p=70010","title":{"rendered":"Detienen a dos integrantes del C\u00e1rtel Independiente de Acapulco"},"content":{"rendered":"\n<p class=\"wp-block-paragraph\"><em>Se han detenido a m\u00e1s de 26 generadores de violencia, integrantes de la c\u00e9lula delictiva \u201cC\u00e1rtel Independiente de Acapulco\u201d.<\/em><\/p>\n\n\n\n<p class=\"wp-block-paragraph\">Guerrero, M\u00e9xico, Comunicado (28\/12\/2024).- La Fiscal\u00eda General del Estado (FGE Guerrero), la Secretar\u00eda de la Defensa Nacional (SEDENA), la Guardia Nacional (GN) y la Secretar\u00eda de Seguridad P\u00fablica de Guerrero (SSP Guerrero), lograron la detenci\u00f3n de dos hombres, presuntos integrantes del &#8220;C\u00e1rtel Independiente de Acapulco&#8221;. Durante la intervenci\u00f3n, se les aseguraron un arma de fuego, cargadores y un veh\u00edculo en Acapulco.<\/p>\n\n\n\n<p class=\"wp-block-paragraph\">Las acciones coordinadas en materia de procuraci\u00f3n de justicia y seguridad, desplegadas en el poblado de La Venta, en el citado municipio, permitieron la detenci\u00f3n de Dagoberto &#8220;N&#8221; y Efra\u00edn &#8220;N&#8221;, quienes viajaban en un veh\u00edculo Toyota tipo hatchback. Al notar la presencia del personal de seguridad, intentaron huir; a estos individuos se les aseguraron un arma larga, tres cargadores, m\u00e1s de 50 cartuchos \u00fatiles, adem\u00e1s del veh\u00edculo mencionado.<\/p>\n\n\n\n<p class=\"wp-block-paragraph\">Los detenidos fueron informados de sus derechos constitucionales y, junto con los objetos asegurados, fueron puestos a disposici\u00f3n de la Agencia del Ministerio P\u00fablico correspondiente, que ser\u00e1 la encargada de resolver su situaci\u00f3n jur\u00eddica y de continuar las investigaciones.<\/p>\n\n\n\n<p class=\"wp-block-paragraph\">En diversas operaciones realizadas en el puerto, esta Fiscal\u00eda ha detenido a m\u00e1s de 26 generadores de violencia, integrantes de la c\u00e9lula delictiva \u201cC\u00e1rtel Independiente de Acapulco\u201d. Estas acciones contribuyen a debilitar significativamente la estructura de este grupo criminal y a mejorar la seguridad de las familias guerrerenses.<\/p>\n\n\n\n<p class=\"wp-block-paragraph\"><\/p>\n\n\n\n<p class=\"wp-block-paragraph\"><\/p>\n<div class=\"fb-background-color\">\n\t\t\t  <div \n\t\t\t  \tclass = \"fb-comments\" \n\t\t\t  \tdata-href = \"https:\/\/diarioavanzada.com.mx\/?p=70010\"\n\t\t\t  \tdata-numposts = \"10\"\n\t\t\t  \tdata-lazy = \"true\"\n\t\t\t\tdata-colorscheme = \"light\"\n\t\t\t\tdata-order-by = \"social\"\n\t\t\t\tdata-mobile=true>\n\t\t\t  <\/div><\/div>\n\t\t  <style>\n\t\t    .fb-background-color {\n\t\t\t\tbackground:  !important;\n\t\t\t}\n\t\t\t.fb_iframe_widget_fluid_desktop iframe {\n\t\t\t    width: 100% !important;\n\t\t\t}\n\t\t  <\/style>\n\t\t  ","protected":false},"excerpt":{"rendered":"<p>Se han detenido a m\u00e1s de 26 generadores de violencia, integrantes de la c\u00e9lula delictiva \u201cC\u00e1rtel Independiente de Acapulco\u201d. Guerrero, M\u00e9xico, Comunicado (28\/12\/2024).- La Fiscal\u00eda General del Estado (FGE Guerrero), la Secretar\u00eda de la Defensa Nacional (SEDENA), la Guardia Nacional (GN) y la Secretar\u00eda de Seguridad P\u00fablica de Guerrero (SSP Guerrero), lograron la detenci\u00f3n de [&hellip;]<\/p>\n","protected":false},"author":7,"featured_media":70009,"comment_status":"closed","ping_status":"closed","sticky":false,"template":"","format":"standard","meta":{"_coblocks_attr":"","_coblocks_dimensions":"","_coblocks_responsive_height":"","_coblocks_accordion_ie_support":"","_crdt_document":"","advanced_seo_description":"","jetpack_seo_html_title":"","jetpack_seo_noindex":false,"_jetpack_memberships_contains_paid_content":false,"footnotes":""},"categories":[22,231],"tags":[],"class_list":["post-70010","post","type-post","status-publish","format-standard","has-post-thumbnail","hentry","category-nacion","category-seguridad"],"jetpack_featured_media_url":"https:\/\/diarioavanzada.com.mx\/wp-content\/uploads\/2024\/12\/img_2428-1.jpg","jetpack-related-posts":[],"jetpack_sharing_enabled":true,"amp_enabled":true,"_links":{"self":[{"href":"https:\/\/diarioavanzada.com.mx\/index.php?rest_route=\/wp\/v2\/posts\/70010","targetHints":{"allow":["GET"]}}],"collection":[{"href":"https:\/\/diarioavanzada.com.mx\/index.php?rest_route=\/wp\/v2\/posts"}],"about":[{"href":"https:\/\/diarioavanzada.com.mx\/index.php?rest_route=\/wp\/v2\/types\/post"}],"author":[{"embeddable":true,"href":"https:\/\/diarioavanzada.com.mx\/index.php?rest_route=\/wp\/v2\/users\/7"}],"replies":[{"embeddable":true,"href":"https:\/\/diarioavanzada.com.mx\/index.php?rest_route=%2Fwp%2Fv2%2Fcomments&post=70010"}],"version-history":[{"count":0,"href":"https:\/\/diarioavanzada.com.mx\/index.php?rest_route=\/wp\/v2\/posts\/70010\/revisions"}],"wp:featuredmedia":[{"embeddable":true,"href":"https:\/\/diarioavanzada.com.mx\/index.php?rest_route=\/wp\/v2\/media\/70009"}],"wp:attachment":[{"href":"https:\/\/diarioavanzada.com.mx\/index.php?rest_route=%2Fwp%2Fv2%2Fmedia&parent=70010"}],"wp:term":[{"taxonomy":"category","embeddable":true,"href":"https:\/\/diarioavanzada.com.mx\/index.php?rest_route=%2Fwp%2Fv2%2Fcategories&post=70010"},{"taxonomy":"post_tag","embeddable":true,"href":"https:\/\/diarioavanzada.com.mx\/index.php?rest_route=%2Fwp%2Fv2%2Ftags&post=70010"}],"curies":[{"name":"wp","href":"https:\/\/api.w.org\/{rel}","templated":true}]}}