{"id":70002,"date":"2024-12-28T10:18:22","date_gmt":"2024-12-28T16:18:22","guid":{"rendered":"https:\/\/diarioavanzada.com.mx\/?p=70002"},"modified":"2024-12-28T10:18:22","modified_gmt":"2024-12-28T16:18:22","slug":"tragico-choque-en-perote-veracruz-8-muertos-y-27-heridos-entre-ellos-un-bebe","status":"publish","type":"post","link":"https:\/\/diarioavanzada.com.mx\/?p=70002","title":{"rendered":"Tr\u00e1gico choque en Perote, Veracruz: 8 muertos y 27 heridos, entre ellos un beb\u00e9"},"content":{"rendered":"\n<p class=\"p1 wp-block-paragraph\">Veracruz, M\u00e9xico, Avanzada (28\/12\/2024).- Un accidente entre un autob\u00fas de pasajeros y un tr\u00e1iler dej\u00f3 un saldo de ocho personas fallecidas y 27 heridas, entre ellas un beb\u00e9, durante la madrugada de este viernes en el libramiento de Perote, Veracruz, a la altura de Los Molinos, en la autopista Amozoc-Perote.<\/p>\n\n\n\n<p class=\"p1 wp-block-paragraph\">El autob\u00fas, que hab\u00eda salido de la Ciudad de M\u00e9xico con destino a Xalapa, impact\u00f3 contra la caja de un tr\u00e1iler. Las v\u00edctimas fueron trasladadas a hospitales de Perote y Xalapa para recibir atenci\u00f3n m\u00e9dica.<\/p>\n\n\n\n<p class=\"p1 wp-block-paragraph\">Autoridades acudieron al lugar para atender la emergencia y realizar las investigaciones correspondientes sobre las causas del accidente. Hasta el momento, no se han dado a conocer los nombres de las v\u00edctimas ni detalles sobre el estado de salud de los heridos.<\/p>\n\n\n\n<p class=\"p1 wp-block-paragraph\">La autopista permaneci\u00f3 cerrada por varias horas mientras los equipos de rescate trabajaban en la zona.<\/p>\n\n\n\n<figure class=\"wp-block-video\"><div class=\"wp-block-embed__wrapper\">\n<iframe title=\"VideoPress Video Player\" aria-label='VideoPress Video Player' width='740' height='980' src='https:\/\/videopress.com\/embed\/e02bRSkp?cover=1&amp;preloadContent=metadata&amp;useAverageColor=1&amp;hd=0' frameborder='0' allowfullscreen data-resize-to-parent=\"true\" allow='clipboard-write'><\/iframe><script src='https:\/\/v0.wordpress.com\/js\/next\/videopress-iframe.js?m=1725245713'><\/script>\n<\/div><\/figure>\n\n\n\n<p class=\"wp-block-paragraph\"><\/p>\n<div class=\"fb-background-color\">\n\t\t\t  <div \n\t\t\t  \tclass = \"fb-comments\" \n\t\t\t  \tdata-href = \"https:\/\/diarioavanzada.com.mx\/?p=70002\"\n\t\t\t  \tdata-numposts = \"10\"\n\t\t\t  \tdata-lazy = \"true\"\n\t\t\t\tdata-colorscheme = \"light\"\n\t\t\t\tdata-order-by = \"social\"\n\t\t\t\tdata-mobile=true>\n\t\t\t  <\/div><\/div>\n\t\t  <style>\n\t\t    .fb-background-color {\n\t\t\t\tbackground:  !important;\n\t\t\t}\n\t\t\t.fb_iframe_widget_fluid_desktop iframe {\n\t\t\t    width: 100% !important;\n\t\t\t}\n\t\t  <\/style>\n\t\t  ","protected":false},"excerpt":{"rendered":"<p>Veracruz, M\u00e9xico, Avanzada (28\/12\/2024).- Un accidente entre un autob\u00fas de pasajeros y un tr\u00e1iler dej\u00f3 un saldo de ocho personas fallecidas y 27 heridas, entre ellas un beb\u00e9, durante la madrugada de este viernes en el libramiento de Perote, Veracruz, a la altura de Los Molinos, en la autopista Amozoc-Perote. El autob\u00fas, que hab\u00eda salido [&hellip;]<\/p>\n","protected":false},"author":7,"featured_media":70000,"comment_status":"closed","ping_status":"closed","sticky":false,"template":"","format":"standard","meta":{"_coblocks_attr":"","_coblocks_dimensions":"","_coblocks_responsive_height":"","_coblocks_accordion_ie_support":"","_crdt_document":"","advanced_seo_description":"","jetpack_seo_html_title":"","jetpack_seo_noindex":false,"_jetpack_memberships_contains_paid_content":false,"footnotes":""},"categories":[22,7],"tags":[],"class_list":["post-70002","post","type-post","status-publish","format-standard","has-post-thumbnail","hentry","category-nacion","category-noticias"],"jetpack_featured_media_url":"https:\/\/diarioavanzada.com.mx\/wp-content\/uploads\/2024\/12\/img_1200-1.jpg","jetpack-related-posts":[],"jetpack_sharing_enabled":true,"amp_enabled":true,"_links":{"self":[{"href":"https:\/\/diarioavanzada.com.mx\/index.php?rest_route=\/wp\/v2\/posts\/70002","targetHints":{"allow":["GET"]}}],"collection":[{"href":"https:\/\/diarioavanzada.com.mx\/index.php?rest_route=\/wp\/v2\/posts"}],"about":[{"href":"https:\/\/diarioavanzada.com.mx\/index.php?rest_route=\/wp\/v2\/types\/post"}],"author":[{"embeddable":true,"href":"https:\/\/diarioavanzada.com.mx\/index.php?rest_route=\/wp\/v2\/users\/7"}],"replies":[{"embeddable":true,"href":"https:\/\/diarioavanzada.com.mx\/index.php?rest_route=%2Fwp%2Fv2%2Fcomments&post=70002"}],"version-history":[{"count":1,"href":"https:\/\/diarioavanzada.com.mx\/index.php?rest_route=\/wp\/v2\/posts\/70002\/revisions"}],"predecessor-version":[{"id":70003,"href":"https:\/\/diarioavanzada.com.mx\/index.php?rest_route=\/wp\/v2\/posts\/70002\/revisions\/70003"}],"wp:featuredmedia":[{"embeddable":true,"href":"https:\/\/diarioavanzada.com.mx\/index.php?rest_route=\/wp\/v2\/media\/70000"}],"wp:attachment":[{"href":"https:\/\/diarioavanzada.com.mx\/index.php?rest_route=%2Fwp%2Fv2%2Fmedia&parent=70002"}],"wp:term":[{"taxonomy":"category","embeddable":true,"href":"https:\/\/diarioavanzada.com.mx\/index.php?rest_route=%2Fwp%2Fv2%2Fcategories&post=70002"},{"taxonomy":"post_tag","embeddable":true,"href":"https:\/\/diarioavanzada.com.mx\/index.php?rest_route=%2Fwp%2Fv2%2Ftags&post=70002"}],"curies":[{"name":"wp","href":"https:\/\/api.w.org\/{rel}","templated":true}]}}