{"id":69976,"date":"2024-12-27T20:31:07","date_gmt":"2024-12-28T02:31:07","guid":{"rendered":"https:\/\/diarioavanzada.com.mx\/?p=69976"},"modified":"2024-12-27T20:31:07","modified_gmt":"2024-12-28T02:31:07","slug":"alison-secuestro-a-una-bebe-durante-la-cena-de-navidad-en-la-cdmx","status":"publish","type":"post","link":"https:\/\/diarioavanzada.com.mx\/?p=69976","title":{"rendered":"Alison secuestr\u00f3 a una beb\u00e9 durante la cena de Navidad en la CDMX"},"content":{"rendered":"\n<p class=\"p1 wp-block-paragraph\">M\u00e9xico, Avanzada (27\/12\/2024).- En un operativo de la Polic\u00eda Bancaria e Industrial de la Secretar\u00eda de Seguridad Ciudadana, fue detenida una mujer identificada como Alison Quetzal \u201cN\u201d, acusada de secuestrar a una beb\u00e9 de apenas 30 d\u00edas de nacida durante una celebraci\u00f3n navide\u00f1a en la alcald\u00eda \u00c1lvaro Obreg\u00f3n, Ciudad de M\u00e9xico. La menor fue recuperada sana y salva y ya fue entregada a su madre.<\/p>\n\n\n\n<p class=\"p1 wp-block-paragraph\">Los hechos ocurrieron la noche del 24 de diciembre en la colonia P\u00f3lvora, durante una reuni\u00f3n familiar por la Nochebuena. Seg\u00fan el reporte, la mujer, quien era amiga de la familia, aprovech\u00f3 un descuido para llevarse a la beb\u00e9 nacida el pasado 18 de noviembre.<\/p>\n\n\n\n<p class=\"p1 wp-block-paragraph\">Horas despu\u00e9s, la madre de la peque\u00f1a recibi\u00f3 mensajes en su tel\u00e9fono celular en los que se exig\u00eda el pago de un rescate para recuperar a la menor. Ante esta situaci\u00f3n, la familia acudi\u00f3 a las autoridades para denunciar el secuestro y proporcionar los mensajes como prueba.<\/p>\n\n\n\n<p class=\"p1 wp-block-paragraph\">Gracias a la pronta denuncia, la polic\u00eda implement\u00f3 un operativo que culmin\u00f3 con la detenci\u00f3n de Alison Quetzal \u201cN\u201d en la alcald\u00eda \u00c1lvaro Obreg\u00f3n y la recuperaci\u00f3n de la beb\u00e9. La sospechosa fue puesta a disposici\u00f3n del Ministerio P\u00fablico, donde se determinar\u00e1 su situaci\u00f3n jur\u00eddica.<\/p>\n\n\n\n<p class=\"wp-block-paragraph\"><\/p>\n<div class=\"fb-background-color\">\n\t\t\t  <div \n\t\t\t  \tclass = \"fb-comments\" \n\t\t\t  \tdata-href = \"https:\/\/diarioavanzada.com.mx\/?p=69976\"\n\t\t\t  \tdata-numposts = \"10\"\n\t\t\t  \tdata-lazy = \"true\"\n\t\t\t\tdata-colorscheme = \"light\"\n\t\t\t\tdata-order-by = \"social\"\n\t\t\t\tdata-mobile=true>\n\t\t\t  <\/div><\/div>\n\t\t  <style>\n\t\t    .fb-background-color {\n\t\t\t\tbackground:  !important;\n\t\t\t}\n\t\t\t.fb_iframe_widget_fluid_desktop iframe {\n\t\t\t    width: 100% !important;\n\t\t\t}\n\t\t  <\/style>\n\t\t  ","protected":false},"excerpt":{"rendered":"<p>M\u00e9xico, Avanzada (27\/12\/2024).- En un operativo de la Polic\u00eda Bancaria e Industrial de la Secretar\u00eda de Seguridad Ciudadana, fue detenida una mujer identificada como Alison Quetzal \u201cN\u201d, acusada de secuestrar a una beb\u00e9 de apenas 30 d\u00edas de nacida durante una celebraci\u00f3n navide\u00f1a en la alcald\u00eda \u00c1lvaro Obreg\u00f3n, Ciudad de M\u00e9xico. La menor fue recuperada [&hellip;]<\/p>\n","protected":false},"author":7,"featured_media":69975,"comment_status":"closed","ping_status":"closed","sticky":false,"template":"","format":"standard","meta":{"_coblocks_attr":"","_coblocks_dimensions":"","_coblocks_responsive_height":"","_coblocks_accordion_ie_support":"","_crdt_document":"","advanced_seo_description":"","jetpack_seo_html_title":"","jetpack_seo_noindex":false,"_jetpack_memberships_contains_paid_content":false,"footnotes":""},"categories":[22,7,231],"tags":[],"class_list":["post-69976","post","type-post","status-publish","format-standard","has-post-thumbnail","hentry","category-nacion","category-noticias","category-seguridad"],"jetpack_featured_media_url":"https:\/\/diarioavanzada.com.mx\/wp-content\/uploads\/2024\/12\/img_1170-1-1.jpg","jetpack-related-posts":[],"jetpack_sharing_enabled":true,"amp_enabled":true,"_links":{"self":[{"href":"https:\/\/diarioavanzada.com.mx\/index.php?rest_route=\/wp\/v2\/posts\/69976","targetHints":{"allow":["GET"]}}],"collection":[{"href":"https:\/\/diarioavanzada.com.mx\/index.php?rest_route=\/wp\/v2\/posts"}],"about":[{"href":"https:\/\/diarioavanzada.com.mx\/index.php?rest_route=\/wp\/v2\/types\/post"}],"author":[{"embeddable":true,"href":"https:\/\/diarioavanzada.com.mx\/index.php?rest_route=\/wp\/v2\/users\/7"}],"replies":[{"embeddable":true,"href":"https:\/\/diarioavanzada.com.mx\/index.php?rest_route=%2Fwp%2Fv2%2Fcomments&post=69976"}],"version-history":[{"count":1,"href":"https:\/\/diarioavanzada.com.mx\/index.php?rest_route=\/wp\/v2\/posts\/69976\/revisions"}],"predecessor-version":[{"id":69977,"href":"https:\/\/diarioavanzada.com.mx\/index.php?rest_route=\/wp\/v2\/posts\/69976\/revisions\/69977"}],"wp:featuredmedia":[{"embeddable":true,"href":"https:\/\/diarioavanzada.com.mx\/index.php?rest_route=\/wp\/v2\/media\/69975"}],"wp:attachment":[{"href":"https:\/\/diarioavanzada.com.mx\/index.php?rest_route=%2Fwp%2Fv2%2Fmedia&parent=69976"}],"wp:term":[{"taxonomy":"category","embeddable":true,"href":"https:\/\/diarioavanzada.com.mx\/index.php?rest_route=%2Fwp%2Fv2%2Fcategories&post=69976"},{"taxonomy":"post_tag","embeddable":true,"href":"https:\/\/diarioavanzada.com.mx\/index.php?rest_route=%2Fwp%2Fv2%2Ftags&post=69976"}],"curies":[{"name":"wp","href":"https:\/\/api.w.org\/{rel}","templated":true}]}}