{"id":69952,"date":"2024-12-27T14:06:09","date_gmt":"2024-12-27T20:06:09","guid":{"rendered":"https:\/\/diarioavanzada.com.mx\/?p=69952"},"modified":"2024-12-27T14:06:09","modified_gmt":"2024-12-27T20:06:09","slug":"juan-diaz-montejo-niega-vinculos-delincuenciales","status":"publish","type":"post","link":"https:\/\/diarioavanzada.com.mx\/?p=69952","title":{"rendered":"Juan D\u00edaz Montejo niega v\u00ednculos delincuenciales"},"content":{"rendered":"\n<p class=\"s3 wp-block-paragraph\"><strong>CARTA DE JUAN D\u00cdAZ MONTEJO, PRESO POL\u00cdTICO POR LUCHAR.<\/strong><\/p>\n\n\n\n<p class=\"s3 wp-block-paragraph\">&nbsp;<\/p>\n\n\n\n<p class=\"s3 wp-block-paragraph\"><strong>A la clase trabajadora del mundo&nbsp;<\/strong><\/p>\n\n\n\n<p class=\"s3 wp-block-paragraph\"><strong>A los defensores de les Derecha Humanos<\/strong><\/p>\n\n\n\n<p class=\"s3 wp-block-paragraph\"><strong>A las organizaciones sociales progresistas, democr\u00e1ticas y revolucionarias del mundo<\/strong><\/p>\n\n\n\n<p class=\"s4 wp-block-paragraph\">&nbsp;<\/p>\n\n\n\n<p class=\"s3 wp-block-paragraph\">El d\u00eda 17 de diciembre del a\u00f1o 2024, fui detenido por la Polic\u00eda Estatal de Chiapas por el grupo Fuerza de Reacci\u00f3n Inmediata&nbsp;Pakal&nbsp;(FRIP) en la ciudad de Comit\u00e1n de Dom\u00ednguez, &nbsp;Chiapas, M\u00e9xico con lujo de violencia, se me acusa de un delito que jam\u00e1s comet\u00ed, atentando contra la paz y la integridad de la colectividad y el estado, la fiscal\u00eda general del estado me acusa de haber bloqueado la entrada de Comit\u00e1n con arma de fuego el d\u00eda 9 y 10 de diciembre del a\u00f1o 2024; niego tajantemente mi participaci\u00f3n en dicho bloqueo.<\/p>\n\n\n\n<p class=\"s3 wp-block-paragraph\">El gobierno de Chiapas me exhibe en los medios de comunicaci\u00f3n como su trofeo, que han detenido a un gran delincuente, de esta manera busca socavar mi calidad ideol\u00f3gica y pone en peligro mi integridad f\u00edsica, pone en peligro mi vida al relacionarme con grupos f\u00e1cticos y paramilitares con quienes no tengo ninguna relaci\u00f3n pol\u00edtica y de ninguna otra forma. Soy un declarado marxista -leninista -mao\u00edsta, no soy un vulgar pol\u00edtico, mis principios ideol\u00f3gicos me impiden relacionarme pol\u00edticamente con grupos que son parte de la contra-insurgencia y enemigos de la clase trabajadora.<\/p>\n\n\n\n<p class=\"s3 wp-block-paragraph\"><strong>Me dedico a la defensa de los Derechos Humanos, denuncio las injusticias, combato contra la explotaci\u00f3n y opresi\u00f3n de los trabajadores, lucho por un mundo m\u00e1s justo. <\/strong>Desde el momento que decid\u00ed de manera consciente luchar contra las injusticias, contra las desigualdades sociales. Jam\u00e1s he traicionado los intereses del proletariado y jam\u00e1s lo har\u00e9, prefiero resistir los fr\u00edos barrotes de la prisi\u00f3n antes que traicionar al proletariado, har\u00e9 de la prisi\u00f3n una trinchera de lucha por la transformaci\u00f3n social, desde las mazmorras har\u00e9 inquebrantables mis principios ideol\u00f3gicos, los trabajadores deben confiar que hay hombres firmes que jam\u00e1s traicionan, a lo largo de la historia de la humanidad han existido hombres grandiosos que transforman la historia de La humanidad.<\/p>\n\n\n\n<p class=\"s3 wp-block-paragraph\">Pido la solidaridad de los movimientos progresistas, democr\u00e1ticos y revolucionarios, que exijan mi libertad inmediata. Si&nbsp;no recibo la solidaridad tambi\u00e9n sabr\u00e9 entender y parafraseando a Ricardo Flores Mag\u00f3n cuando se encontraba preso en la c\u00e1rcel de Estados Unidos, si no recibo la solidaridad sabr\u00e9 entender que no he hecho lo suficiente para merecer la solidaridad del&nbsp;pueblo y estoy obligado a resistir los fr\u00edos barrotes de la prisi\u00f3n, no traicionar\u00e9 los intereses de la clase trabajadora, la dase explotada.<\/p>\n\n\n\n<p class=\"s3 wp-block-paragraph\"><strong>Categ\u00f3ricamente reafirmo:&nbsp;no tengo ninguna relaci\u00f3n con grupos f\u00e1cticos del Estado, no soy ap\u00e9ndice pol\u00edtico de ning\u00fan grupo f\u00e1ctico del Estado. Siempre he mantenido mi independencia pol\u00edtica e ideol\u00f3gica.&nbsp;Soy un preso pol\u00edtico de conciencia, el gobierno de Chiapas me tiene preso por mi forma de pensar, por ser cr\u00edtico contra el sistema capitalista de&nbsp;explotaci\u00f3n y opresi\u00f3n;<\/strong>&nbsp;por esta raz\u00f3n, el gobierno de&nbsp;Chiapas&nbsp;se ensa\u00f1a y con gran odio me tiene encarcelado, no podr\u00e1n detener la marcha de la historia, la victoria final es de la clase trabajadora. El futuro pertenece a un mundo m\u00e1s.<\/p>\n\n\n\n<p class=\"s3 wp-block-paragraph\">&nbsp;<\/p>\n\n\n\n<p class=\"s3 wp-block-paragraph\"><strong>\u201cPRESO MI CUERPO NO MI CONCIENCIA\u201d<\/strong><\/p>\n\n\n\n<p class=\"s3 wp-block-paragraph\"><strong>JUAN&nbsp;D\u00cdAZ&nbsp;MONTEJO<\/strong><\/p>\n\n\n\n<p class=\"s7 wp-block-paragraph\">&nbsp;<\/p>\n\n\n\n<p class=\"s8 wp-block-paragraph\">&nbsp;<\/p>\n\n\n\n<p class=\"s9 wp-block-paragraph\">Prisi\u00f3n de El amate 19 de diciembre del 2024<\/p>\n<div class=\"fb-background-color\">\n\t\t\t  <div \n\t\t\t  \tclass = \"fb-comments\" \n\t\t\t  \tdata-href = \"https:\/\/diarioavanzada.com.mx\/?p=69952\"\n\t\t\t  \tdata-numposts = \"10\"\n\t\t\t  \tdata-lazy = \"true\"\n\t\t\t\tdata-colorscheme = \"light\"\n\t\t\t\tdata-order-by = \"social\"\n\t\t\t\tdata-mobile=true>\n\t\t\t  <\/div><\/div>\n\t\t  <style>\n\t\t    .fb-background-color {\n\t\t\t\tbackground:  !important;\n\t\t\t}\n\t\t\t.fb_iframe_widget_fluid_desktop iframe {\n\t\t\t    width: 100% !important;\n\t\t\t}\n\t\t  <\/style>\n\t\t  ","protected":false},"excerpt":{"rendered":"<p>CARTA DE JUAN D\u00cdAZ MONTEJO, PRESO POL\u00cdTICO POR LUCHAR. &nbsp; A la clase trabajadora del mundo&nbsp; A los defensores de les Derecha Humanos A las organizaciones sociales progresistas, democr\u00e1ticas y revolucionarias del mundo &nbsp; El d\u00eda 17 de diciembre del a\u00f1o 2024, fui detenido por la Polic\u00eda Estatal de Chiapas por el grupo Fuerza de [&hellip;]<\/p>\n","protected":false},"author":7,"featured_media":69951,"comment_status":"closed","ping_status":"closed","sticky":false,"template":"","format":"standard","meta":{"_coblocks_attr":"","_coblocks_dimensions":"","_coblocks_responsive_height":"","_coblocks_accordion_ie_support":"","_crdt_document":"","advanced_seo_description":"","jetpack_seo_html_title":"","jetpack_seo_noindex":false,"_jetpack_memberships_contains_paid_content":false,"footnotes":""},"categories":[22,231],"tags":[],"class_list":["post-69952","post","type-post","status-publish","format-standard","has-post-thumbnail","hentry","category-nacion","category-seguridad"],"jetpack_featured_media_url":"https:\/\/diarioavanzada.com.mx\/wp-content\/uploads\/2024\/12\/2905b8ad-2287-4361-add5-1c9c4c01edf5-1.jpg","jetpack-related-posts":[],"jetpack_sharing_enabled":true,"amp_enabled":true,"_links":{"self":[{"href":"https:\/\/diarioavanzada.com.mx\/index.php?rest_route=\/wp\/v2\/posts\/69952","targetHints":{"allow":["GET"]}}],"collection":[{"href":"https:\/\/diarioavanzada.com.mx\/index.php?rest_route=\/wp\/v2\/posts"}],"about":[{"href":"https:\/\/diarioavanzada.com.mx\/index.php?rest_route=\/wp\/v2\/types\/post"}],"author":[{"embeddable":true,"href":"https:\/\/diarioavanzada.com.mx\/index.php?rest_route=\/wp\/v2\/users\/7"}],"replies":[{"embeddable":true,"href":"https:\/\/diarioavanzada.com.mx\/index.php?rest_route=%2Fwp%2Fv2%2Fcomments&post=69952"}],"version-history":[{"count":0,"href":"https:\/\/diarioavanzada.com.mx\/index.php?rest_route=\/wp\/v2\/posts\/69952\/revisions"}],"wp:featuredmedia":[{"embeddable":true,"href":"https:\/\/diarioavanzada.com.mx\/index.php?rest_route=\/wp\/v2\/media\/69951"}],"wp:attachment":[{"href":"https:\/\/diarioavanzada.com.mx\/index.php?rest_route=%2Fwp%2Fv2%2Fmedia&parent=69952"}],"wp:term":[{"taxonomy":"category","embeddable":true,"href":"https:\/\/diarioavanzada.com.mx\/index.php?rest_route=%2Fwp%2Fv2%2Fcategories&post=69952"},{"taxonomy":"post_tag","embeddable":true,"href":"https:\/\/diarioavanzada.com.mx\/index.php?rest_route=%2Fwp%2Fv2%2Ftags&post=69952"}],"curies":[{"name":"wp","href":"https:\/\/api.w.org\/{rel}","templated":true}]}}