{"id":69928,"date":"2024-12-27T09:09:06","date_gmt":"2024-12-27T15:09:06","guid":{"rendered":"https:\/\/diarioavanzada.com.mx\/?p=69928"},"modified":"2024-12-27T09:09:06","modified_gmt":"2024-12-27T15:09:06","slug":"volcadura-de-camioneta-deja-16-lesionados-en-la-carretera-guadalajara-colima","status":"publish","type":"post","link":"https:\/\/diarioavanzada.com.mx\/?p=69928","title":{"rendered":"Volcadura de camioneta deja 16 lesionados en la carretera Guadalajara-Colima"},"content":{"rendered":"\n<p class=\"p1 wp-block-paragraph\">Colima, M\u00e9xico, Avanzada (27\/12\/2024).- La ma\u00f1ana de este jueves 26 de diciembre, una camioneta de transporte de personal proveniente de Irapuato, Guanajuato, sufri\u00f3 una volcadura en el kil\u00f3metro 128 de la carretera Guadalajara-Colima, cerca del l\u00edmite entre los estados de Jalisco y Colima.<\/p>\n\n\n\n<p class=\"p1 wp-block-paragraph\">El accidente fue reportado al n\u00famero de emergencias 911, lo que moviliz\u00f3 a personal de la Unidad Estatal de Protecci\u00f3n Civil, en coordinaci\u00f3n con la unidad municipal de Protecci\u00f3n Civil de Tonila, Jalisco. En el lugar, se atendi\u00f3 a 16 personas con lesiones consideradas estables.<\/p>\n\n\n\n<p class=\"p1 wp-block-paragraph\">Los heridos fueron valorados por personal del Centro Regulador de Urgencias M\u00e9dicas (CRUM) y Protecci\u00f3n Civil del municipio de Cuauht\u00e9moc, quienes realizaron los traslados correspondientes a hospitales de la regi\u00f3n para su atenci\u00f3n.<\/p>\n\n\n\n<p class=\"p1 wp-block-paragraph\">Las autoridades recomiendan manejar con cuidado para evitar nuevos percances en este tramo carretero. No se reportan v\u00edctimas fatales y se espera que los lesionados se recuperen favorablemente.<\/p>\n\n\n\n<figure class=\"wp-block-image size-large\"><img loading=\"lazy\" decoding=\"async\" width=\"1024\" height=\"768\" src=\"https:\/\/diarioavanzada.com.mx\/wp-content\/uploads\/2024\/12\/img_0021-1-1024x768.jpg\" class=\"wp-image-69925\" srcset=\"https:\/\/diarioavanzada.com.mx\/wp-content\/uploads\/2024\/12\/img_0021-1-1024x768.jpg 1024w, https:\/\/diarioavanzada.com.mx\/wp-content\/uploads\/2024\/12\/img_0021-1-300x225.jpg 300w, https:\/\/diarioavanzada.com.mx\/wp-content\/uploads\/2024\/12\/img_0021-1-768x576.jpg 768w, https:\/\/diarioavanzada.com.mx\/wp-content\/uploads\/2024\/12\/img_0021-1.jpg 1448w\" sizes=\"auto, (max-width: 1024px) 100vw, 1024px\" \/><\/figure>\n\n\n\n<figure class=\"wp-block-image size-large\"><img loading=\"lazy\" decoding=\"async\" width=\"1024\" height=\"768\" src=\"https:\/\/diarioavanzada.com.mx\/wp-content\/uploads\/2024\/12\/img_0019-1-1024x768.jpg\" class=\"wp-image-69926\" srcset=\"https:\/\/diarioavanzada.com.mx\/wp-content\/uploads\/2024\/12\/img_0019-1-1024x768.jpg 1024w, https:\/\/diarioavanzada.com.mx\/wp-content\/uploads\/2024\/12\/img_0019-1-300x225.jpg 300w, https:\/\/diarioavanzada.com.mx\/wp-content\/uploads\/2024\/12\/img_0019-1-768x576.jpg 768w, https:\/\/diarioavanzada.com.mx\/wp-content\/uploads\/2024\/12\/img_0019-1.jpg 1448w\" sizes=\"auto, (max-width: 1024px) 100vw, 1024px\" \/><\/figure>\n<div class=\"fb-background-color\">\n\t\t\t  <div \n\t\t\t  \tclass = \"fb-comments\" \n\t\t\t  \tdata-href = \"https:\/\/diarioavanzada.com.mx\/?p=69928\"\n\t\t\t  \tdata-numposts = \"10\"\n\t\t\t  \tdata-lazy = \"true\"\n\t\t\t\tdata-colorscheme = \"light\"\n\t\t\t\tdata-order-by = \"social\"\n\t\t\t\tdata-mobile=true>\n\t\t\t  <\/div><\/div>\n\t\t  <style>\n\t\t    .fb-background-color {\n\t\t\t\tbackground:  !important;\n\t\t\t}\n\t\t\t.fb_iframe_widget_fluid_desktop iframe {\n\t\t\t    width: 100% !important;\n\t\t\t}\n\t\t  <\/style>\n\t\t  ","protected":false},"excerpt":{"rendered":"<p>Colima, M\u00e9xico, Avanzada (27\/12\/2024).- La ma\u00f1ana de este jueves 26 de diciembre, una camioneta de transporte de personal proveniente de Irapuato, Guanajuato, sufri\u00f3 una volcadura en el kil\u00f3metro 128 de la carretera Guadalajara-Colima, cerca del l\u00edmite entre los estados de Jalisco y Colima. El accidente fue reportado al n\u00famero de emergencias 911, lo que moviliz\u00f3 [&hellip;]<\/p>\n","protected":false},"author":7,"featured_media":69927,"comment_status":"closed","ping_status":"closed","sticky":false,"template":"","format":"standard","meta":{"_coblocks_attr":"","_coblocks_dimensions":"","_coblocks_responsive_height":"","_coblocks_accordion_ie_support":"","_crdt_document":"","advanced_seo_description":"","jetpack_seo_html_title":"","jetpack_seo_noindex":false,"_jetpack_memberships_contains_paid_content":false,"footnotes":""},"categories":[19,209,231],"tags":[],"class_list":["post-69928","post","type-post","status-publish","format-standard","has-post-thumbnail","hentry","category-colima","category-importantes","category-seguridad"],"jetpack_featured_media_url":"https:\/\/diarioavanzada.com.mx\/wp-content\/uploads\/2024\/12\/img_0020-1.jpg","jetpack-related-posts":[],"jetpack_sharing_enabled":true,"amp_enabled":true,"_links":{"self":[{"href":"https:\/\/diarioavanzada.com.mx\/index.php?rest_route=\/wp\/v2\/posts\/69928","targetHints":{"allow":["GET"]}}],"collection":[{"href":"https:\/\/diarioavanzada.com.mx\/index.php?rest_route=\/wp\/v2\/posts"}],"about":[{"href":"https:\/\/diarioavanzada.com.mx\/index.php?rest_route=\/wp\/v2\/types\/post"}],"author":[{"embeddable":true,"href":"https:\/\/diarioavanzada.com.mx\/index.php?rest_route=\/wp\/v2\/users\/7"}],"replies":[{"embeddable":true,"href":"https:\/\/diarioavanzada.com.mx\/index.php?rest_route=%2Fwp%2Fv2%2Fcomments&post=69928"}],"version-history":[{"count":0,"href":"https:\/\/diarioavanzada.com.mx\/index.php?rest_route=\/wp\/v2\/posts\/69928\/revisions"}],"wp:featuredmedia":[{"embeddable":true,"href":"https:\/\/diarioavanzada.com.mx\/index.php?rest_route=\/wp\/v2\/media\/69927"}],"wp:attachment":[{"href":"https:\/\/diarioavanzada.com.mx\/index.php?rest_route=%2Fwp%2Fv2%2Fmedia&parent=69928"}],"wp:term":[{"taxonomy":"category","embeddable":true,"href":"https:\/\/diarioavanzada.com.mx\/index.php?rest_route=%2Fwp%2Fv2%2Fcategories&post=69928"},{"taxonomy":"post_tag","embeddable":true,"href":"https:\/\/diarioavanzada.com.mx\/index.php?rest_route=%2Fwp%2Fv2%2Ftags&post=69928"}],"curies":[{"name":"wp","href":"https:\/\/api.w.org\/{rel}","templated":true}]}}