{"id":69908,"date":"2024-12-26T10:06:13","date_gmt":"2024-12-26T16:06:13","guid":{"rendered":"https:\/\/diarioavanzada.com.mx\/?p=69908"},"modified":"2024-12-26T10:06:13","modified_gmt":"2024-12-26T16:06:13","slug":"el-dolor-de-los-familiares-de-los-policias-caidos","status":"publish","type":"post","link":"https:\/\/diarioavanzada.com.mx\/?p=69908","title":{"rendered":"El dolor de los familiares de&nbsp;los&nbsp;polic\u00edas ca\u00eddos&nbsp;"},"content":{"rendered":"\n<p class=\"wp-block-paragraph\">Columna<\/p>\n\n\n\n<p class=\"wp-block-paragraph\">El Puercoesp\u00edn&nbsp;<\/p>\n\n\n\n<p class=\"s4 wp-block-paragraph\">Los largos a\u00f1os del PRI en el poder fue sostenido por su brazo represor: la polic\u00eda.&nbsp;A todos esos largos a\u00f1os se le sumaron los acompa\u00f1ados por el PAN,&nbsp;y ahora por Morena, para construir&nbsp;una p\u00e9sima reputaci\u00f3n de todas las polic\u00edas,desde las municipales hasta las federales. &nbsp;<\/p>\n\n\n\n<p class=\"s4 wp-block-paragraph\">Cunando&nbsp;Felipe&nbsp;Calder\u00f3n declar\u00f3 la guerra abierta contra el crimen organizado aument\u00f3,&nbsp;a la par,&nbsp;la muerte de polic\u00edas y en general de&nbsp;los&nbsp;miembros de las instituciones de la seguridad del Estado.<\/p>\n\n\n\n<p class=\"s4 wp-block-paragraph\">Con la llegada de&nbsp;Amlo&nbsp;al poder, \u00e9ste sobreestim\u00f3 su poder moral y pol\u00edtico y consider\u00f3 que,&nbsp;con su autoridad moral,&nbsp;los maleantes,&nbsp;respetar\u00edan a las fuerzas de seguridad del Estado y se replegar\u00edan logr\u00e1ndose una paulatina,&nbsp;pero consistente pacificaci\u00f3n del pa\u00eds. Tal cosa&nbsp;no&nbsp;ocurri\u00f3,&nbsp;porque en gran parte,&nbsp;los gobiernos estatales fueron asumidos por personajes carentes de autoridad moral, experiencia pol\u00edtica y vocaci\u00f3n de trabajo&nbsp;que desatendieron la seguridad p\u00fablica y delegaron esa responsabilidad en un tercero.<\/p>\n\n\n\n<p class=\"s4 wp-block-paragraph\">El&nbsp;Ejecutivo federal se puso al frente de las mesas de pacificaci\u00f3n, peros&nbsp;los gobernadores y gobernadoras&nbsp;no lo hicieron, todo lo contrario, relajaron su participaci\u00f3n.<\/p>\n\n\n\n<p class=\"s4 wp-block-paragraph\">Los c\u00e1rteles leyeron la postura de gobierno federal como un permiso para aumentar sus cr\u00edmenes de alto impacto y oportunidad para expandir sus organizaciones. Lamentablemente la historia inmediata nos dice que el no haber presionado a los gobernadores a actuar con m\u00e1s energ\u00eda y decisi\u00f3n fue un error estrat\u00e9gico en la pacificaci\u00f3n del pa\u00eds.&nbsp;<\/p>\n\n\n\n<p class=\"s4 wp-block-paragraph\">En Colima, en el a\u00f1o de 2021,&nbsp;fueron asesinados cinco elementos: uno de la&nbsp;Direcci\u00f3n&nbsp;de Seguridad P\u00fablica (DSP); uno de la Polic\u00eda Estatal; uno de la Polic\u00eda Investigadora&nbsp;y dos&nbsp;corresponden a polic\u00edas municipales.<\/p>\n\n\n\n<p class=\"s4 wp-block-paragraph\">En el a\u00f1o de 2022, el n\u00famero de elementos asesinados se triplic\u00f3 al registrarse 16 elementos de agentes asesinados: 2 de la DSP; uno del Ministerio P\u00fablico; uno de la Polic\u00eda Estatal; uno de la Polic\u00eda Investigadora; 6 de las distintas polic\u00edas municipales, uno con cargo de director operativo; y 3 de la Secretar\u00eda de Seguridad P\u00fablica.<\/p>\n\n\n\n<p class=\"s4 wp-block-paragraph\">En el a\u00f1o de 2023 la cifra sigui\u00f3 en ascenso, pues se registraron 18 asesinatos, de los cuales: 2 fueron agentes de la DSP; uno agente de la PEP (custodio); uno del Poder Judicial; 7 de la Polic\u00eda&nbsp;Estatal; uno de la&nbsp;Polic\u00edainvestigadora y 6 de las diversas polic\u00edas&nbsp;municipales.<\/p>\n\n\n\n<p class=\"s4 wp-block-paragraph\">En el actual 2024, la cifra, hasta la fecha, se han registrado los asesinatos de 13 miembros de las fuerzas de seguridad del Estado, entre ellos un subdelegado de la Polic\u00eda.<\/p>\n\n\n\n<p class=\"s4 wp-block-paragraph\">Seg\u00fan los registros oficiales las cifras var\u00edan, pero Colima en promedio, desde 2021 hasta 2024 se han&nbsp;registra&nbsp;aproximadamente&nbsp;entre 47 y 55&nbsp;polic\u00eda&nbsp;asesinados.&nbsp;<\/p>\n\n\n\n<p class=\"s4 wp-block-paragraph\">La informaci\u00f3n demuestra que Colima&nbsp;es un estado de alto riesgo para las personas que trabajan como polic\u00edas.<\/p>\n\n\n\n<p class=\"s4 wp-block-paragraph\">El caso es que la violencia en Colima se ha convertido en algo natural. La violencia&nbsp;pas\u00f3 a formar parte de nuestra&nbsp;cotidianidad y nos dimos cuenta, pero ni la sociedad ni el gobierno hicimos algo para frenarla.<\/p>\n\n\n\n<p class=\"s4 wp-block-paragraph\">Tambi\u00e9n considerando que las diversas&nbsp;polic\u00edas&nbsp;est\u00e1n infiltradas por el crimen organizado o m\u00ednimamente sobornadas para que trabajen para ellos la reputaci\u00f3n de los polic\u00edas se ha vuelto muy mala; sin embargo, existen gran cantidad de elementos policiacos que cumplen con su deber de proteger a los ciudadanos y su hist\u00f3rica mala reputaci\u00f3n ha hecho que nosotros los ciudadanos no veamos el dolor que se est\u00e1 produciendo entre los familiares de los miembros de seguridad del Estado.<\/p>\n\n\n\n<p class=\"s4 wp-block-paragraph\">Se han&nbsp;convertido&nbsp;en entes&nbsp;invisibles los familiares de los polic\u00edas asesinados, al parecer nos hemos vuelto inmunes al dolor que los hijos, las esposas, las madres, los hermanos de los polic\u00edas est\u00e1n sufriendo.&nbsp;<\/p>\n\n\n\n<p class=\"s4 wp-block-paragraph\">En Colima entre 47 y 55 familias han perdido a un miembro de su familia por pertenecer a una profesi\u00f3n tan riesgosa como la de polic\u00eda.<\/p>\n\n\n\n<p class=\"s4 wp-block-paragraph\">Y los jefes de ellos, es decir, los miembros del gobierno parecen todav\u00eda m\u00e1s insensibles ante el dolor de los familiares de los polic\u00edas ca\u00eddos.&nbsp;<\/p>\n\n\n\n<p class=\"s4 wp-block-paragraph\">Ser\u00eda conveniente volvernos m\u00e1s sensibles y reconocer el dolor de las familias de los polic\u00edas ca\u00eddos y solidarizarnos con ellos.&nbsp;<\/p>\n\n\n\n<p class=\"s4 wp-block-paragraph\">Los familiares de los polic\u00edas ca\u00eddos ven,&nbsp;con mucho dolor, como&nbsp;los polic\u00edas ca\u00eddos se convierten en fr\u00eda&nbsp;estad\u00edstica.Producto de las malas estrategias instrumentadas por el gobierno estatal.<\/p>\n\n\n\n<p class=\"s4 wp-block-paragraph\">Hay mucho dolor en cada polic\u00eda ca\u00eddo que se est\u00e1 acumulando cada vez m\u00e1s&nbsp;en la&nbsp;poblaci\u00f3n, dolor que se suma al dolor de las mal llamadas muertes colaterales de civiles que tuvieron la mala fortuna de haber estado en el sitio y la hora equivocados.<\/p>\n\n\n\n<p class=\"s4 wp-block-paragraph\">Las familias y los polic\u00edas asesinados merecen m\u00e1s respeto y m\u00e1s&nbsp;consideraciones.&nbsp;Los mandos que se nombran en la polic\u00eda deben ser cuadros mejor preparados y mucho m\u00e1s responsables para prevenir las bajas de parte de la polic\u00eda. La irresponsabilidad mata.&nbsp;<\/p>\n\n\n\n<p class=\"s4 wp-block-paragraph\">El dolor de civiles y polic\u00edas se est\u00e1 almacenando en la bodega de los corazones de los ciudadanos que un&nbsp;d\u00edacualquiera, cuando menos lo esperemos,&nbsp;dir\u00e1n al un\u00edsono: \u00a1ya basta! &nbsp;<\/p>\n\n\n\n<p class=\"s4 wp-block-paragraph\">El gobierno estatal sigue con sus banalidades y el dolor se sigue acumulando en la sociedad civil.&nbsp;<\/p>\n\n\n\n<p class=\"s4 wp-block-paragraph\">Hasta cu\u00e1ndo se&nbsp;va&nbsp;continuar con esto. \u00a1Hasta cu\u00e1ndo!<\/p>\n\n\n\n<p class=\"s4 wp-block-paragraph\">&nbsp;<\/p>\n\n\n\n<p class=\"s4 wp-block-paragraph\">&nbsp;<\/p>\n\n\n\n<p class=\"wp-block-paragraph\"><\/p>\n<div class=\"fb-background-color\">\n\t\t\t  <div \n\t\t\t  \tclass = \"fb-comments\" \n\t\t\t  \tdata-href = \"https:\/\/diarioavanzada.com.mx\/?p=69908\"\n\t\t\t  \tdata-numposts = \"10\"\n\t\t\t  \tdata-lazy = \"true\"\n\t\t\t\tdata-colorscheme = \"light\"\n\t\t\t\tdata-order-by = \"social\"\n\t\t\t\tdata-mobile=true>\n\t\t\t  <\/div><\/div>\n\t\t  <style>\n\t\t    .fb-background-color {\n\t\t\t\tbackground:  !important;\n\t\t\t}\n\t\t\t.fb_iframe_widget_fluid_desktop iframe {\n\t\t\t    width: 100% !important;\n\t\t\t}\n\t\t  <\/style>\n\t\t  ","protected":false},"excerpt":{"rendered":"<p>Columna El Puercoesp\u00edn&nbsp; Los largos a\u00f1os del PRI en el poder fue sostenido por su brazo represor: la polic\u00eda.&nbsp;A todos esos largos a\u00f1os se le sumaron los acompa\u00f1ados por el PAN,&nbsp;y ahora por Morena, para construir&nbsp;una p\u00e9sima reputaci\u00f3n de todas las polic\u00edas,desde las municipales hasta las federales. &nbsp; Cunando&nbsp;Felipe&nbsp;Calder\u00f3n declar\u00f3 la guerra abierta contra el [&hellip;]<\/p>\n","protected":false},"author":9,"featured_media":69907,"comment_status":"closed","ping_status":"closed","sticky":false,"template":"","format":"standard","meta":{"_coblocks_attr":"","_coblocks_dimensions":"","_coblocks_responsive_height":"","_coblocks_accordion_ie_support":"","advanced_seo_description":"","jetpack_seo_html_title":"","jetpack_seo_noindex":false,"jetpack_seo_schema_type":"","_jetpack_newsletter_access":"","_jetpack_dont_email_post_to_subs":false,"_jetpack_newsletter_tier_id":0,"_jetpack_memberships_contains_paywalled_content":false,"_wpcom_ai_launchpad_first_post":false,"_jetpack_feature_clip_id":0,"_jetpack_memberships_contains_paid_content":false,"footnotes":"","jetpack_post_was_ever_published":false},"categories":[19,209,24],"tags":[],"class_list":["post-69908","post","type-post","status-publish","format-standard","has-post-thumbnail","hentry","category-colima","category-importantes","category-opinion"],"jetpack-related-posts":[],"jetpack_sharing_enabled":true,"amp_enabled":true,"jetpack_featured_media_url":"https:\/\/diarioavanzada.com.mx\/wp-content\/uploads\/2024\/12\/50819300-fd11-4af0-b008-df5de4b242b6.jpg","_links":{"self":[{"href":"https:\/\/diarioavanzada.com.mx\/index.php?rest_route=\/wp\/v2\/posts\/69908","targetHints":{"allow":["GET"]}}],"collection":[{"href":"https:\/\/diarioavanzada.com.mx\/index.php?rest_route=\/wp\/v2\/posts"}],"about":[{"href":"https:\/\/diarioavanzada.com.mx\/index.php?rest_route=\/wp\/v2\/types\/post"}],"author":[{"embeddable":true,"href":"https:\/\/diarioavanzada.com.mx\/index.php?rest_route=\/wp\/v2\/users\/9"}],"replies":[{"embeddable":true,"href":"https:\/\/diarioavanzada.com.mx\/index.php?rest_route=%2Fwp%2Fv2%2Fcomments&post=69908"}],"version-history":[{"count":0,"href":"https:\/\/diarioavanzada.com.mx\/index.php?rest_route=\/wp\/v2\/posts\/69908\/revisions"}],"wp:featuredmedia":[{"embeddable":true,"href":"https:\/\/diarioavanzada.com.mx\/index.php?rest_route=\/wp\/v2\/media\/69907"}],"wp:attachment":[{"href":"https:\/\/diarioavanzada.com.mx\/index.php?rest_route=%2Fwp%2Fv2%2Fmedia&parent=69908"}],"wp:term":[{"taxonomy":"category","embeddable":true,"href":"https:\/\/diarioavanzada.com.mx\/index.php?rest_route=%2Fwp%2Fv2%2Fcategories&post=69908"},{"taxonomy":"post_tag","embeddable":true,"href":"https:\/\/diarioavanzada.com.mx\/index.php?rest_route=%2Fwp%2Fv2%2Ftags&post=69908"}],"curies":[{"name":"wp","href":"https:\/\/api.w.org\/{rel}","templated":true}]}}