{"id":69787,"date":"2024-12-23T09:46:19","date_gmt":"2024-12-23T15:46:19","guid":{"rendered":"https:\/\/diarioavanzada.com.mx\/?p=69787"},"modified":"2024-12-23T09:46:19","modified_gmt":"2024-12-23T15:46:19","slug":"se-pronostican-chubascos-y-ambiente-calido-en-colima-este-lunes","status":"publish","type":"post","link":"https:\/\/diarioavanzada.com.mx\/?p=69787","title":{"rendered":"Se pronostican chubascos y ambiente c\u00e1lido en Colima este lunes"},"content":{"rendered":"\n<p class=\"p1 wp-block-paragraph\">Colima, M\u00e9xico, Avanzada (23\/12\/2024).- Una vaguada en niveles altos de la atm\u00f3sfera, combinada con la corriente en chorro subtropical, generar\u00e1 condiciones de lluvia y temperaturas variables en varias regiones del pa\u00eds, incluido Colima.<\/p>\n\n\n\n<p class=\"p1 wp-block-paragraph\">Para este lunes, se esperan intervalos de chubascos (5 a 25 mm) en el estado, acompa\u00f1ados de posibles descargas el\u00e9ctricas. Durante la ma\u00f1ana, el ambiente ser\u00e1 fr\u00edo en zonas altas, mientras que en la tarde se prev\u00e9 un clima c\u00e1lido, con m\u00e1ximas de 30 a 35 \u00b0C.<\/p>\n\n\n\n<p class=\"p1 wp-block-paragraph\">En la regi\u00f3n del Pac\u00edfico Centro, el cielo estar\u00e1 parcialmente nublado por la ma\u00f1ana y las lluvias se concentrar\u00e1n en las tardes. Adem\u00e1s, se registrar\u00e1n vientos de componente oeste con rachas de hasta 40 km\/h.<\/p>\n\n\n\n<p class=\"p1 wp-block-paragraph\">Se recomienda a la poblaci\u00f3n mantenerse informada y tomar precauciones ante las lluvias y posibles cambios en las condiciones clim\u00e1ticas.<\/p>\n<div class=\"fb-background-color\">\n\t\t\t  <div \n\t\t\t  \tclass = \"fb-comments\" \n\t\t\t  \tdata-href = \"https:\/\/diarioavanzada.com.mx\/?p=69787\"\n\t\t\t  \tdata-numposts = \"10\"\n\t\t\t  \tdata-lazy = \"true\"\n\t\t\t\tdata-colorscheme = \"light\"\n\t\t\t\tdata-order-by = \"social\"\n\t\t\t\tdata-mobile=true>\n\t\t\t  <\/div><\/div>\n\t\t  <style>\n\t\t    .fb-background-color {\n\t\t\t\tbackground:  !important;\n\t\t\t}\n\t\t\t.fb_iframe_widget_fluid_desktop iframe {\n\t\t\t    width: 100% !important;\n\t\t\t}\n\t\t  <\/style>\n\t\t  ","protected":false},"excerpt":{"rendered":"<p>Colima, M\u00e9xico, Avanzada (23\/12\/2024).- Una vaguada en niveles altos de la atm\u00f3sfera, combinada con la corriente en chorro subtropical, generar\u00e1 condiciones de lluvia y temperaturas variables en varias regiones del pa\u00eds, incluido Colima. Para este lunes, se esperan intervalos de chubascos (5 a 25 mm) en el estado, acompa\u00f1ados de posibles descargas el\u00e9ctricas. Durante la [&hellip;]<\/p>\n","protected":false},"author":7,"featured_media":69786,"comment_status":"closed","ping_status":"closed","sticky":false,"template":"","format":"standard","meta":{"_coblocks_attr":"","_coblocks_dimensions":"","_coblocks_responsive_height":"","_coblocks_accordion_ie_support":"","_crdt_document":"","advanced_seo_description":"","jetpack_seo_html_title":"","jetpack_seo_noindex":false,"_jetpack_memberships_contains_paid_content":false,"footnotes":""},"categories":[19,209,7],"tags":[],"class_list":["post-69787","post","type-post","status-publish","format-standard","has-post-thumbnail","hentry","category-colima","category-importantes","category-noticias"],"jetpack_featured_media_url":"https:\/\/diarioavanzada.com.mx\/wp-content\/uploads\/2024\/12\/img_1025-1.jpg","jetpack-related-posts":[],"jetpack_sharing_enabled":true,"amp_enabled":true,"_links":{"self":[{"href":"https:\/\/diarioavanzada.com.mx\/index.php?rest_route=\/wp\/v2\/posts\/69787","targetHints":{"allow":["GET"]}}],"collection":[{"href":"https:\/\/diarioavanzada.com.mx\/index.php?rest_route=\/wp\/v2\/posts"}],"about":[{"href":"https:\/\/diarioavanzada.com.mx\/index.php?rest_route=\/wp\/v2\/types\/post"}],"author":[{"embeddable":true,"href":"https:\/\/diarioavanzada.com.mx\/index.php?rest_route=\/wp\/v2\/users\/7"}],"replies":[{"embeddable":true,"href":"https:\/\/diarioavanzada.com.mx\/index.php?rest_route=%2Fwp%2Fv2%2Fcomments&post=69787"}],"version-history":[{"count":0,"href":"https:\/\/diarioavanzada.com.mx\/index.php?rest_route=\/wp\/v2\/posts\/69787\/revisions"}],"wp:featuredmedia":[{"embeddable":true,"href":"https:\/\/diarioavanzada.com.mx\/index.php?rest_route=\/wp\/v2\/media\/69786"}],"wp:attachment":[{"href":"https:\/\/diarioavanzada.com.mx\/index.php?rest_route=%2Fwp%2Fv2%2Fmedia&parent=69787"}],"wp:term":[{"taxonomy":"category","embeddable":true,"href":"https:\/\/diarioavanzada.com.mx\/index.php?rest_route=%2Fwp%2Fv2%2Fcategories&post=69787"},{"taxonomy":"post_tag","embeddable":true,"href":"https:\/\/diarioavanzada.com.mx\/index.php?rest_route=%2Fwp%2Fv2%2Ftags&post=69787"}],"curies":[{"name":"wp","href":"https:\/\/api.w.org\/{rel}","templated":true}]}}