{"id":69707,"date":"2024-12-22T12:25:48","date_gmt":"2024-12-22T18:25:48","guid":{"rendered":"https:\/\/diarioavanzada.com.mx\/?p=69707"},"modified":"2024-12-22T12:27:45","modified_gmt":"2024-12-22T18:27:45","slug":"intentaron-matar-a-policias-de-manzanillo-los-vinculan-a-proceso","status":"publish","type":"post","link":"https:\/\/diarioavanzada.com.mx\/?p=69707","title":{"rendered":"Intentaron matar a polic\u00edas de Manzanillo: los vinculan a proceso"},"content":{"rendered":"\n<p class=\"wp-block-paragraph\">Manzanillo, M\u00e9xico, Comunicado (22\/12\/2024).- Por el hecho constitutivo del delito de homicidio calificado en grado de tentativa y derivado de las investigaciones correspondientes que llev\u00f3 a cabo la Fiscal\u00eda General del Estado (FGE), Eduardo \u201cN\u201d y Juan Carlos \u201cN\u201d fueron vinculados a proceso por lo ocurrido en agravio de elementos de la Polic\u00eda Municipal de Manzanillo.<\/p>\n\n\n\n<p class=\"wp-block-paragraph\">De acuerdo con lo establecido en la carpeta de investigaci\u00f3n, el pasado 02 de diciembre, C5i report\u00f3 personas armadas en el Ejido de Campos, lugar al que acudieron elementos de la Polic\u00eda Municipal y encontraron a los imputados a bordo de un veh\u00edculo, uno de ellos dispar\u00f3 en contra de los agentes y posteriormente ambos huyeron del sitio, siendo perseguidos por los elementos municipales; al darles alcance, nuevamente dispararon en contra de los municipales; posteriormente se logr\u00f3 su detenci\u00f3n.&nbsp;<\/p>\n\n\n\n<p class=\"wp-block-paragraph\">El juez, tras revisar los datos de prueba presentados por la Fiscal\u00eda, determin\u00f3 que exist\u00edan suficientes indicios de su probable participaci\u00f3n en el hecho, por lo que les dict\u00f3 auto de vinculaci\u00f3n a proceso. Adem\u00e1s, se les impuso prisi\u00f3n preventiva como medida cautelar, y se fij\u00f3 un plazo de tres meses y quince d\u00edas para el cierre de la investigaci\u00f3n complementaria.<\/p>\n<div class=\"fb-background-color\">\n\t\t\t  <div \n\t\t\t  \tclass = \"fb-comments\" \n\t\t\t  \tdata-href = \"https:\/\/diarioavanzada.com.mx\/?p=69707\"\n\t\t\t  \tdata-numposts = \"10\"\n\t\t\t  \tdata-lazy = \"true\"\n\t\t\t\tdata-colorscheme = \"light\"\n\t\t\t\tdata-order-by = \"social\"\n\t\t\t\tdata-mobile=true>\n\t\t\t  <\/div><\/div>\n\t\t  <style>\n\t\t    .fb-background-color {\n\t\t\t\tbackground:  !important;\n\t\t\t}\n\t\t\t.fb_iframe_widget_fluid_desktop iframe {\n\t\t\t    width: 100% !important;\n\t\t\t}\n\t\t  <\/style>\n\t\t  ","protected":false},"excerpt":{"rendered":"<p>Manzanillo, M\u00e9xico, Comunicado (22\/12\/2024).- Por el hecho constitutivo del delito de homicidio calificado en grado de tentativa y derivado de las investigaciones correspondientes que llev\u00f3 a cabo la Fiscal\u00eda General del Estado (FGE), Eduardo \u201cN\u201d y Juan Carlos \u201cN\u201d fueron vinculados a proceso por lo ocurrido en agravio de elementos de la Polic\u00eda Municipal de [&hellip;]<\/p>\n","protected":false},"author":7,"featured_media":69708,"comment_status":"closed","ping_status":"closed","sticky":false,"template":"","format":"standard","meta":{"_coblocks_attr":"","_coblocks_dimensions":"","_coblocks_responsive_height":"","_coblocks_accordion_ie_support":"","_crdt_document":"","advanced_seo_description":"","jetpack_seo_html_title":"","jetpack_seo_noindex":false,"_jetpack_memberships_contains_paid_content":false,"footnotes":""},"categories":[19,209,231],"tags":[],"class_list":["post-69707","post","type-post","status-publish","format-standard","has-post-thumbnail","hentry","category-colima","category-importantes","category-seguridad"],"jetpack_featured_media_url":"https:\/\/diarioavanzada.com.mx\/wp-content\/uploads\/2024\/12\/img_2158-1.jpg","jetpack-related-posts":[],"jetpack_sharing_enabled":true,"amp_enabled":true,"_links":{"self":[{"href":"https:\/\/diarioavanzada.com.mx\/index.php?rest_route=\/wp\/v2\/posts\/69707","targetHints":{"allow":["GET"]}}],"collection":[{"href":"https:\/\/diarioavanzada.com.mx\/index.php?rest_route=\/wp\/v2\/posts"}],"about":[{"href":"https:\/\/diarioavanzada.com.mx\/index.php?rest_route=\/wp\/v2\/types\/post"}],"author":[{"embeddable":true,"href":"https:\/\/diarioavanzada.com.mx\/index.php?rest_route=\/wp\/v2\/users\/7"}],"replies":[{"embeddable":true,"href":"https:\/\/diarioavanzada.com.mx\/index.php?rest_route=%2Fwp%2Fv2%2Fcomments&post=69707"}],"version-history":[{"count":1,"href":"https:\/\/diarioavanzada.com.mx\/index.php?rest_route=\/wp\/v2\/posts\/69707\/revisions"}],"predecessor-version":[{"id":69709,"href":"https:\/\/diarioavanzada.com.mx\/index.php?rest_route=\/wp\/v2\/posts\/69707\/revisions\/69709"}],"wp:featuredmedia":[{"embeddable":true,"href":"https:\/\/diarioavanzada.com.mx\/index.php?rest_route=\/wp\/v2\/media\/69708"}],"wp:attachment":[{"href":"https:\/\/diarioavanzada.com.mx\/index.php?rest_route=%2Fwp%2Fv2%2Fmedia&parent=69707"}],"wp:term":[{"taxonomy":"category","embeddable":true,"href":"https:\/\/diarioavanzada.com.mx\/index.php?rest_route=%2Fwp%2Fv2%2Fcategories&post=69707"},{"taxonomy":"post_tag","embeddable":true,"href":"https:\/\/diarioavanzada.com.mx\/index.php?rest_route=%2Fwp%2Fv2%2Ftags&post=69707"}],"curies":[{"name":"wp","href":"https:\/\/api.w.org\/{rel}","templated":true}]}}