{"id":69693,"date":"2024-12-22T10:01:51","date_gmt":"2024-12-22T16:01:51","guid":{"rendered":"https:\/\/diarioavanzada.com.mx\/?p=69693"},"modified":"2024-12-22T10:01:51","modified_gmt":"2024-12-22T16:01:51","slug":"colima-alcanzara-temperaturas-maximas-de-hasta-35-c-este-dia-3","status":"publish","type":"post","link":"https:\/\/diarioavanzada.com.mx\/?p=69693","title":{"rendered":"Colima alcanzar\u00e1 temperaturas m\u00e1ximas de hasta 35 \u00b0C este d\u00eda"},"content":{"rendered":"\n<p class=\"p1 wp-block-paragraph\">Colima, M\u00e9xico, Avanzada (22\/12\/2024).- Para este domingo, en Colima se espera un cielo parcialmente nublado por la ma\u00f1ana con ambiente fresco, mientras que por la tarde predominar\u00e1 un clima c\u00e1lido, con temperaturas que podr\u00edan alcanzar hasta 35 \u00b0C en zonas costeras.<\/p>\n\n\n\n<p class=\"p1 wp-block-paragraph\">El ingreso de humedad del oc\u00e9ano Pac\u00edfico generar\u00e1 chubascos, que podr\u00edan estar acompa\u00f1ados de descargas el\u00e9ctricas. Adem\u00e1s, se prev\u00e9 viento de componente oeste con rachas de hasta 40 km\/h.<\/p>\n\n\n\n<p class=\"p1 wp-block-paragraph\">Las autoridades recomiendan mantenerse informados y tomar precauciones ante la posibilidad de lluvias y viento.<\/p>\n<div class=\"fb-background-color\">\n\t\t\t  <div \n\t\t\t  \tclass = \"fb-comments\" \n\t\t\t  \tdata-href = \"https:\/\/diarioavanzada.com.mx\/?p=69693\"\n\t\t\t  \tdata-numposts = \"10\"\n\t\t\t  \tdata-lazy = \"true\"\n\t\t\t\tdata-colorscheme = \"light\"\n\t\t\t\tdata-order-by = \"social\"\n\t\t\t\tdata-mobile=true>\n\t\t\t  <\/div><\/div>\n\t\t  <style>\n\t\t    .fb-background-color {\n\t\t\t\tbackground:  !important;\n\t\t\t}\n\t\t\t.fb_iframe_widget_fluid_desktop iframe {\n\t\t\t    width: 100% !important;\n\t\t\t}\n\t\t  <\/style>\n\t\t  ","protected":false},"excerpt":{"rendered":"<p>Colima, M\u00e9xico, Avanzada (22\/12\/2024).- Para este domingo, en Colima se espera un cielo parcialmente nublado por la ma\u00f1ana con ambiente fresco, mientras que por la tarde predominar\u00e1 un clima c\u00e1lido, con temperaturas que podr\u00edan alcanzar hasta 35 \u00b0C en zonas costeras. El ingreso de humedad del oc\u00e9ano Pac\u00edfico generar\u00e1 chubascos, que podr\u00edan estar acompa\u00f1ados de [&hellip;]<\/p>\n","protected":false},"author":7,"featured_media":69692,"comment_status":"closed","ping_status":"closed","sticky":false,"template":"","format":"standard","meta":{"_coblocks_attr":"","_coblocks_dimensions":"","_coblocks_responsive_height":"","_coblocks_accordion_ie_support":"","_crdt_document":"","advanced_seo_description":"","jetpack_seo_html_title":"","jetpack_seo_noindex":false,"_jetpack_memberships_contains_paid_content":false,"footnotes":""},"categories":[19,7],"tags":[],"class_list":["post-69693","post","type-post","status-publish","format-standard","has-post-thumbnail","hentry","category-colima","category-noticias"],"jetpack_featured_media_url":"https:\/\/diarioavanzada.com.mx\/wp-content\/uploads\/2024\/12\/img_0999-1-1.jpg","jetpack-related-posts":[],"jetpack_sharing_enabled":true,"amp_enabled":true,"_links":{"self":[{"href":"https:\/\/diarioavanzada.com.mx\/index.php?rest_route=\/wp\/v2\/posts\/69693","targetHints":{"allow":["GET"]}}],"collection":[{"href":"https:\/\/diarioavanzada.com.mx\/index.php?rest_route=\/wp\/v2\/posts"}],"about":[{"href":"https:\/\/diarioavanzada.com.mx\/index.php?rest_route=\/wp\/v2\/types\/post"}],"author":[{"embeddable":true,"href":"https:\/\/diarioavanzada.com.mx\/index.php?rest_route=\/wp\/v2\/users\/7"}],"replies":[{"embeddable":true,"href":"https:\/\/diarioavanzada.com.mx\/index.php?rest_route=%2Fwp%2Fv2%2Fcomments&post=69693"}],"version-history":[{"count":0,"href":"https:\/\/diarioavanzada.com.mx\/index.php?rest_route=\/wp\/v2\/posts\/69693\/revisions"}],"wp:featuredmedia":[{"embeddable":true,"href":"https:\/\/diarioavanzada.com.mx\/index.php?rest_route=\/wp\/v2\/media\/69692"}],"wp:attachment":[{"href":"https:\/\/diarioavanzada.com.mx\/index.php?rest_route=%2Fwp%2Fv2%2Fmedia&parent=69693"}],"wp:term":[{"taxonomy":"category","embeddable":true,"href":"https:\/\/diarioavanzada.com.mx\/index.php?rest_route=%2Fwp%2Fv2%2Fcategories&post=69693"},{"taxonomy":"post_tag","embeddable":true,"href":"https:\/\/diarioavanzada.com.mx\/index.php?rest_route=%2Fwp%2Fv2%2Ftags&post=69693"}],"curies":[{"name":"wp","href":"https:\/\/api.w.org\/{rel}","templated":true}]}}