{"id":69684,"date":"2024-12-22T09:22:30","date_gmt":"2024-12-22T15:22:30","guid":{"rendered":"https:\/\/diarioavanzada.com.mx\/?p=69684"},"modified":"2024-12-22T09:22:30","modified_gmt":"2024-12-22T15:22:30","slug":"se-busca-abel-desaparecio-el-20-de-diciembre-en-colima","status":"publish","type":"post","link":"https:\/\/diarioavanzada.com.mx\/?p=69684","title":{"rendered":"Se busca: Abel desapareci\u00f3 el 20 de diciembre en Colima"},"content":{"rendered":"\n<p class=\"wp-block-paragraph\">Colima, M\u00e9xico, Avanzada (22\/12\/2024).-La Comisi\u00f3n de B\u00fasqueda de Personas del Estado de Colima ha emitido una ficha de b\u00fasqueda para localizar a Abel Corona S\u00e1nchez, un hombre de 62 a\u00f1os que desapareci\u00f3 el pasado 18 de diciembre en la capital del estado. La denuncia fue presentada el 20 de diciembre de 2024.<\/p>\n\n\n\n<p class=\"wp-block-paragraph\">Abel mide 1.65 metros de altura, tiene una tez blanca, rostro redondo y nariz afilada. Su cabello es negro, ondulado y canoso, y sus ojos son peque\u00f1os de color miel. Adem\u00e1s, presenta varios rasgos distintivos, como un tatuaje con el nombre \u201cGuadalupe\u201d en uno de sus brazos, y una cicatriz de una operaci\u00f3n en la columna. Tambi\u00e9n le falta la primera falange del dedo \u00edndice de la mano derecha.<\/p>\n\n\n\n<p class=\"wp-block-paragraph\">Cuando fue visto por \u00faltima vez, Abel vest\u00eda un pantal\u00f3n de mezclilla oscuro, una camisa verde, tenis Nike grises y llevaba una mochila oscura.<\/p>\n\n\n\n<p class=\"wp-block-paragraph\">La Comisi\u00f3n solicita a la ciudadan\u00eda que, en caso de tener informaci\u00f3n sobre su paradero, se comuniquen al n\u00famero 312 131 3809.<\/p>\n\n\n\n<figure class=\"wp-block-image size-large\"><img loading=\"lazy\" decoding=\"async\" width=\"940\" height=\"788\" src=\"https:\/\/diarioavanzada.com.mx\/wp-content\/uploads\/2024\/12\/aa7cc545-41b0-4f33-833c-7cacb8bab9c8-1.jpg\" class=\"wp-image-69682\" srcset=\"https:\/\/diarioavanzada.com.mx\/wp-content\/uploads\/2024\/12\/aa7cc545-41b0-4f33-833c-7cacb8bab9c8-1.jpg 940w, https:\/\/diarioavanzada.com.mx\/wp-content\/uploads\/2024\/12\/aa7cc545-41b0-4f33-833c-7cacb8bab9c8-1-300x251.jpg 300w, https:\/\/diarioavanzada.com.mx\/wp-content\/uploads\/2024\/12\/aa7cc545-41b0-4f33-833c-7cacb8bab9c8-1-768x644.jpg 768w\" sizes=\"auto, (max-width: 940px) 100vw, 940px\" \/><\/figure>\n<div class=\"fb-background-color\">\n\t\t\t  <div \n\t\t\t  \tclass = \"fb-comments\" \n\t\t\t  \tdata-href = \"https:\/\/diarioavanzada.com.mx\/?p=69684\"\n\t\t\t  \tdata-numposts = \"10\"\n\t\t\t  \tdata-lazy = \"true\"\n\t\t\t\tdata-colorscheme = \"light\"\n\t\t\t\tdata-order-by = \"social\"\n\t\t\t\tdata-mobile=true>\n\t\t\t  <\/div><\/div>\n\t\t  <style>\n\t\t    .fb-background-color {\n\t\t\t\tbackground:  !important;\n\t\t\t}\n\t\t\t.fb_iframe_widget_fluid_desktop iframe {\n\t\t\t    width: 100% !important;\n\t\t\t}\n\t\t  <\/style>\n\t\t  ","protected":false},"excerpt":{"rendered":"<p>Colima, M\u00e9xico, Avanzada (22\/12\/2024).-La Comisi\u00f3n de B\u00fasqueda de Personas del Estado de Colima ha emitido una ficha de b\u00fasqueda para localizar a Abel Corona S\u00e1nchez, un hombre de 62 a\u00f1os que desapareci\u00f3 el pasado 18 de diciembre en la capital del estado. La denuncia fue presentada el 20 de diciembre de 2024. Abel mide 1.65 [&hellip;]<\/p>\n","protected":false},"author":7,"featured_media":69683,"comment_status":"closed","ping_status":"closed","sticky":false,"template":"","format":"standard","meta":{"_coblocks_attr":"","_coblocks_dimensions":"","_coblocks_responsive_height":"","_coblocks_accordion_ie_support":"","_crdt_document":"","advanced_seo_description":"","jetpack_seo_html_title":"","jetpack_seo_noindex":false,"_jetpack_memberships_contains_paid_content":false,"footnotes":""},"categories":[19,209,231],"tags":[],"class_list":["post-69684","post","type-post","status-publish","format-standard","has-post-thumbnail","hentry","category-colima","category-importantes","category-seguridad"],"jetpack_featured_media_url":"https:\/\/diarioavanzada.com.mx\/wp-content\/uploads\/2024\/12\/aa7cc545-41b0-4f33-833c-7cacb8bab9c8-2-1.jpg","jetpack-related-posts":[],"jetpack_sharing_enabled":true,"amp_enabled":true,"_links":{"self":[{"href":"https:\/\/diarioavanzada.com.mx\/index.php?rest_route=\/wp\/v2\/posts\/69684","targetHints":{"allow":["GET"]}}],"collection":[{"href":"https:\/\/diarioavanzada.com.mx\/index.php?rest_route=\/wp\/v2\/posts"}],"about":[{"href":"https:\/\/diarioavanzada.com.mx\/index.php?rest_route=\/wp\/v2\/types\/post"}],"author":[{"embeddable":true,"href":"https:\/\/diarioavanzada.com.mx\/index.php?rest_route=\/wp\/v2\/users\/7"}],"replies":[{"embeddable":true,"href":"https:\/\/diarioavanzada.com.mx\/index.php?rest_route=%2Fwp%2Fv2%2Fcomments&post=69684"}],"version-history":[{"count":0,"href":"https:\/\/diarioavanzada.com.mx\/index.php?rest_route=\/wp\/v2\/posts\/69684\/revisions"}],"wp:featuredmedia":[{"embeddable":true,"href":"https:\/\/diarioavanzada.com.mx\/index.php?rest_route=\/wp\/v2\/media\/69683"}],"wp:attachment":[{"href":"https:\/\/diarioavanzada.com.mx\/index.php?rest_route=%2Fwp%2Fv2%2Fmedia&parent=69684"}],"wp:term":[{"taxonomy":"category","embeddable":true,"href":"https:\/\/diarioavanzada.com.mx\/index.php?rest_route=%2Fwp%2Fv2%2Fcategories&post=69684"},{"taxonomy":"post_tag","embeddable":true,"href":"https:\/\/diarioavanzada.com.mx\/index.php?rest_route=%2Fwp%2Fv2%2Ftags&post=69684"}],"curies":[{"name":"wp","href":"https:\/\/api.w.org\/{rel}","templated":true}]}}