{"id":69671,"date":"2024-12-22T05:33:58","date_gmt":"2024-12-22T11:33:58","guid":{"rendered":"https:\/\/diarioavanzada.com.mx\/?p=69671"},"modified":"2024-12-22T05:33:58","modified_gmt":"2024-12-22T11:33:58","slug":"guadalupe-mantenia-encadenado-a-su-hijo-de-11-anos-la-vinculan-a-proceso","status":"publish","type":"post","link":"https:\/\/diarioavanzada.com.mx\/?p=69671","title":{"rendered":"Guadalupe manten\u00eda encadenado a su hijo de 11 a\u00f1os, la vinculan a proceso"},"content":{"rendered":"\n<p class=\"wp-block-paragraph\">Sonora, M\u00e9xico, Comunicado (22\/12\/2024).- La Fiscal\u00eda General de Justicia del Estado de Sonora (FGJES), logr\u00f3 la vinculaci\u00f3n a proceso de Elvira Guadalupe \u201cN\u201d, de 35 a\u00f1os, por el delito de maltrato infantil agravado en perjuicio de su hijo de 11 a\u00f1os.<\/p>\n\n\n\n<p class=\"wp-block-paragraph\">Los hechos ocurrieron el pasado 17 de diciembre, alrededor de las 10:00 horas, en un domicilio ubicado en la calle Palo Torote, en la colonia Palo Verde, en Hermosillo, donde la imputada presuntamente ejerci\u00f3 violencia f\u00edsica y emocional contra el menor.<\/p>\n\n\n\n<p class=\"wp-block-paragraph\">La mujer fue capturada en flagrancia por oficiales de la Polic\u00eda Municipal de Hermosillo, al mantener al ni\u00f1o atado del pie derecho con una cadena y un candado, ocasionando da\u00f1o f\u00edsico y un deterioro emocional en la v\u00edctima.<\/p>\n\n\n\n<p class=\"wp-block-paragraph\">Tras integrar la carpeta de investigaci\u00f3n con perspectiva de ni\u00f1ez, el agente del Ministerio P\u00fablico, adscrito al Centro de Atenci\u00f3n Temprana (CAT) con Detenidos y Violencia Familiar, present\u00f3 los datos de prueba suficientes para que el Juez determinara la vinculaci\u00f3n a proceso; adem\u00e1s, se impuso prisi\u00f3n preventiva justificada como medida cautelar.<\/p>\n\n\n\n<p class=\"wp-block-paragraph\"><\/p>\n<div class=\"fb-background-color\">\n\t\t\t  <div \n\t\t\t  \tclass = \"fb-comments\" \n\t\t\t  \tdata-href = \"https:\/\/diarioavanzada.com.mx\/?p=69671\"\n\t\t\t  \tdata-numposts = \"10\"\n\t\t\t  \tdata-lazy = \"true\"\n\t\t\t\tdata-colorscheme = \"light\"\n\t\t\t\tdata-order-by = \"social\"\n\t\t\t\tdata-mobile=true>\n\t\t\t  <\/div><\/div>\n\t\t  <style>\n\t\t    .fb-background-color {\n\t\t\t\tbackground:  !important;\n\t\t\t}\n\t\t\t.fb_iframe_widget_fluid_desktop iframe {\n\t\t\t    width: 100% !important;\n\t\t\t}\n\t\t  <\/style>\n\t\t  ","protected":false},"excerpt":{"rendered":"<p>Sonora, M\u00e9xico, Comunicado (22\/12\/2024).- La Fiscal\u00eda General de Justicia del Estado de Sonora (FGJES), logr\u00f3 la vinculaci\u00f3n a proceso de Elvira Guadalupe \u201cN\u201d, de 35 a\u00f1os, por el delito de maltrato infantil agravado en perjuicio de su hijo de 11 a\u00f1os. Los hechos ocurrieron el pasado 17 de diciembre, alrededor de las 10:00 horas, en [&hellip;]<\/p>\n","protected":false},"author":7,"featured_media":69670,"comment_status":"closed","ping_status":"closed","sticky":false,"template":"","format":"standard","meta":{"_coblocks_attr":"","_coblocks_dimensions":"","_coblocks_responsive_height":"","_coblocks_accordion_ie_support":"","_crdt_document":"","advanced_seo_description":"","jetpack_seo_html_title":"","jetpack_seo_noindex":false,"_jetpack_memberships_contains_paid_content":false,"footnotes":""},"categories":[22,231],"tags":[],"class_list":["post-69671","post","type-post","status-publish","format-standard","has-post-thumbnail","hentry","category-nacion","category-seguridad"],"jetpack_featured_media_url":"https:\/\/diarioavanzada.com.mx\/wp-content\/uploads\/2024\/12\/img_2127-1.jpg","jetpack-related-posts":[],"jetpack_sharing_enabled":true,"amp_enabled":true,"_links":{"self":[{"href":"https:\/\/diarioavanzada.com.mx\/index.php?rest_route=\/wp\/v2\/posts\/69671","targetHints":{"allow":["GET"]}}],"collection":[{"href":"https:\/\/diarioavanzada.com.mx\/index.php?rest_route=\/wp\/v2\/posts"}],"about":[{"href":"https:\/\/diarioavanzada.com.mx\/index.php?rest_route=\/wp\/v2\/types\/post"}],"author":[{"embeddable":true,"href":"https:\/\/diarioavanzada.com.mx\/index.php?rest_route=\/wp\/v2\/users\/7"}],"replies":[{"embeddable":true,"href":"https:\/\/diarioavanzada.com.mx\/index.php?rest_route=%2Fwp%2Fv2%2Fcomments&post=69671"}],"version-history":[{"count":0,"href":"https:\/\/diarioavanzada.com.mx\/index.php?rest_route=\/wp\/v2\/posts\/69671\/revisions"}],"wp:featuredmedia":[{"embeddable":true,"href":"https:\/\/diarioavanzada.com.mx\/index.php?rest_route=\/wp\/v2\/media\/69670"}],"wp:attachment":[{"href":"https:\/\/diarioavanzada.com.mx\/index.php?rest_route=%2Fwp%2Fv2%2Fmedia&parent=69671"}],"wp:term":[{"taxonomy":"category","embeddable":true,"href":"https:\/\/diarioavanzada.com.mx\/index.php?rest_route=%2Fwp%2Fv2%2Fcategories&post=69671"},{"taxonomy":"post_tag","embeddable":true,"href":"https:\/\/diarioavanzada.com.mx\/index.php?rest_route=%2Fwp%2Fv2%2Ftags&post=69671"}],"curies":[{"name":"wp","href":"https:\/\/api.w.org\/{rel}","templated":true}]}}