{"id":69603,"date":"2024-12-21T09:15:35","date_gmt":"2024-12-21T15:15:35","guid":{"rendered":"https:\/\/diarioavanzada.com.mx\/?p=69603"},"modified":"2024-12-21T09:15:35","modified_gmt":"2024-12-21T15:15:35","slug":"uepc-colima-emite-recomendaciones-para-evitar-emergencias-en-casa-al-salir-de-vacaciones","status":"publish","type":"post","link":"https:\/\/diarioavanzada.com.mx\/?p=69603","title":{"rendered":"UEPC Colima emite recomendaciones para evitar emergencias en casa al salir de vacaciones"},"content":{"rendered":"\n<p class=\"wp-block-paragraph\">Colima, M\u00e9xico, Comunicado (21\/12\/2024).- Durante esta temporada vacacional decembrina, la Unidad Estatal de Protecci\u00f3n Civil (UEPC) del Gobierno del Estado de Colima exhorta a las y los colimenses a tomar medidas preventivas, en caso de salir de casa.<\/p>\n\n\n\n<p class=\"wp-block-paragraph\">Erick Alberto Gonz\u00e1lez S\u00e1nchez, director general de la UEPC, destaca que al no estar en nuestros hogares pueden ocurrir incidentes que pongan en riesgo nuestro patrimonio, por lo que al salir de vacaciones es primordial tomar medidas preventivas.<\/p>\n\n\n\n<p class=\"wp-block-paragraph\">&#8220;Con acciones muy sencillas podemos prevenir emergencias mayores, es recomendable que al ausentarnos por algunos d\u00edas en casa nos aseguremos de desconectar todos los aparatos electr\u00f3nicos, cerrar las llaves de gas, bajar las pastillas el\u00e9ctricas y pedir a alg\u00fan familiar o vecino de confianza realizar visitas peri\u00f3dicamente a tu domicilio para corroborar que todo est\u00e9 en orden&#8221;.<\/p>\n\n\n\n<p class=\"wp-block-paragraph\">El titular de la UEPC, destaca que durante el mes de diciembre en todo el pa\u00eds aumentan los reportes de incendios en casa habitaci\u00f3n, originados en su mayor\u00eda por cortos circuitos que no llegan a ser percibidos al instante.<\/p>\n\n\n\n<p class=\"wp-block-paragraph\">Finalmente, record\u00f3 a la poblaci\u00f3n en general que, ante cualquier situaci\u00f3n de emergencia, es importante realizar el reporte correspondiente al n\u00famero telef\u00f3nico 911.<\/p>\n<div class=\"fb-background-color\">\n\t\t\t  <div \n\t\t\t  \tclass = \"fb-comments\" \n\t\t\t  \tdata-href = \"https:\/\/diarioavanzada.com.mx\/?p=69603\"\n\t\t\t  \tdata-numposts = \"10\"\n\t\t\t  \tdata-lazy = \"true\"\n\t\t\t\tdata-colorscheme = \"light\"\n\t\t\t\tdata-order-by = \"social\"\n\t\t\t\tdata-mobile=true>\n\t\t\t  <\/div><\/div>\n\t\t  <style>\n\t\t    .fb-background-color {\n\t\t\t\tbackground:  !important;\n\t\t\t}\n\t\t\t.fb_iframe_widget_fluid_desktop iframe {\n\t\t\t    width: 100% !important;\n\t\t\t}\n\t\t  <\/style>\n\t\t  ","protected":false},"excerpt":{"rendered":"<p>Colima, M\u00e9xico, Comunicado (21\/12\/2024).- Durante esta temporada vacacional decembrina, la Unidad Estatal de Protecci\u00f3n Civil (UEPC) del Gobierno del Estado de Colima exhorta a las y los colimenses a tomar medidas preventivas, en caso de salir de casa. Erick Alberto Gonz\u00e1lez S\u00e1nchez, director general de la UEPC, destaca que al no estar en nuestros hogares [&hellip;]<\/p>\n","protected":false},"author":7,"featured_media":69602,"comment_status":"closed","ping_status":"closed","sticky":false,"template":"","format":"standard","meta":{"_coblocks_attr":"","_coblocks_dimensions":"","_coblocks_responsive_height":"","_coblocks_accordion_ie_support":"","_crdt_document":"","advanced_seo_description":"","jetpack_seo_html_title":"","jetpack_seo_noindex":false,"_jetpack_memberships_contains_paid_content":false,"footnotes":""},"categories":[19,209],"tags":[],"class_list":["post-69603","post","type-post","status-publish","format-standard","has-post-thumbnail","hentry","category-colima","category-importantes"],"jetpack_featured_media_url":"https:\/\/diarioavanzada.com.mx\/wp-content\/uploads\/2024\/12\/img_5856-1.jpg","jetpack-related-posts":[],"jetpack_sharing_enabled":true,"amp_enabled":true,"_links":{"self":[{"href":"https:\/\/diarioavanzada.com.mx\/index.php?rest_route=\/wp\/v2\/posts\/69603","targetHints":{"allow":["GET"]}}],"collection":[{"href":"https:\/\/diarioavanzada.com.mx\/index.php?rest_route=\/wp\/v2\/posts"}],"about":[{"href":"https:\/\/diarioavanzada.com.mx\/index.php?rest_route=\/wp\/v2\/types\/post"}],"author":[{"embeddable":true,"href":"https:\/\/diarioavanzada.com.mx\/index.php?rest_route=\/wp\/v2\/users\/7"}],"replies":[{"embeddable":true,"href":"https:\/\/diarioavanzada.com.mx\/index.php?rest_route=%2Fwp%2Fv2%2Fcomments&post=69603"}],"version-history":[{"count":0,"href":"https:\/\/diarioavanzada.com.mx\/index.php?rest_route=\/wp\/v2\/posts\/69603\/revisions"}],"wp:featuredmedia":[{"embeddable":true,"href":"https:\/\/diarioavanzada.com.mx\/index.php?rest_route=\/wp\/v2\/media\/69602"}],"wp:attachment":[{"href":"https:\/\/diarioavanzada.com.mx\/index.php?rest_route=%2Fwp%2Fv2%2Fmedia&parent=69603"}],"wp:term":[{"taxonomy":"category","embeddable":true,"href":"https:\/\/diarioavanzada.com.mx\/index.php?rest_route=%2Fwp%2Fv2%2Fcategories&post=69603"},{"taxonomy":"post_tag","embeddable":true,"href":"https:\/\/diarioavanzada.com.mx\/index.php?rest_route=%2Fwp%2Fv2%2Ftags&post=69603"}],"curies":[{"name":"wp","href":"https:\/\/api.w.org\/{rel}","templated":true}]}}