{"id":69595,"date":"2024-12-20T22:31:49","date_gmt":"2024-12-21T04:31:49","guid":{"rendered":"https:\/\/diarioavanzada.com.mx\/?p=69595"},"modified":"2024-12-20T22:31:49","modified_gmt":"2024-12-21T04:31:49","slug":"se-busca-oswaldo-desaparecio-en-tecoman","status":"publish","type":"post","link":"https:\/\/diarioavanzada.com.mx\/?p=69595","title":{"rendered":"Se busca: Oswaldo desapareci\u00f3 en Tecom\u00e1n"},"content":{"rendered":"\n<p class=\"wp-block-paragraph\">Colima, M\u00e9xico, Avanzada (20\/12\/2024).-La Comisi\u00f3n de B\u00fasqueda de Personas del Estado de Colima emiti\u00f3 una ficha para localizar a Oswaldo Javier L\u00f3pez Ortiz, un hombre de 44 a\u00f1os de edad, quien fue reportado como desaparecido el 4 de diciembre de 2024. De acuerdo con las autoridades, la desaparici\u00f3n ocurri\u00f3 el 15 de enero de 2021 en el municipio de Tecom\u00e1n, Colima.<\/p>\n\n\n\n<p class=\"wp-block-paragraph\">Oswaldo tiene una estatura de 1.70 metros, rostro ovalado, frente mediana, nariz aguile\u00f1a, cabello lacio y corto de color casta\u00f1o, y ojos medianos de color caf\u00e9. Su tez es blanca. Entre sus se\u00f1as particulares destacan varios tatuajes, uno en el cuello (sin descripci\u00f3n), uno en la mano derecha de un pavo real, otro en la mano izquierda de una cobra y una imagen de la Virgen de Guadalupe en su pecho.<\/p>\n\n\n\n<p class=\"wp-block-paragraph\">En el momento de su desaparici\u00f3n, Oswaldo vest\u00eda una playera blanca con la figura de una calavera, pantal\u00f3n de mezclilla azul y calcetines color caf\u00e9, sin calzado.<\/p>\n\n\n\n<p class=\"wp-block-paragraph\">La Comisi\u00f3n solicita la colaboraci\u00f3n de la ciudadan\u00eda para cualquier informaci\u00f3n que pueda ayudar a dar con su paradero. Los informes pueden ser proporcionados al n\u00famero 312 131 3809.<\/p>\n\n\n\n<figure class=\"wp-block-image size-large\"><img loading=\"lazy\" decoding=\"async\" width=\"940\" height=\"788\" src=\"https:\/\/diarioavanzada.com.mx\/wp-content\/uploads\/2024\/12\/e805e9c8-2c2c-4593-b6df-5d1b0327df95-1.jpg\" class=\"wp-image-69596\" srcset=\"https:\/\/diarioavanzada.com.mx\/wp-content\/uploads\/2024\/12\/e805e9c8-2c2c-4593-b6df-5d1b0327df95-1.jpg 940w, https:\/\/diarioavanzada.com.mx\/wp-content\/uploads\/2024\/12\/e805e9c8-2c2c-4593-b6df-5d1b0327df95-1-300x251.jpg 300w, https:\/\/diarioavanzada.com.mx\/wp-content\/uploads\/2024\/12\/e805e9c8-2c2c-4593-b6df-5d1b0327df95-1-768x644.jpg 768w\" sizes=\"auto, (max-width: 940px) 100vw, 940px\" \/><\/figure>\n<div class=\"fb-background-color\">\n\t\t\t  <div \n\t\t\t  \tclass = \"fb-comments\" \n\t\t\t  \tdata-href = \"https:\/\/diarioavanzada.com.mx\/?p=69595\"\n\t\t\t  \tdata-numposts = \"10\"\n\t\t\t  \tdata-lazy = \"true\"\n\t\t\t\tdata-colorscheme = \"light\"\n\t\t\t\tdata-order-by = \"social\"\n\t\t\t\tdata-mobile=true>\n\t\t\t  <\/div><\/div>\n\t\t  <style>\n\t\t    .fb-background-color {\n\t\t\t\tbackground:  !important;\n\t\t\t}\n\t\t\t.fb_iframe_widget_fluid_desktop iframe {\n\t\t\t    width: 100% !important;\n\t\t\t}\n\t\t  <\/style>\n\t\t  ","protected":false},"excerpt":{"rendered":"<p>Colima, M\u00e9xico, Avanzada (20\/12\/2024).-La Comisi\u00f3n de B\u00fasqueda de Personas del Estado de Colima emiti\u00f3 una ficha para localizar a Oswaldo Javier L\u00f3pez Ortiz, un hombre de 44 a\u00f1os de edad, quien fue reportado como desaparecido el 4 de diciembre de 2024. De acuerdo con las autoridades, la desaparici\u00f3n ocurri\u00f3 el 15 de enero de 2021 [&hellip;]<\/p>\n","protected":false},"author":7,"featured_media":69597,"comment_status":"closed","ping_status":"closed","sticky":false,"template":"","format":"standard","meta":{"_coblocks_attr":"","_coblocks_dimensions":"","_coblocks_responsive_height":"","_coblocks_accordion_ie_support":"","_crdt_document":"","advanced_seo_description":"","jetpack_seo_html_title":"","jetpack_seo_noindex":false,"_jetpack_memberships_contains_paid_content":false,"footnotes":""},"categories":[19,209,7,231],"tags":[],"class_list":["post-69595","post","type-post","status-publish","format-standard","has-post-thumbnail","hentry","category-colima","category-importantes","category-noticias","category-seguridad"],"jetpack_featured_media_url":"https:\/\/diarioavanzada.com.mx\/wp-content\/uploads\/2024\/12\/img_2063-1.jpg","jetpack-related-posts":[],"jetpack_sharing_enabled":true,"amp_enabled":true,"_links":{"self":[{"href":"https:\/\/diarioavanzada.com.mx\/index.php?rest_route=\/wp\/v2\/posts\/69595","targetHints":{"allow":["GET"]}}],"collection":[{"href":"https:\/\/diarioavanzada.com.mx\/index.php?rest_route=\/wp\/v2\/posts"}],"about":[{"href":"https:\/\/diarioavanzada.com.mx\/index.php?rest_route=\/wp\/v2\/types\/post"}],"author":[{"embeddable":true,"href":"https:\/\/diarioavanzada.com.mx\/index.php?rest_route=\/wp\/v2\/users\/7"}],"replies":[{"embeddable":true,"href":"https:\/\/diarioavanzada.com.mx\/index.php?rest_route=%2Fwp%2Fv2%2Fcomments&post=69595"}],"version-history":[{"count":1,"href":"https:\/\/diarioavanzada.com.mx\/index.php?rest_route=\/wp\/v2\/posts\/69595\/revisions"}],"predecessor-version":[{"id":69598,"href":"https:\/\/diarioavanzada.com.mx\/index.php?rest_route=\/wp\/v2\/posts\/69595\/revisions\/69598"}],"wp:featuredmedia":[{"embeddable":true,"href":"https:\/\/diarioavanzada.com.mx\/index.php?rest_route=\/wp\/v2\/media\/69597"}],"wp:attachment":[{"href":"https:\/\/diarioavanzada.com.mx\/index.php?rest_route=%2Fwp%2Fv2%2Fmedia&parent=69595"}],"wp:term":[{"taxonomy":"category","embeddable":true,"href":"https:\/\/diarioavanzada.com.mx\/index.php?rest_route=%2Fwp%2Fv2%2Fcategories&post=69595"},{"taxonomy":"post_tag","embeddable":true,"href":"https:\/\/diarioavanzada.com.mx\/index.php?rest_route=%2Fwp%2Fv2%2Ftags&post=69595"}],"curies":[{"name":"wp","href":"https:\/\/api.w.org\/{rel}","templated":true}]}}