{"id":69472,"date":"2024-12-19T09:02:40","date_gmt":"2024-12-19T15:02:40","guid":{"rendered":"https:\/\/diarioavanzada.com.mx\/?p=69472"},"modified":"2024-12-19T09:02:40","modified_gmt":"2024-12-19T15:02:40","slug":"colima-alcanzara-temperaturas-maximas-de-hasta-40-c-este-dia-2","status":"publish","type":"post","link":"https:\/\/diarioavanzada.com.mx\/?p=69472","title":{"rendered":"Colima alcanzar\u00e1 temperaturas m\u00e1ximas de hasta 40 \u00b0C este d\u00eda"},"content":{"rendered":"\n<p class=\"p1 wp-block-paragraph\">Colima, M\u00e9xico, Avanzada (19\/12\/2024).- Este 19 de diciembre, se espera cielo medio nublado con lluvias aisladas en Colima, derivadas del ingreso de humedad del oc\u00e9ano Pac\u00edfico. Durante la ma\u00f1ana, se prev\u00e9 un ambiente fresco en zonas urbanas y fr\u00edo en \u00e1reas serranas, mientras que en la tarde las temperaturas alcanzar\u00e1n m\u00e1ximas de 35 a 40 \u00b0C, con un ambiente c\u00e1lido a caluroso en las costas del estado.<\/p>\n\n\n\n<p class=\"p1 wp-block-paragraph\">En el Pac\u00edfico Centro, los vientos ser\u00e1n de componente este, con velocidades de 10 a 25 km\/h y posibles rachas de hasta 50 km\/h en regiones vecinas como Jalisco.<\/p>\n\n\n\n<p class=\"p1 wp-block-paragraph\">A nivel nacional, el frente fr\u00edo No. 15 continuar\u00e1 generando lluvias intensas y bajas temperaturas en el norte, centro y sureste del pa\u00eds, aunque sus efectos en Colima ser\u00e1n limitados.<\/p>\n\n\n\n<p class=\"wp-block-paragraph\"><\/p>\n<div class=\"fb-background-color\">\n\t\t\t  <div \n\t\t\t  \tclass = \"fb-comments\" \n\t\t\t  \tdata-href = \"https:\/\/diarioavanzada.com.mx\/?p=69472\"\n\t\t\t  \tdata-numposts = \"10\"\n\t\t\t  \tdata-lazy = \"true\"\n\t\t\t\tdata-colorscheme = \"light\"\n\t\t\t\tdata-order-by = \"social\"\n\t\t\t\tdata-mobile=true>\n\t\t\t  <\/div><\/div>\n\t\t  <style>\n\t\t    .fb-background-color {\n\t\t\t\tbackground:  !important;\n\t\t\t}\n\t\t\t.fb_iframe_widget_fluid_desktop iframe {\n\t\t\t    width: 100% !important;\n\t\t\t}\n\t\t  <\/style>\n\t\t  ","protected":false},"excerpt":{"rendered":"<p>Colima, M\u00e9xico, Avanzada (19\/12\/2024).- Este 19 de diciembre, se espera cielo medio nublado con lluvias aisladas en Colima, derivadas del ingreso de humedad del oc\u00e9ano Pac\u00edfico. Durante la ma\u00f1ana, se prev\u00e9 un ambiente fresco en zonas urbanas y fr\u00edo en \u00e1reas serranas, mientras que en la tarde las temperaturas alcanzar\u00e1n m\u00e1ximas de 35 a 40 [&hellip;]<\/p>\n","protected":false},"author":7,"featured_media":69471,"comment_status":"closed","ping_status":"closed","sticky":false,"template":"","format":"standard","meta":{"_coblocks_attr":"","_coblocks_dimensions":"","_coblocks_responsive_height":"","_coblocks_accordion_ie_support":"","_crdt_document":"","advanced_seo_description":"","jetpack_seo_html_title":"","jetpack_seo_noindex":false,"_jetpack_memberships_contains_paid_content":false,"footnotes":""},"categories":[19,209,7],"tags":[],"class_list":["post-69472","post","type-post","status-publish","format-standard","has-post-thumbnail","hentry","category-colima","category-importantes","category-noticias"],"jetpack_featured_media_url":"https:\/\/diarioavanzada.com.mx\/wp-content\/uploads\/2024\/12\/img_0860-1.jpg","jetpack-related-posts":[],"jetpack_sharing_enabled":true,"amp_enabled":true,"_links":{"self":[{"href":"https:\/\/diarioavanzada.com.mx\/index.php?rest_route=\/wp\/v2\/posts\/69472","targetHints":{"allow":["GET"]}}],"collection":[{"href":"https:\/\/diarioavanzada.com.mx\/index.php?rest_route=\/wp\/v2\/posts"}],"about":[{"href":"https:\/\/diarioavanzada.com.mx\/index.php?rest_route=\/wp\/v2\/types\/post"}],"author":[{"embeddable":true,"href":"https:\/\/diarioavanzada.com.mx\/index.php?rest_route=\/wp\/v2\/users\/7"}],"replies":[{"embeddable":true,"href":"https:\/\/diarioavanzada.com.mx\/index.php?rest_route=%2Fwp%2Fv2%2Fcomments&post=69472"}],"version-history":[{"count":0,"href":"https:\/\/diarioavanzada.com.mx\/index.php?rest_route=\/wp\/v2\/posts\/69472\/revisions"}],"wp:featuredmedia":[{"embeddable":true,"href":"https:\/\/diarioavanzada.com.mx\/index.php?rest_route=\/wp\/v2\/media\/69471"}],"wp:attachment":[{"href":"https:\/\/diarioavanzada.com.mx\/index.php?rest_route=%2Fwp%2Fv2%2Fmedia&parent=69472"}],"wp:term":[{"taxonomy":"category","embeddable":true,"href":"https:\/\/diarioavanzada.com.mx\/index.php?rest_route=%2Fwp%2Fv2%2Fcategories&post=69472"},{"taxonomy":"post_tag","embeddable":true,"href":"https:\/\/diarioavanzada.com.mx\/index.php?rest_route=%2Fwp%2Fv2%2Ftags&post=69472"}],"curies":[{"name":"wp","href":"https:\/\/api.w.org\/{rel}","templated":true}]}}