{"id":69435,"date":"2024-12-19T03:49:12","date_gmt":"2024-12-19T09:49:12","guid":{"rendered":"https:\/\/diarioavanzada.com.mx\/?p=69435"},"modified":"2024-12-19T03:49:12","modified_gmt":"2024-12-19T09:49:12","slug":"detienen-a-siete-personas-por-delitos-contra-la-salud","status":"publish","type":"post","link":"https:\/\/diarioavanzada.com.mx\/?p=69435","title":{"rendered":"Detienen a siete personas por delitos contra la salud"},"content":{"rendered":"\n<p class=\"p1 wp-block-paragraph\">Colima, M\u00e9xico, Comunicado (19\/12\/2024).- En operativos preventivos realizados en Tecom\u00e1n, Colima y Manzanillo, la Polic\u00eda Estatal Preventiva, en coordinaci\u00f3n con la Secretar\u00eda de Marina, detuvo a siete personas por delitos contra la salud. Adem\u00e1s, se asegur\u00f3 droga, misma que fue puesta a disposici\u00f3n de la autoridad ministerial junto con los detenidos para el proceso legal correspondiente.<\/p>\n<div class=\"fb-background-color\">\n\t\t\t  <div \n\t\t\t  \tclass = \"fb-comments\" \n\t\t\t  \tdata-href = \"https:\/\/diarioavanzada.com.mx\/?p=69435\"\n\t\t\t  \tdata-numposts = \"10\"\n\t\t\t  \tdata-lazy = \"true\"\n\t\t\t\tdata-colorscheme = \"light\"\n\t\t\t\tdata-order-by = \"social\"\n\t\t\t\tdata-mobile=true>\n\t\t\t  <\/div><\/div>\n\t\t  <style>\n\t\t    .fb-background-color {\n\t\t\t\tbackground:  !important;\n\t\t\t}\n\t\t\t.fb_iframe_widget_fluid_desktop iframe {\n\t\t\t    width: 100% !important;\n\t\t\t}\n\t\t  <\/style>\n\t\t  ","protected":false},"excerpt":{"rendered":"<p>Colima, M\u00e9xico, Comunicado (19\/12\/2024).- En operativos preventivos realizados en Tecom\u00e1n, Colima y Manzanillo, la Polic\u00eda Estatal Preventiva, en coordinaci\u00f3n con la Secretar\u00eda de Marina, detuvo a siete personas por delitos contra la salud. Adem\u00e1s, se asegur\u00f3 droga, misma que fue puesta a disposici\u00f3n de la autoridad ministerial junto con los detenidos para el proceso legal [&hellip;]<\/p>\n","protected":false},"author":7,"featured_media":69436,"comment_status":"closed","ping_status":"closed","sticky":false,"template":"","format":"standard","meta":{"_coblocks_attr":"","_coblocks_dimensions":"","_coblocks_responsive_height":"","_coblocks_accordion_ie_support":"","_crdt_document":"","advanced_seo_description":"","jetpack_seo_html_title":"","jetpack_seo_noindex":false,"_jetpack_memberships_contains_paid_content":false,"footnotes":""},"categories":[19,297,209,7,231],"tags":[],"class_list":["post-69435","post","type-post","status-publish","format-standard","has-post-thumbnail","hentry","category-colima","category-fotonotas-y-videos","category-importantes","category-noticias","category-seguridad"],"jetpack_featured_media_url":"https:\/\/diarioavanzada.com.mx\/wp-content\/uploads\/2024\/12\/img_1942-1.jpg","jetpack-related-posts":[],"jetpack_sharing_enabled":true,"amp_enabled":true,"_links":{"self":[{"href":"https:\/\/diarioavanzada.com.mx\/index.php?rest_route=\/wp\/v2\/posts\/69435","targetHints":{"allow":["GET"]}}],"collection":[{"href":"https:\/\/diarioavanzada.com.mx\/index.php?rest_route=\/wp\/v2\/posts"}],"about":[{"href":"https:\/\/diarioavanzada.com.mx\/index.php?rest_route=\/wp\/v2\/types\/post"}],"author":[{"embeddable":true,"href":"https:\/\/diarioavanzada.com.mx\/index.php?rest_route=\/wp\/v2\/users\/7"}],"replies":[{"embeddable":true,"href":"https:\/\/diarioavanzada.com.mx\/index.php?rest_route=%2Fwp%2Fv2%2Fcomments&post=69435"}],"version-history":[{"count":1,"href":"https:\/\/diarioavanzada.com.mx\/index.php?rest_route=\/wp\/v2\/posts\/69435\/revisions"}],"predecessor-version":[{"id":69437,"href":"https:\/\/diarioavanzada.com.mx\/index.php?rest_route=\/wp\/v2\/posts\/69435\/revisions\/69437"}],"wp:featuredmedia":[{"embeddable":true,"href":"https:\/\/diarioavanzada.com.mx\/index.php?rest_route=\/wp\/v2\/media\/69436"}],"wp:attachment":[{"href":"https:\/\/diarioavanzada.com.mx\/index.php?rest_route=%2Fwp%2Fv2%2Fmedia&parent=69435"}],"wp:term":[{"taxonomy":"category","embeddable":true,"href":"https:\/\/diarioavanzada.com.mx\/index.php?rest_route=%2Fwp%2Fv2%2Fcategories&post=69435"},{"taxonomy":"post_tag","embeddable":true,"href":"https:\/\/diarioavanzada.com.mx\/index.php?rest_route=%2Fwp%2Fv2%2Ftags&post=69435"}],"curies":[{"name":"wp","href":"https:\/\/api.w.org\/{rel}","templated":true}]}}