{"id":69426,"date":"2024-12-18T20:40:09","date_gmt":"2024-12-19T02:40:09","guid":{"rendered":"https:\/\/diarioavanzada.com.mx\/?p=69426"},"modified":"2024-12-18T20:40:09","modified_gmt":"2024-12-19T02:40:09","slug":"someten-a-escrutinio-30-proyectos-para-elegir-el-cartel-oficial-del-sabora-fest-2025","status":"publish","type":"post","link":"https:\/\/diarioavanzada.com.mx\/?p=69426","title":{"rendered":"Someten a escrutinio 30 proyectos para elegir el cartel oficial &nbsp;del S\u00e0bora Fest 2025"},"content":{"rendered":"\n<p class=\"wp-block-paragraph\">Colima, M\u00e9xico, Comunicado (18\/12\/2024).- Al cerrarse el plazo marcado en la convocatoria expedida por el Ayuntamiento de Colima, para la recepci\u00f3n de trabajos que est\u00e1n participando para definir cu\u00e1l ser\u00e1 el cartel oficial del festival S\u00e0bora Fest 2025, se recibieron 30 proyectos.<\/p>\n\n\n\n<p class=\"wp-block-paragraph\">Lo anterior fue informado por el director general de Proyectos Estrat\u00e9gicos del Ayuntamiento de Colima, Daniel Puga Garibay, quien indic\u00f3 que al vencerse el plazo se\u00f1alado para registrar sus propuestas, se tuvo una aceptable participaci\u00f3n.<\/p>\n\n\n\n<p class=\"wp-block-paragraph\">El funcionario municipal indic\u00f3 que este concurso para seleccionar los carteles lo realizan atendiendo las instrucciones del presidente municipal Riult Rivera Guti\u00e9rrez para que los artistas y dise\u00f1adores que est\u00e1n participando en este certamen, plasmen en sus &nbsp;proyectos un sentido de pertenencia de lo que es el festival S\u00e0bora Fest en su edici\u00f3n 2025.<\/p>\n\n\n\n<p class=\"wp-block-paragraph\">Puga Garibay mencion\u00f3 que se recibieron 30 carteles, los cuales ser\u00e1n valorados por un jurado que estar\u00e1 integrado por personas experimentadas.<\/p>\n\n\n\n<p class=\"wp-block-paragraph\">Manifest\u00f3 que en breve, determinar\u00e1n quienes conformar\u00e1n el jurado calificador que estar\u00e1 compuesto por dos acad\u00e9micos y un miembro del sector empresarial, que tienen experiencia en el tema de los dise\u00f1os.<\/p>\n\n\n\n<p class=\"wp-block-paragraph\">Asimismo estar\u00e1n participando algunos funcionarios del Ayuntamiento quienes solo tendr\u00e1n voz pero no voto,<\/p>\n\n\n\n<p class=\"wp-block-paragraph\">Puga Garibay, adelant\u00f3 que m\u00e1s adelante se montar\u00e1 una exposici\u00f3n de todos los carteles registrados, que la gente pueda apreciar el talento de sus creadores, esto como una manera de reconocer el esfuerzo de quienes se dieron el tiempo de participar en este certamen.<\/p>\n\n\n\n<p class=\"wp-block-paragraph\">Antes de concluir, el funcionario municipal mencion\u00f3 que el mismo d\u00eda que se anuncie el cartel ganador, har\u00e1n la presentaci\u00f3n con las fechas del festival S\u00e0bora Fest 2025.<\/p>\n<div class=\"fb-background-color\">\n\t\t\t  <div \n\t\t\t  \tclass = \"fb-comments\" \n\t\t\t  \tdata-href = \"https:\/\/diarioavanzada.com.mx\/?p=69426\"\n\t\t\t  \tdata-numposts = \"10\"\n\t\t\t  \tdata-lazy = \"true\"\n\t\t\t\tdata-colorscheme = \"light\"\n\t\t\t\tdata-order-by = \"social\"\n\t\t\t\tdata-mobile=true>\n\t\t\t  <\/div><\/div>\n\t\t  <style>\n\t\t    .fb-background-color {\n\t\t\t\tbackground:  !important;\n\t\t\t}\n\t\t\t.fb_iframe_widget_fluid_desktop iframe {\n\t\t\t    width: 100% !important;\n\t\t\t}\n\t\t  <\/style>\n\t\t  ","protected":false},"excerpt":{"rendered":"<p>Colima, M\u00e9xico, Comunicado (18\/12\/2024).- Al cerrarse el plazo marcado en la convocatoria expedida por el Ayuntamiento de Colima, para la recepci\u00f3n de trabajos que est\u00e1n participando para definir cu\u00e1l ser\u00e1 el cartel oficial del festival S\u00e0bora Fest 2025, se recibieron 30 proyectos. Lo anterior fue informado por el director general de Proyectos Estrat\u00e9gicos del Ayuntamiento [&hellip;]<\/p>\n","protected":false},"author":7,"featured_media":69425,"comment_status":"closed","ping_status":"closed","sticky":false,"template":"","format":"standard","meta":{"_coblocks_attr":"","_coblocks_dimensions":"","_coblocks_responsive_height":"","_coblocks_accordion_ie_support":"","_crdt_document":"","advanced_seo_description":"","jetpack_seo_html_title":"","jetpack_seo_noindex":false,"_jetpack_memberships_contains_paid_content":false,"footnotes":""},"categories":[19,209,21],"tags":[],"class_list":["post-69426","post","type-post","status-publish","format-standard","has-post-thumbnail","hentry","category-colima","category-importantes","category-municipios"],"jetpack_featured_media_url":"https:\/\/diarioavanzada.com.mx\/wp-content\/uploads\/2024\/12\/0d493f4e-06ca-4101-a5a3-3c3b60d0122a-1.jpg","jetpack-related-posts":[],"jetpack_sharing_enabled":true,"amp_enabled":true,"_links":{"self":[{"href":"https:\/\/diarioavanzada.com.mx\/index.php?rest_route=\/wp\/v2\/posts\/69426","targetHints":{"allow":["GET"]}}],"collection":[{"href":"https:\/\/diarioavanzada.com.mx\/index.php?rest_route=\/wp\/v2\/posts"}],"about":[{"href":"https:\/\/diarioavanzada.com.mx\/index.php?rest_route=\/wp\/v2\/types\/post"}],"author":[{"embeddable":true,"href":"https:\/\/diarioavanzada.com.mx\/index.php?rest_route=\/wp\/v2\/users\/7"}],"replies":[{"embeddable":true,"href":"https:\/\/diarioavanzada.com.mx\/index.php?rest_route=%2Fwp%2Fv2%2Fcomments&post=69426"}],"version-history":[{"count":0,"href":"https:\/\/diarioavanzada.com.mx\/index.php?rest_route=\/wp\/v2\/posts\/69426\/revisions"}],"wp:featuredmedia":[{"embeddable":true,"href":"https:\/\/diarioavanzada.com.mx\/index.php?rest_route=\/wp\/v2\/media\/69425"}],"wp:attachment":[{"href":"https:\/\/diarioavanzada.com.mx\/index.php?rest_route=%2Fwp%2Fv2%2Fmedia&parent=69426"}],"wp:term":[{"taxonomy":"category","embeddable":true,"href":"https:\/\/diarioavanzada.com.mx\/index.php?rest_route=%2Fwp%2Fv2%2Fcategories&post=69426"},{"taxonomy":"post_tag","embeddable":true,"href":"https:\/\/diarioavanzada.com.mx\/index.php?rest_route=%2Fwp%2Fv2%2Ftags&post=69426"}],"curies":[{"name":"wp","href":"https:\/\/api.w.org\/{rel}","templated":true}]}}