{"id":69422,"date":"2024-12-18T19:55:51","date_gmt":"2024-12-19T01:55:51","guid":{"rendered":"https:\/\/diarioavanzada.com.mx\/?p=69422"},"modified":"2024-12-18T19:55:51","modified_gmt":"2024-12-19T01:55:51","slug":"motociclista-pierde-la-vida-en-accidente-sobre-el-libramiento-ejercito-mexicano","status":"publish","type":"post","link":"https:\/\/diarioavanzada.com.mx\/?p=69422","title":{"rendered":"Motociclista pierde la vida en accidente sobre el Libramiento Ej\u00e9rcito Mexicano"},"content":{"rendered":"\n<p class=\"p1 wp-block-paragraph\">Colima, M\u00e9xico, Avanzada (18\/12\/2024).- La noche de este mi\u00e9rcoles 18 de diciembre, un motociclista falleci\u00f3 tras un accidente de tr\u00e1nsito registrado sobre el Libramiento Ej\u00e9rcito Mexicano, frente a las instalaciones de la Fiscal\u00eda General del Estado.<\/p>\n\n\n\n<p class=\"p1 wp-block-paragraph\">Al recibir el reporte, elementos de la Unidad Estatal de Protecci\u00f3n Civil acudieron al lugar para brindar auxilio, pero lamentablemente confirmaron que la v\u00edctima ya no presentaba signos vitales.<\/p>\n\n\n\n<p class=\"p1 wp-block-paragraph\">El tr\u00e1nsito en la zona permanece reducido debido a las labores periciales que se llevan a cabo, lo que gener\u00f3 congesti\u00f3n vehicular. Las autoridades solicitaron a los conductores tomar v\u00edas alternas para evitar mayores complicaciones en el tr\u00e1fico.<\/p>\n\n\n\n<p class=\"p1 wp-block-paragraph\">Adem\u00e1s, se hace un llamado a la poblaci\u00f3n a extremar precauciones al conducir, respetando los l\u00edmites de velocidad y las normas de tr\u00e1nsito para evitar accidentes que pongan en riesgo su vida y la de los dem\u00e1s.<\/p>\n\n\n\n<p class=\"p1 wp-block-paragraph\">La identidad del fallecido no ha sido revelada hasta el momento, y las autoridades continuar\u00e1n con las investigaciones para esclarecer las circunstancias del incidente.<\/p>\n<div class=\"fb-background-color\">\n\t\t\t  <div \n\t\t\t  \tclass = \"fb-comments\" \n\t\t\t  \tdata-href = \"https:\/\/diarioavanzada.com.mx\/?p=69422\"\n\t\t\t  \tdata-numposts = \"10\"\n\t\t\t  \tdata-lazy = \"true\"\n\t\t\t\tdata-colorscheme = \"light\"\n\t\t\t\tdata-order-by = \"social\"\n\t\t\t\tdata-mobile=true>\n\t\t\t  <\/div><\/div>\n\t\t  <style>\n\t\t    .fb-background-color {\n\t\t\t\tbackground:  !important;\n\t\t\t}\n\t\t\t.fb_iframe_widget_fluid_desktop iframe {\n\t\t\t    width: 100% !important;\n\t\t\t}\n\t\t  <\/style>\n\t\t  ","protected":false},"excerpt":{"rendered":"<p>Colima, M\u00e9xico, Avanzada (18\/12\/2024).- La noche de este mi\u00e9rcoles 18 de diciembre, un motociclista falleci\u00f3 tras un accidente de tr\u00e1nsito registrado sobre el Libramiento Ej\u00e9rcito Mexicano, frente a las instalaciones de la Fiscal\u00eda General del Estado. Al recibir el reporte, elementos de la Unidad Estatal de Protecci\u00f3n Civil acudieron al lugar para brindar auxilio, pero [&hellip;]<\/p>\n","protected":false},"author":7,"featured_media":69421,"comment_status":"closed","ping_status":"closed","sticky":false,"template":"","format":"standard","meta":{"_coblocks_attr":"","_coblocks_dimensions":"","_coblocks_responsive_height":"","_coblocks_accordion_ie_support":"","_crdt_document":"","advanced_seo_description":"","jetpack_seo_html_title":"","jetpack_seo_noindex":false,"_jetpack_memberships_contains_paid_content":false,"footnotes":""},"categories":[19,7],"tags":[],"class_list":["post-69422","post","type-post","status-publish","format-standard","has-post-thumbnail","hentry","category-colima","category-noticias"],"jetpack_featured_media_url":"https:\/\/diarioavanzada.com.mx\/wp-content\/uploads\/2024\/12\/img_0840-1.jpg","jetpack-related-posts":[],"jetpack_sharing_enabled":true,"amp_enabled":true,"_links":{"self":[{"href":"https:\/\/diarioavanzada.com.mx\/index.php?rest_route=\/wp\/v2\/posts\/69422","targetHints":{"allow":["GET"]}}],"collection":[{"href":"https:\/\/diarioavanzada.com.mx\/index.php?rest_route=\/wp\/v2\/posts"}],"about":[{"href":"https:\/\/diarioavanzada.com.mx\/index.php?rest_route=\/wp\/v2\/types\/post"}],"author":[{"embeddable":true,"href":"https:\/\/diarioavanzada.com.mx\/index.php?rest_route=\/wp\/v2\/users\/7"}],"replies":[{"embeddable":true,"href":"https:\/\/diarioavanzada.com.mx\/index.php?rest_route=%2Fwp%2Fv2%2Fcomments&post=69422"}],"version-history":[{"count":1,"href":"https:\/\/diarioavanzada.com.mx\/index.php?rest_route=\/wp\/v2\/posts\/69422\/revisions"}],"predecessor-version":[{"id":69423,"href":"https:\/\/diarioavanzada.com.mx\/index.php?rest_route=\/wp\/v2\/posts\/69422\/revisions\/69423"}],"wp:featuredmedia":[{"embeddable":true,"href":"https:\/\/diarioavanzada.com.mx\/index.php?rest_route=\/wp\/v2\/media\/69421"}],"wp:attachment":[{"href":"https:\/\/diarioavanzada.com.mx\/index.php?rest_route=%2Fwp%2Fv2%2Fmedia&parent=69422"}],"wp:term":[{"taxonomy":"category","embeddable":true,"href":"https:\/\/diarioavanzada.com.mx\/index.php?rest_route=%2Fwp%2Fv2%2Fcategories&post=69422"},{"taxonomy":"post_tag","embeddable":true,"href":"https:\/\/diarioavanzada.com.mx\/index.php?rest_route=%2Fwp%2Fv2%2Ftags&post=69422"}],"curies":[{"name":"wp","href":"https:\/\/api.w.org\/{rel}","templated":true}]}}