{"id":69372,"date":"2024-12-18T19:13:30","date_gmt":"2024-12-19T01:13:30","guid":{"rendered":"https:\/\/diarioavanzada.com.mx\/?p=69372"},"modified":"2024-12-18T19:14:26","modified_gmt":"2024-12-19T01:14:26","slug":"libro-poderoso-y-capaz-de-cambiar-vidas-karina-robles","status":"publish","type":"post","link":"https:\/\/diarioavanzada.com.mx\/?p=69372","title":{"rendered":"Libro, poderoso y capaz de cambiar vidas: Karina Robles"},"content":{"rendered":"\n<p class=\"wp-block-paragraph\"><em>\u201cEn estas vacaciones no hay pretexto para no leer, los libros de la UdeC est\u00e1n al alcance gratuitamente\u201d, agreg\u00f3 la directora de Publicaciones.<\/em><\/p>\n\n\n\n<p class=\"wp-block-paragraph\">Colima, M\u00e9xico, Avanzada (18\/12\/2024).-En entrevista, Ana Karina Robles G\u00f3mez, directora general de Publicaciones de la Universidad de Colima (UdeC), habl\u00f3 sobre la importancia de los libros, su evoluci\u00f3n, el f\u00e1cil acceso a la lectura y la gran oferta de libros gratuita de la UdeC, ahora que inicia el periodo de vacaciones de fin de a\u00f1o.<\/p>\n\n\n\n<p class=\"wp-block-paragraph\">Sobre la importancia que siguen teniendo los libros, se remont\u00f3 a la \u00e9poca cuando el ser humano comenzaba a dar sus primeros pasos: \u201cEl Homo Sapiens significa ese salto entre ser un animal a la capacidad de crear historia, inventar, desarrollar conocimiento y transmitirlo, y lo hizo a trav\u00e9s de una herramienta que sigue siendo hoy en d\u00eda de las m\u00e1s innovadoras: el libro\u201d, dijo.<\/p>\n\n\n\n<p class=\"wp-block-paragraph\">El libro, continu\u00f3, \u201ces una herramienta capaz de crearnos im\u00e1genes y de cambiarnos la vida; es considerado como uno de los inventos m\u00e1s revolucionarios en la historia de la humanidad. Comenz\u00f3 en una piedra, en barro, papiro, una hoja, y hoy por hoy est\u00e1 tambi\u00e9n en la computadora\u201d.<\/p>\n\n\n\n<p class=\"wp-block-paragraph\">\u201cPoca gente lo sabe, pero en los 84 a\u00f1os de historia de la UdeC, ha existido la producci\u00f3n editorial. Hoy en d\u00eda tenemos 12 revistas y este a\u00f1o rompimos r\u00e9cord con una producci\u00f3n de m\u00e1s de 70 libros en formato digital y en acceso abierto, ya casi no hay libros que no tenga versiones en todos los formatos posibles<\/p>\n\n\n\n<p class=\"wp-block-paragraph\">En la UdeC, continu\u00f3, \u201cbuscamos que un libro est\u00e9 impreso, en formatos PDF, EPUB y como audiolibro para cumplir con criterios de accesibilidad, multiculturalismo, apertura a la diversidad y equidad y para que todas y todos tengamos acceso a ellos\u201d.<\/p>\n\n\n\n<p class=\"wp-block-paragraph\">Sobre la idea de que con la llegada de la tecnolog\u00eda desaparecer\u00eda el libro impreso, Karina Robles resalt\u00f3 que en las ferias de libro, el protagonista es el objeto impreso: \u201cEn nuestra Feria del Libro Altexto 2024,por ejemplo, contamos con la participaci\u00f3n de 116 editoriales, entre las que se encuentran 23 universitarias y 84 comerciales, y se exhibieron alrededor de 35 mil 760 libros en f\u00edsico\u201d, cont\u00f3.<\/p>\n\n\n\n<p class=\"wp-block-paragraph\">Para estas vacaciones, continu\u00f3, \u201cno hay pretexto para no leer, los libros de la UdeC est\u00e1n al alcance gratuitamente, con m\u00e1s de 200 t\u00edtulos entre poes\u00eda, literatura infantil y acad\u00e9micos; hay de todo y est\u00e1n gratis en todos los formatos\u201d. Lo anterior, aclar\u00f3, \u201cporque la instituci\u00f3n est\u00e1 comprometida con el derecho al conocimiento, para lo cual cuenta con la plataforma de acceso abierto Diamante\u201d.<\/p>\n\n\n\n<p class=\"wp-block-paragraph\">En este sentido, mencion\u00f3 que es un compromiso de las editoriales p\u00fablicas no cobrar lo que tengan en digital. As\u00ed, mencion\u00f3 que la UdeC cuenta con dos sitios, el de revistas y el de libros: \u201cPodr\u00e1n encontrar t\u00edtulos diversos como \u2018El volc\u00e1n de Colima\u2019 que aborda lo que es una erupci\u00f3n y el origen de un volc\u00e1n, y tiene cien fotograf\u00edas\u201d, recomend\u00f3.<\/p>\n\n\n\n<p class=\"wp-block-paragraph\">Adem\u00e1s, dijo que hay libros infantiles como \u201cLuna Nueva\u201d, que fomenta la no discriminaci\u00f3n, o el libro en espa\u00f1ol y n\u00e1huatl \u201cHasta luego, se\u00f1or sol\u201d, que habla sobre el divorcio, as\u00ed como los testimoniales: \u201cExperiencias de Movilidad\u201d, \u201cY todo por una bolita\u201d, junto con \u201cMujeres de fuerza y coraz\u00f3n\u201d, entre otros muchos.<\/p>\n\n\n\n<p class=\"wp-block-paragraph\">Por \u00faltimo, dijo que para acceder a los libros hay que ingresar a este enlace: <a href=\"http:\/\/ww.ucol.mx\/publicacionesenlinea\/\">http:\/\/ww.ucol.mx\/publicacionesenlinea\/<\/a>.<\/p>\n\n\n\n<figure class=\"wp-block-image size-large\"><img loading=\"lazy\" decoding=\"async\" width=\"1024\" height=\"683\" src=\"https:\/\/diarioavanzada.com.mx\/wp-content\/uploads\/2024\/12\/Libro-poderoso-y-capaz-de-cambiar-vidas_Karina-Robles_a-1024x683.jpg\" alt=\"\" class=\"wp-image-69373\" srcset=\"https:\/\/diarioavanzada.com.mx\/wp-content\/uploads\/2024\/12\/Libro-poderoso-y-capaz-de-cambiar-vidas_Karina-Robles_a-1024x683.jpg 1024w, https:\/\/diarioavanzada.com.mx\/wp-content\/uploads\/2024\/12\/Libro-poderoso-y-capaz-de-cambiar-vidas_Karina-Robles_a-300x200.jpg 300w, https:\/\/diarioavanzada.com.mx\/wp-content\/uploads\/2024\/12\/Libro-poderoso-y-capaz-de-cambiar-vidas_Karina-Robles_a-768x512.jpg 768w, https:\/\/diarioavanzada.com.mx\/wp-content\/uploads\/2024\/12\/Libro-poderoso-y-capaz-de-cambiar-vidas_Karina-Robles_a-1200x800.jpg 1200w, https:\/\/diarioavanzada.com.mx\/wp-content\/uploads\/2024\/12\/Libro-poderoso-y-capaz-de-cambiar-vidas_Karina-Robles_a.jpg 1224w\" sizes=\"auto, (max-width: 1024px) 100vw, 1024px\" \/><\/figure>\n\n\n\n<figure class=\"wp-block-image size-large\"><img loading=\"lazy\" decoding=\"async\" width=\"1024\" height=\"683\" src=\"https:\/\/diarioavanzada.com.mx\/wp-content\/uploads\/2024\/12\/Libro-poderoso-y-capaz-de-cambiar-vidas_Karina-Robles_c-1024x683.jpg\" alt=\"\" class=\"wp-image-69375\" srcset=\"https:\/\/diarioavanzada.com.mx\/wp-content\/uploads\/2024\/12\/Libro-poderoso-y-capaz-de-cambiar-vidas_Karina-Robles_c-1024x683.jpg 1024w, https:\/\/diarioavanzada.com.mx\/wp-content\/uploads\/2024\/12\/Libro-poderoso-y-capaz-de-cambiar-vidas_Karina-Robles_c-300x200.jpg 300w, https:\/\/diarioavanzada.com.mx\/wp-content\/uploads\/2024\/12\/Libro-poderoso-y-capaz-de-cambiar-vidas_Karina-Robles_c-768x512.jpg 768w, https:\/\/diarioavanzada.com.mx\/wp-content\/uploads\/2024\/12\/Libro-poderoso-y-capaz-de-cambiar-vidas_Karina-Robles_c-1200x800.jpg 1200w, https:\/\/diarioavanzada.com.mx\/wp-content\/uploads\/2024\/12\/Libro-poderoso-y-capaz-de-cambiar-vidas_Karina-Robles_c.jpg 1224w\" sizes=\"auto, (max-width: 1024px) 100vw, 1024px\" \/><\/figure>\n\n\n\n<figure class=\"wp-block-image size-large\"><img loading=\"lazy\" decoding=\"async\" width=\"1024\" height=\"683\" src=\"https:\/\/diarioavanzada.com.mx\/wp-content\/uploads\/2024\/12\/Libro-poderoso-y-capaz-de-cambiar-vidas_Karina-Robles-1024x683.jpg\" alt=\"\" class=\"wp-image-69376\" srcset=\"https:\/\/diarioavanzada.com.mx\/wp-content\/uploads\/2024\/12\/Libro-poderoso-y-capaz-de-cambiar-vidas_Karina-Robles-1024x683.jpg 1024w, https:\/\/diarioavanzada.com.mx\/wp-content\/uploads\/2024\/12\/Libro-poderoso-y-capaz-de-cambiar-vidas_Karina-Robles-300x200.jpg 300w, https:\/\/diarioavanzada.com.mx\/wp-content\/uploads\/2024\/12\/Libro-poderoso-y-capaz-de-cambiar-vidas_Karina-Robles-768x512.jpg 768w, https:\/\/diarioavanzada.com.mx\/wp-content\/uploads\/2024\/12\/Libro-poderoso-y-capaz-de-cambiar-vidas_Karina-Robles-1200x800.jpg 1200w, https:\/\/diarioavanzada.com.mx\/wp-content\/uploads\/2024\/12\/Libro-poderoso-y-capaz-de-cambiar-vidas_Karina-Robles.jpg 1224w\" sizes=\"auto, (max-width: 1024px) 100vw, 1024px\" \/><\/figure>\n\n\n\n<p class=\"wp-block-paragraph\"><\/p>\n<div class=\"fb-background-color\">\n\t\t\t  <div \n\t\t\t  \tclass = \"fb-comments\" \n\t\t\t  \tdata-href = \"https:\/\/diarioavanzada.com.mx\/?p=69372\"\n\t\t\t  \tdata-numposts = \"10\"\n\t\t\t  \tdata-lazy = \"true\"\n\t\t\t\tdata-colorscheme = \"light\"\n\t\t\t\tdata-order-by = \"social\"\n\t\t\t\tdata-mobile=true>\n\t\t\t  <\/div><\/div>\n\t\t  <style>\n\t\t    .fb-background-color {\n\t\t\t\tbackground:  !important;\n\t\t\t}\n\t\t\t.fb_iframe_widget_fluid_desktop iframe {\n\t\t\t    width: 100% !important;\n\t\t\t}\n\t\t  <\/style>\n\t\t  ","protected":false},"excerpt":{"rendered":"<p>\u201cEn estas vacaciones no hay pretexto para no leer, los libros de la UdeC est\u00e1n al alcance gratuitamente\u201d, agreg\u00f3 la directora de Publicaciones. Colima, M\u00e9xico, Avanzada (18\/12\/2024).-En entrevista, Ana Karina Robles G\u00f3mez, directora general de Publicaciones de la Universidad de Colima (UdeC), habl\u00f3 sobre la importancia de los libros, su evoluci\u00f3n, el f\u00e1cil acceso a [&hellip;]<\/p>\n","protected":false},"author":7,"featured_media":69410,"comment_status":"closed","ping_status":"closed","sticky":false,"template":"","format":"standard","meta":{"_coblocks_attr":"","_coblocks_dimensions":"","_coblocks_responsive_height":"","_coblocks_accordion_ie_support":"","_crdt_document":"","advanced_seo_description":"","jetpack_seo_html_title":"","jetpack_seo_noindex":false,"_jetpack_memberships_contains_paid_content":false,"footnotes":""},"categories":[25,209,7],"tags":[],"class_list":["post-69372","post","type-post","status-publish","format-standard","has-post-thumbnail","hentry","category-cultura","category-importantes","category-noticias"],"jetpack_featured_media_url":"https:\/\/diarioavanzada.com.mx\/wp-content\/uploads\/2024\/12\/img_1498-1.png","jetpack-related-posts":[],"jetpack_sharing_enabled":true,"amp_enabled":true,"_links":{"self":[{"href":"https:\/\/diarioavanzada.com.mx\/index.php?rest_route=\/wp\/v2\/posts\/69372","targetHints":{"allow":["GET"]}}],"collection":[{"href":"https:\/\/diarioavanzada.com.mx\/index.php?rest_route=\/wp\/v2\/posts"}],"about":[{"href":"https:\/\/diarioavanzada.com.mx\/index.php?rest_route=\/wp\/v2\/types\/post"}],"author":[{"embeddable":true,"href":"https:\/\/diarioavanzada.com.mx\/index.php?rest_route=\/wp\/v2\/users\/7"}],"replies":[{"embeddable":true,"href":"https:\/\/diarioavanzada.com.mx\/index.php?rest_route=%2Fwp%2Fv2%2Fcomments&post=69372"}],"version-history":[{"count":6,"href":"https:\/\/diarioavanzada.com.mx\/index.php?rest_route=\/wp\/v2\/posts\/69372\/revisions"}],"predecessor-version":[{"id":69411,"href":"https:\/\/diarioavanzada.com.mx\/index.php?rest_route=\/wp\/v2\/posts\/69372\/revisions\/69411"}],"wp:featuredmedia":[{"embeddable":true,"href":"https:\/\/diarioavanzada.com.mx\/index.php?rest_route=\/wp\/v2\/media\/69410"}],"wp:attachment":[{"href":"https:\/\/diarioavanzada.com.mx\/index.php?rest_route=%2Fwp%2Fv2%2Fmedia&parent=69372"}],"wp:term":[{"taxonomy":"category","embeddable":true,"href":"https:\/\/diarioavanzada.com.mx\/index.php?rest_route=%2Fwp%2Fv2%2Fcategories&post=69372"},{"taxonomy":"post_tag","embeddable":true,"href":"https:\/\/diarioavanzada.com.mx\/index.php?rest_route=%2Fwp%2Fv2%2Ftags&post=69372"}],"curies":[{"name":"wp","href":"https:\/\/api.w.org\/{rel}","templated":true}]}}