{"id":69325,"date":"2024-12-18T03:55:22","date_gmt":"2024-12-18T09:55:22","guid":{"rendered":"https:\/\/diarioavanzada.com.mx\/?p=69325"},"modified":"2024-12-18T03:55:22","modified_gmt":"2024-12-18T09:55:22","slug":"entre-el-ridiculo-la-violencia-la-injusticia-y-la-cobardia","status":"publish","type":"post","link":"https:\/\/diarioavanzada.com.mx\/?p=69325","title":{"rendered":"Entre el rid\u00edculo, la violencia, la injusticia y la cobard\u00eda"},"content":{"rendered":"\n<p class=\"wp-block-paragraph\">Columna<\/p>\n\n\n\n<p class=\"wp-block-paragraph\">El Puercoesp\u00edn&nbsp;<\/p>\n\n\n\n<p class=\"s5 wp-block-paragraph\">\u00bfQui\u00e9n se rob\u00f3 el art\u00edculo 67 de la&nbsp;Ley de los&nbsp;Trabajadores al&nbsp;Servicio del&nbsp;Gobierno,&nbsp;Ayuntamientos y&nbsp;Organismo&nbsp;Descentralizados&nbsp;del Estado de Colima?<\/p>\n\n\n\n<p class=\"s5 wp-block-paragraph\">Huyeron en patrullas. Pudieron huir a pie, en sus carros, pero no, huyeron en patrullas. Los ladrones de la ley huyen en patrullas.<\/p>\n\n\n\n<p class=\"s5 wp-block-paragraph\">En&nbsp;Colima se acaba de dar,&nbsp;de nueva cuenta,&nbsp;una escena pol\u00edtica surrealista,&nbsp;propia&nbsp;del mundo al rev\u00e9s.<\/p>\n\n\n\n<p class=\"s5 wp-block-paragraph\">La mayor\u00eda de los diputados morenistas, petistas, verdes y anexas huyeron inopinadamente para secuestrar el citado&nbsp;art\u00edculo&nbsp;67. &nbsp;<\/p>\n\n\n\n<p class=\"s5 wp-block-paragraph\">Son mayor\u00eda, son un mont\u00f3n y ni siquiera as\u00ed fueron capaces de dar el debate en el Congreso.<\/p>\n\n\n\n<p class=\"s5 wp-block-paragraph\">Seg\u00fan los rumores que rebotan en las paredes del Congreso la reforma al citado&nbsp;art\u00edculo&nbsp;67 fue presentada apenas el d\u00eda 16 y la ley marca que la fecha l\u00edmite para recibir los aguinaldos es el pr\u00f3ximo d\u00eda 19, por tanto, el d\u00eda&nbsp;17, es decir, en forma \u201cv\u00eda r\u00e1pida\u201d pretendieron gravar los aguinaldos de los trabajadores al servicio del gobierno del estado de Colima, maestros incluidos.&nbsp;<\/p>\n\n\n\n<p class=\"s5 wp-block-paragraph\">Los morenistas al mejor estilo de los tiempos de Nacho Peralta (antecedente m\u00e1s pr\u00f3ximo del priismo) cambiaron de sede para poder modificar la ley y servirle al ejecutivo y da\u00f1ar, ofender y burlarse de los trabajadores y los maestros.<\/p>\n\n\n\n<p class=\"s5 wp-block-paragraph\">Sucede que esta ma\u00f1ana&nbsp;integrantes del Sindicato de Trabajadores al Servicio del Gobierno del Estado (STSGE) encabezados por su l\u00edder Mart\u00edn Flores Casta\u00f1eda y de la Secci\u00f3n 39 del Sindicato Nacional de Trabajadores de la Educaci\u00f3n (SNTE) con el secretario general David Hern\u00e1ndez Viera, esta ma\u00f1ana tomaron la Tribuna del Congreso del Estado para exigir a los diputados locales no aprobar la reforma al art\u00edculo 67 de la Ley de los Trabajadores al Servicio del Gobierno, Ayuntamientos y Organismos Descentralizados del Estado de Colima.&nbsp;<\/p>\n\n\n\n<p class=\"s5 wp-block-paragraph\">Esta reforma, se\u00f1alan, los afectar\u00e1,&nbsp;pues est\u00e1n estableciendo ya en la ley que el aguinaldo sea tasado con el Impuesto Sobre la Renta (ISR) y con ello se merme a\u00fan m\u00e1s los salarios y prestaciones.<\/p>\n\n\n\n<p class=\"s5 wp-block-paragraph\">&nbsp;Expres\u00f3, Flores Casta\u00f1eda,&nbsp;que ante esta situaci\u00f3n se ver\u00e1n afectados m\u00e1s de 13 mil bur\u00f3cratas estatales y docentes por un monto superior a los 50 millones de pesos.<\/p>\n\n\n\n<p class=\"s5 wp-block-paragraph\">&nbsp;\u201cNi un paso atr\u00e1s daremos en esta lucha que es de todos los trabajadores, no permitiremos que laceren m\u00e1s nuestra calidad de vida, nuestra econom\u00eda, nuestras conquistas y nuestros derechos\u201d, subray\u00f3 el l\u00edder, Flores Casta\u00f1eda.<\/p>\n\n\n\n<p class=\"s5 wp-block-paragraph\">As\u00ed el papel de los lideres sindicales, un d\u00eda est\u00e1n ech\u00e1ndole porras a la gobernadora y calific\u00e1ndola de la mejor&nbsp;y al otro&nbsp;d\u00edaprotestando porque son traicionados o chamaqueados por el gobierno.<\/p>\n\n\n\n<p class=\"s5 wp-block-paragraph\">Los maestros y sus l\u00edderes, en otros tiempos,&nbsp;lanzaron&nbsp;loas y&nbsp;apoyaron&nbsp;la campa\u00f1a pol\u00edtica de la gobernadora y hoy lloran el dinero que les quitar\u00e1n por la v\u00eda del ISR, pagar\u00e1n el precio que sus l\u00edderes pactaron, eso cuesta no ser independientes y democr\u00e1ticos.&nbsp;<\/p>\n\n\n\n<p class=\"s5 wp-block-paragraph\">Pero&nbsp;tambi\u00e9n es cierto que,&nbsp;hoy,&nbsp;le acaban de dar una pu\u00f1alada por la espalda.<\/p>\n\n\n\n<p class=\"s5 wp-block-paragraph\">Los aguinaldos ser\u00e1n gravados y los ingresos de los trabajadores disminuidos. Hay que cubrir los faltantes del&nbsp;Ipecol&nbsp;y ya encontraron una de las tantas formas que vienen para tapar&nbsp;los hoyos&nbsp;que hicieron y siguen haciendo los miembros del Poder Ejecutivo.<\/p>\n\n\n\n<p class=\"s5 wp-block-paragraph\">Testigos presenciales&nbsp;afirman que los diputados de cart\u00f3n de morena,&nbsp;del PT&nbsp;y del&nbsp;Verde iban repitiendo en las camionetas de la polic\u00eda que los condujo a una guarida secreta a realizar la fechor\u00eda de estafar a los trabajadores repitiendo como un mantra: somos humanistas, somos humanistas, somos humanistas\u2026 y as\u00ed hasta la guarida secreta donde se perpetr\u00f3&nbsp;el robo a los trabajadores.&nbsp;<\/p>\n\n\n\n<p class=\"s5 wp-block-paragraph\">Y el eco segu\u00eda \u00a1Somos humanistas!<\/p>\n\n\n\n<p class=\"s5 wp-block-paragraph\">En Colima los&nbsp;\u201chumanistas\u201d&nbsp;de Morena en una ventanilla del gobierno dan dinero&nbsp;a la gente, pero en la siguiente se los quitan. Son unos inconsecuentes.<\/p>\n\n\n\n<p class=\"s5 wp-block-paragraph\">Somos humanistas, somos humanistas, somos humanistas, siguen repitiendo,&nbsp;pues corren el riesgo de perder su identidad. Una identidad humanista de impostura.&nbsp;<\/p>\n\n\n\n<p class=\"s5 wp-block-paragraph\">El diferendo est\u00e1 en el siguiente breve texto que se le quer\u00eda agregar al art\u00edculo 67 de la ley de los trabajadores: \u201cLa prestaci\u00f3n del aguinaldo se sujetar\u00e1 en materia impositiva a lo que determinen las leyes fiscales aplicables.\u201d En pocas palabras aplicarle impuestos. Para que los trabajadores reciban menos.\u201d<\/p>\n\n\n\n<p class=\"s5 wp-block-paragraph\">Unas horas despu\u00e9s del esc\u00e1ndalo en el Congreso la gobernadora public\u00f3 en la red social de Facebook lo siguiente:&nbsp;\u201cLas&nbsp;y los trabajadores el Gobierno el Estado recibir\u00e1n en tiempo y forma su aguinaldo: \u00e9ste ser\u00e1 calculado bajo las mismas bases que a\u00f1os anteriores; sin ninguna deducci\u00f3n adicional a las de a\u00f1os previos; y el cual ser\u00e1 pagado el pr\u00f3ximo 19 de diciembre.\u201d&nbsp;<\/p>\n\n\n\n<p class=\"s5 wp-block-paragraph\">Sab\u00eda que hab\u00eda levantado&nbsp;toda una crisis&nbsp;de&nbsp;dudas, enojo y malestar y que ten\u00eda que calmar. Se trata de atole con el dedo,pues su intenci\u00f3n final es gravar el aguinaldo y en los pr\u00f3ximos d\u00edas podr\u00e1n aprobar y publicar el decreto correspondiente. Le apuesta a la hipocres\u00eda y al olvido.<\/p>\n\n\n\n<p class=\"s5 wp-block-paragraph\">Lo sucedido en el Congreso es una muestra m\u00e1s de lo rid\u00edcula, violenta, cobarde, vulgar e injusta que&nbsp;es&nbsp;la pol\u00edtica&nbsp;local&nbsp;y la minor\u00eda de edad de los protagonistas, aunque muchos son cronol\u00f3gicamente unos&nbsp;senectus.&nbsp;<\/p>\n\n\n\n<p class=\"s5 wp-block-paragraph\">Los miembros del gobierno demostraron lo que siempre han sido: un grupo siempre en fuga. No enfrentan la realidad y, por tanto, los problemas se est\u00e1n postergando y por consecuencia, creciendo y volvi\u00e9ndose m\u00e1s complejos, pero alg\u00fan d\u00eda el destino nos alcanzar\u00e1.&nbsp;<\/p>\n\n\n\n<p class=\"s5 wp-block-paragraph\">Y en concreto la desesperaci\u00f3n de gravar los aguinaldos nos habla de que la crisis financiera del gobierno est\u00e1 al l\u00edmite.<\/p>\n\n\n\n<p class=\"wp-block-paragraph\"><\/p>\n<div class=\"fb-background-color\">\n\t\t\t  <div \n\t\t\t  \tclass = \"fb-comments\" \n\t\t\t  \tdata-href = \"https:\/\/diarioavanzada.com.mx\/?p=69325\"\n\t\t\t  \tdata-numposts = \"10\"\n\t\t\t  \tdata-lazy = \"true\"\n\t\t\t\tdata-colorscheme = \"light\"\n\t\t\t\tdata-order-by = \"social\"\n\t\t\t\tdata-mobile=true>\n\t\t\t  <\/div><\/div>\n\t\t  <style>\n\t\t    .fb-background-color {\n\t\t\t\tbackground:  !important;\n\t\t\t}\n\t\t\t.fb_iframe_widget_fluid_desktop iframe {\n\t\t\t    width: 100% !important;\n\t\t\t}\n\t\t  <\/style>\n\t\t  ","protected":false},"excerpt":{"rendered":"<p>Columna El Puercoesp\u00edn&nbsp; \u00bfQui\u00e9n se rob\u00f3 el art\u00edculo 67 de la&nbsp;Ley de los&nbsp;Trabajadores al&nbsp;Servicio del&nbsp;Gobierno,&nbsp;Ayuntamientos y&nbsp;Organismo&nbsp;Descentralizados&nbsp;del Estado de Colima? Huyeron en patrullas. Pudieron huir a pie, en sus carros, pero no, huyeron en patrullas. Los ladrones de la ley huyen en patrullas. En&nbsp;Colima se acaba de dar,&nbsp;de nueva cuenta,&nbsp;una escena pol\u00edtica surrealista,&nbsp;propia&nbsp;del mundo al rev\u00e9s. [&hellip;]<\/p>\n","protected":false},"author":9,"featured_media":69324,"comment_status":"closed","ping_status":"closed","sticky":false,"template":"","format":"standard","meta":{"_coblocks_attr":"","_coblocks_dimensions":"","_coblocks_responsive_height":"","_coblocks_accordion_ie_support":"","advanced_seo_description":"","jetpack_seo_html_title":"","jetpack_seo_noindex":false,"jetpack_seo_schema_type":"","_jetpack_newsletter_access":"","_jetpack_dont_email_post_to_subs":false,"_jetpack_newsletter_tier_id":0,"_jetpack_memberships_contains_paywalled_content":false,"_wpcom_ai_launchpad_first_post":false,"_jetpack_feature_clip_id":0,"_jetpack_memberships_contains_paid_content":false,"footnotes":"","jetpack_post_was_ever_published":false},"categories":[19,209,24],"tags":[],"class_list":["post-69325","post","type-post","status-publish","format-standard","has-post-thumbnail","hentry","category-colima","category-importantes","category-opinion"],"jetpack-related-posts":[],"jetpack_sharing_enabled":true,"amp_enabled":true,"jetpack_featured_media_url":"https:\/\/diarioavanzada.com.mx\/wp-content\/uploads\/2024\/12\/74c2e66a-4d0a-45e4-a966-ea05cac3803c-1.jpg","_links":{"self":[{"href":"https:\/\/diarioavanzada.com.mx\/index.php?rest_route=\/wp\/v2\/posts\/69325","targetHints":{"allow":["GET"]}}],"collection":[{"href":"https:\/\/diarioavanzada.com.mx\/index.php?rest_route=\/wp\/v2\/posts"}],"about":[{"href":"https:\/\/diarioavanzada.com.mx\/index.php?rest_route=\/wp\/v2\/types\/post"}],"author":[{"embeddable":true,"href":"https:\/\/diarioavanzada.com.mx\/index.php?rest_route=\/wp\/v2\/users\/9"}],"replies":[{"embeddable":true,"href":"https:\/\/diarioavanzada.com.mx\/index.php?rest_route=%2Fwp%2Fv2%2Fcomments&post=69325"}],"version-history":[{"count":0,"href":"https:\/\/diarioavanzada.com.mx\/index.php?rest_route=\/wp\/v2\/posts\/69325\/revisions"}],"wp:featuredmedia":[{"embeddable":true,"href":"https:\/\/diarioavanzada.com.mx\/index.php?rest_route=\/wp\/v2\/media\/69324"}],"wp:attachment":[{"href":"https:\/\/diarioavanzada.com.mx\/index.php?rest_route=%2Fwp%2Fv2%2Fmedia&parent=69325"}],"wp:term":[{"taxonomy":"category","embeddable":true,"href":"https:\/\/diarioavanzada.com.mx\/index.php?rest_route=%2Fwp%2Fv2%2Fcategories&post=69325"},{"taxonomy":"post_tag","embeddable":true,"href":"https:\/\/diarioavanzada.com.mx\/index.php?rest_route=%2Fwp%2Fv2%2Ftags&post=69325"}],"curies":[{"name":"wp","href":"https:\/\/api.w.org\/{rel}","templated":true}]}}