{"id":69300,"date":"2024-12-18T12:43:20","date_gmt":"2024-12-18T18:43:20","guid":{"rendered":"https:\/\/diarioavanzada.com.mx\/?p=69300"},"modified":"2024-12-18T12:43:20","modified_gmt":"2024-12-18T18:43:20","slug":"detienen-a-exdirector-de-la-fiscalia-de-quintana-roo-senalado-como-integrante-del-cartel-de-sinaloa","status":"publish","type":"post","link":"https:\/\/diarioavanzada.com.mx\/?p=69300","title":{"rendered":"Detienen a exdirector de la Fiscal\u00eda de Quintana Roo, se\u00f1alado como integrante del C\u00e1rtel de Sinaloa"},"content":{"rendered":"\n<p class=\"p1 wp-block-paragraph\">Quintana Roo, M\u00e9xico, Avanzada (17\/12\/2024).- En un operativo conjunto, autoridades lograron la detenci\u00f3n de Miguel \u00c1ngel Cu\u00e9llar Rangel, alias \u201cEl Tigre\u201d, este martes 17 de diciembre en Pachuca, Hidalgo. El hombre, exdirector general de la Polic\u00eda de Investigaci\u00f3n de la Fiscal\u00eda General del Estado de Quintana Roo, es se\u00f1alado como integrante del C\u00e1rtel de Sinaloa y uno de los principales generadores de violencia en el municipio de Benito Ju\u00e1rez, Quintana Roo.<\/p>\n\n\n\n<p class=\"p1 wp-block-paragraph\">\u201cEl Tigre\u201d contaba con al menos dos \u00f3rdenes de aprehensi\u00f3n vigentes por homicidio calificado. Seg\u00fan las investigaciones, lideraba una c\u00e9lula criminal responsable de extorsiones y asesinatos en la regi\u00f3n.<\/p>\n\n\n\n<p class=\"p1 wp-block-paragraph\">La Fiscal\u00eda de Quintana Roo, en colaboraci\u00f3n con autoridades locales y federales, identific\u00f3 que Cu\u00e9llar Rangel utilizaba distintos domicilios en Quintana Roo, Nuevo Le\u00f3n y la Ciudad de M\u00e9xico para evitar ser capturado. Gracias a herramientas tecnol\u00f3gicas y labores de inteligencia, su paradero fue ubicado en la capital hidalguense, donde finalmente fue aprehendido.<\/p>\n\n\n\n<p class=\"p1 wp-block-paragraph\">Tras ser detenido, se confirm\u00f3 su identidad y se le notificaron sus derechos antes de ser trasladado ante el Ministerio P\u00fablico, quien determinar\u00e1 su situaci\u00f3n jur\u00eddica.<\/p>\n\n\n\n<p class=\"p1 wp-block-paragraph\">La aprehensi\u00f3n de Miguel \u00c1ngel Cu\u00e9llar Rangel representa un golpe significativo para la estructura operativa del C\u00e1rtel de Sinaloa en el sureste del pa\u00eds, particularmente en Quintana Roo, donde se le vincula con m\u00faltiples actos violentos que hab\u00edan afectado a la poblaci\u00f3n.&nbsp;<\/p>\n<div class=\"fb-background-color\">\n\t\t\t  <div \n\t\t\t  \tclass = \"fb-comments\" \n\t\t\t  \tdata-href = \"https:\/\/diarioavanzada.com.mx\/?p=69300\"\n\t\t\t  \tdata-numposts = \"10\"\n\t\t\t  \tdata-lazy = \"true\"\n\t\t\t\tdata-colorscheme = \"light\"\n\t\t\t\tdata-order-by = \"social\"\n\t\t\t\tdata-mobile=true>\n\t\t\t  <\/div><\/div>\n\t\t  <style>\n\t\t    .fb-background-color {\n\t\t\t\tbackground:  !important;\n\t\t\t}\n\t\t\t.fb_iframe_widget_fluid_desktop iframe {\n\t\t\t    width: 100% !important;\n\t\t\t}\n\t\t  <\/style>\n\t\t  ","protected":false},"excerpt":{"rendered":"<p>Quintana Roo, M\u00e9xico, Avanzada (17\/12\/2024).- En un operativo conjunto, autoridades lograron la detenci\u00f3n de Miguel \u00c1ngel Cu\u00e9llar Rangel, alias \u201cEl Tigre\u201d, este martes 17 de diciembre en Pachuca, Hidalgo. El hombre, exdirector general de la Polic\u00eda de Investigaci\u00f3n de la Fiscal\u00eda General del Estado de Quintana Roo, es se\u00f1alado como integrante del C\u00e1rtel de Sinaloa [&hellip;]<\/p>\n","protected":false},"author":7,"featured_media":69299,"comment_status":"closed","ping_status":"closed","sticky":false,"template":"","format":"standard","meta":{"_coblocks_attr":"","_coblocks_dimensions":"","_coblocks_responsive_height":"","_coblocks_accordion_ie_support":"","_crdt_document":"","advanced_seo_description":"","jetpack_seo_html_title":"","jetpack_seo_noindex":false,"_jetpack_memberships_contains_paid_content":false,"footnotes":""},"categories":[22,7],"tags":[],"class_list":["post-69300","post","type-post","status-publish","format-standard","has-post-thumbnail","hentry","category-nacion","category-noticias"],"jetpack_featured_media_url":"https:\/\/diarioavanzada.com.mx\/wp-content\/uploads\/2024\/12\/img_0791-1.jpg","jetpack-related-posts":[],"jetpack_sharing_enabled":true,"amp_enabled":true,"_links":{"self":[{"href":"https:\/\/diarioavanzada.com.mx\/index.php?rest_route=\/wp\/v2\/posts\/69300","targetHints":{"allow":["GET"]}}],"collection":[{"href":"https:\/\/diarioavanzada.com.mx\/index.php?rest_route=\/wp\/v2\/posts"}],"about":[{"href":"https:\/\/diarioavanzada.com.mx\/index.php?rest_route=\/wp\/v2\/types\/post"}],"author":[{"embeddable":true,"href":"https:\/\/diarioavanzada.com.mx\/index.php?rest_route=\/wp\/v2\/users\/7"}],"replies":[{"embeddable":true,"href":"https:\/\/diarioavanzada.com.mx\/index.php?rest_route=%2Fwp%2Fv2%2Fcomments&post=69300"}],"version-history":[{"count":1,"href":"https:\/\/diarioavanzada.com.mx\/index.php?rest_route=\/wp\/v2\/posts\/69300\/revisions"}],"predecessor-version":[{"id":69356,"href":"https:\/\/diarioavanzada.com.mx\/index.php?rest_route=\/wp\/v2\/posts\/69300\/revisions\/69356"}],"wp:featuredmedia":[{"embeddable":true,"href":"https:\/\/diarioavanzada.com.mx\/index.php?rest_route=\/wp\/v2\/media\/69299"}],"wp:attachment":[{"href":"https:\/\/diarioavanzada.com.mx\/index.php?rest_route=%2Fwp%2Fv2%2Fmedia&parent=69300"}],"wp:term":[{"taxonomy":"category","embeddable":true,"href":"https:\/\/diarioavanzada.com.mx\/index.php?rest_route=%2Fwp%2Fv2%2Fcategories&post=69300"},{"taxonomy":"post_tag","embeddable":true,"href":"https:\/\/diarioavanzada.com.mx\/index.php?rest_route=%2Fwp%2Fv2%2Ftags&post=69300"}],"curies":[{"name":"wp","href":"https:\/\/api.w.org\/{rel}","templated":true}]}}