{"id":69193,"date":"2024-12-17T08:07:06","date_gmt":"2024-12-17T14:07:06","guid":{"rendered":"https:\/\/diarioavanzada.com.mx\/?p=69193"},"modified":"2024-12-17T08:10:29","modified_gmt":"2024-12-17T14:10:29","slug":"rosi-no-nacio-para-gobernar","status":"publish","type":"post","link":"https:\/\/diarioavanzada.com.mx\/?p=69193","title":{"rendered":"Rosi no naci\u00f3 para gobernar"},"content":{"rendered":"\n<p class=\"wp-block-paragraph\">Columna<\/p>\n\n\n\n<p class=\"wp-block-paragraph\">El Puercoesp\u00edn&nbsp;<\/p>\n\n\n\n<p class=\"s4 wp-block-paragraph\">A Rosi Bayardo no se le da el gobernar. No naci\u00f3 para gobernar. Gobernar no es su fuerte.<\/p>\n\n\n\n<p class=\"s4 wp-block-paragraph\">Morena podr\u00e1 insistir en colocarla en puestos p\u00fablicos,&nbsp;pero su gesti\u00f3n ser\u00e1 siempre negativa no se le da el administrar, la administraci\u00f3n p\u00fablica no es lo suyo.&nbsp;En la Secretar\u00eda de Econom\u00eda, en el DIF estatal y ahora en el Ayuntamiento est\u00e1 acreditando que lo suyo no es gobernar.<\/p>\n\n\n\n<p class=\"s4 wp-block-paragraph\">Su historia en la administraci\u00f3n p\u00fablica es la historia del fracaso.<\/p>\n\n\n\n<p class=\"s4 wp-block-paragraph\">A Manzanillo ya lo puso en los primeros lugares de homicidios dolosos y una de las primeras cinco ciudades del mundo&nbsp;con el mayor porcentaje de homicidios dolosos por cada cien mil habitantes.<\/p>\n\n\n\n<p class=\"s4 wp-block-paragraph\">Los delitos de alto impacto como el asesinato del marino, el asesinato del subdirector del Cereso de Manzanillo y la masacre del palenque clandestino&nbsp;son&nbsp;solo las primeras pinceladas de un desastre en&nbsp;inseguridad anunciado.<\/p>\n\n\n\n<p class=\"s4 wp-block-paragraph\">El colmo es que Vladimir Parra incrust\u00f3 en la administraci\u00f3n manzanillense a una miembro de su grupo en Capdam. Se trata de Isamar Ram\u00edrez que entr\u00f3 con mucha enjundia, seg\u00fan ella, luchando contra la corrupci\u00f3n e interponiendo demandas&nbsp;a diestra y siniestra.&nbsp;<\/p>\n\n\n\n<p class=\"s4 wp-block-paragraph\">Ahora ya en el puesto la funcionaria, amiga de Vladi y del grupo de la&nbsp;Mafia de las Amiguis,&nbsp;ha impuesto un desorden en los&nbsp;veh\u00edculos&nbsp;de la empresa Capdam. Resulta que los funcionarios usan los veh\u00edculos de la empresa p\u00fablica (organismo p\u00fablico) para su beneficio personal, como si se tratara de propiedad privada propia y pueden llevar a sus hijos la escuela o salir a pasear o hacer sus actividades personales con cargo a Capdam, en otras palabras, con cargo a los manzanillenses.&nbsp;Incluso los veh\u00edculos viajan hasta la ciudad de Villa de \u00c1lvarez a diario por las disposiciones de la directora Isamar Ram\u00edrez. La corrupci\u00f3n en Capdam inicia.<\/p>\n\n\n\n<p class=\"s4 wp-block-paragraph\">Todos en Morena saben que Rosi Bayardo no sirve para gobernar, pero ning\u00fan miembro del Comit\u00e9 Ejecutivo Estatal se atreve a decir&nbsp;nada&nbsp;porque saben que corren el riesgo de ser corridos o estigmatizados y no volver a ocupar un puesto p\u00fablico.<\/p>\n\n\n\n<p class=\"s4 wp-block-paragraph\">Morena desde su nivel municipal, pasando por el estatal y hasta la direcci\u00f3n nacional son responsables de haber propuesto a una persona carente de habilidades y destrezas para gobernar; sin embargo,&nbsp;sabi\u00e9ndolo la impusieron porque simple y llanamente as\u00ed complac\u00edan a la gobernadora.<\/p>\n\n\n\n<p class=\"s4 wp-block-paragraph\">Ya est\u00e1 Rosi en la presidencia y el desastre est\u00e1 en marcha.<\/p>\n\n\n\n<p class=\"s4 wp-block-paragraph\">Hasta ahora la \u00fanica medida que se observa es que la Marina Armada de M\u00e9xico ha tomado el control de la seguridad de facto.<\/p>\n\n\n\n<p class=\"s4 wp-block-paragraph\">Falta que el Congreso del Estado de Colima, desde ya, haga una evaluaci\u00f3n de la presidenta municipal y se plantee seriamente la desaparici\u00f3n de poderes y se instale un cabildo nombrado por&nbsp;el Congreso para que el desastre anunciado se contenga y los manzanillenses no sufran los estragos de padecer una inseguridad incontenible.<\/p>\n\n\n\n<p class=\"s4 wp-block-paragraph\">Los primeros atisbos del desastre en la inseguridad y el desorden administrativo que,&nbsp;crecer\u00e1n&nbsp;exponencialmenteandando el tiempo,&nbsp;ah\u00ed est\u00e1n documentados en las redes sociales.<\/p>\n\n\n\n<p class=\"s4 wp-block-paragraph\">El desastre importante&nbsp;sobrevendr\u00e1&nbsp;cuando se comiencen a dar los&nbsp;des\u00f3rdenes y abusos administrativos, adem\u00e1s de la&nbsp;corrupci\u00f3n&nbsp;financiera&nbsp;que,&nbsp;sin temor a equivocarme,provocar\u00e1 que el Ayuntamiento comience una espiral de endeudamiento con pasivos importantes&nbsp;<\/p>\n\n\n\n<p class=\"s4 wp-block-paragraph\">Y muy seguramente las pensiones en el Ipecol ser\u00e1n los primeros afectados.<\/p>\n\n\n\n<p class=\"s4 wp-block-paragraph\">La inversi\u00f3n de los de 7 mil millones de pesos para el nuevo puerto en Cuyutl\u00e1n y la ca\u00edda del flujo de turistas por la inseguridad son dos riesgos que corre Manzanillo y \u00e9ste dejar\u00e1 de ser el epicentro del desarrollo econ\u00f3mico de la entidad,&nbsp;y s\u00ed,&nbsp;efectivamente, Manzanillo ser\u00e1 el epicentro de la corrupci\u00f3n y el fracaso.<\/p>\n\n\n\n<p class=\"s4 wp-block-paragraph\">Los fracasos cuestan y Manzanillo ser\u00e1 un paradigma de lo que&nbsp;significa&nbsp;poner en pr\u00e1ctica un capricho. Los gobiernos de amiguis est\u00e1n condenados al fracaso y no tendr\u00e1n una segunda oportunidad. &nbsp;<\/p>\n\n\n\n<p class=\"s4 wp-block-paragraph\">Rosi&nbsp;Bayardo no naci\u00f3 para gobernar, lo suyo no es la pol\u00edtica. Su administraci\u00f3n anuncia,&nbsp;por todos&nbsp;los \u00e1ngulos,un gran desastre.<\/p>\n\n\n\n<p class=\"s4 wp-block-paragraph\">El Congreso debe tomar cartas en el asunto de ya.&nbsp;<\/p>\n\n\n\n<p class=\"s4 wp-block-paragraph\">Manzanillo ser\u00e1 el pantano pol\u00edtico de la&nbsp;<strong>Mafia de las Amiguis.<\/strong><\/p>\n\n\n\n<p class=\"s4 wp-block-paragraph\"><em>*Imagen tomada de la red social de Rosi Bayardo.&nbsp;<\/em><\/p>\n<div class=\"fb-background-color\">\n\t\t\t  <div \n\t\t\t  \tclass = \"fb-comments\" \n\t\t\t  \tdata-href = \"https:\/\/diarioavanzada.com.mx\/?p=69193\"\n\t\t\t  \tdata-numposts = \"10\"\n\t\t\t  \tdata-lazy = \"true\"\n\t\t\t\tdata-colorscheme = \"light\"\n\t\t\t\tdata-order-by = \"social\"\n\t\t\t\tdata-mobile=true>\n\t\t\t  <\/div><\/div>\n\t\t  <style>\n\t\t    .fb-background-color {\n\t\t\t\tbackground:  !important;\n\t\t\t}\n\t\t\t.fb_iframe_widget_fluid_desktop iframe {\n\t\t\t    width: 100% !important;\n\t\t\t}\n\t\t  <\/style>\n\t\t  ","protected":false},"excerpt":{"rendered":"<p>Columna El Puercoesp\u00edn&nbsp; A Rosi Bayardo no se le da el gobernar. No naci\u00f3 para gobernar. Gobernar no es su fuerte. Morena podr\u00e1 insistir en colocarla en puestos p\u00fablicos,&nbsp;pero su gesti\u00f3n ser\u00e1 siempre negativa no se le da el administrar, la administraci\u00f3n p\u00fablica no es lo suyo.&nbsp;En la Secretar\u00eda de Econom\u00eda, en el DIF estatal [&hellip;]<\/p>\n","protected":false},"author":9,"featured_media":69192,"comment_status":"closed","ping_status":"closed","sticky":false,"template":"","format":"standard","meta":{"_coblocks_attr":"","_coblocks_dimensions":"","_coblocks_responsive_height":"","_coblocks_accordion_ie_support":"","advanced_seo_description":"","jetpack_seo_html_title":"","jetpack_seo_noindex":false,"jetpack_seo_schema_type":"","_jetpack_newsletter_access":"","_jetpack_dont_email_post_to_subs":false,"_jetpack_newsletter_tier_id":0,"_jetpack_memberships_contains_paywalled_content":false,"_wpcom_ai_launchpad_first_post":false,"_jetpack_feature_clip_id":0,"_jetpack_memberships_contains_paid_content":false,"footnotes":"","jetpack_post_was_ever_published":false},"categories":[19,209,24],"tags":[],"class_list":["post-69193","post","type-post","status-publish","format-standard","has-post-thumbnail","hentry","category-colima","category-importantes","category-opinion"],"jetpack-related-posts":[],"jetpack_sharing_enabled":true,"amp_enabled":true,"jetpack_featured_media_url":"https:\/\/diarioavanzada.com.mx\/wp-content\/uploads\/2024\/12\/img_1779-1.jpg","_links":{"self":[{"href":"https:\/\/diarioavanzada.com.mx\/index.php?rest_route=\/wp\/v2\/posts\/69193","targetHints":{"allow":["GET"]}}],"collection":[{"href":"https:\/\/diarioavanzada.com.mx\/index.php?rest_route=\/wp\/v2\/posts"}],"about":[{"href":"https:\/\/diarioavanzada.com.mx\/index.php?rest_route=\/wp\/v2\/types\/post"}],"author":[{"embeddable":true,"href":"https:\/\/diarioavanzada.com.mx\/index.php?rest_route=\/wp\/v2\/users\/9"}],"replies":[{"embeddable":true,"href":"https:\/\/diarioavanzada.com.mx\/index.php?rest_route=%2Fwp%2Fv2%2Fcomments&post=69193"}],"version-history":[{"count":1,"href":"https:\/\/diarioavanzada.com.mx\/index.php?rest_route=\/wp\/v2\/posts\/69193\/revisions"}],"predecessor-version":[{"id":69194,"href":"https:\/\/diarioavanzada.com.mx\/index.php?rest_route=\/wp\/v2\/posts\/69193\/revisions\/69194"}],"wp:featuredmedia":[{"embeddable":true,"href":"https:\/\/diarioavanzada.com.mx\/index.php?rest_route=\/wp\/v2\/media\/69192"}],"wp:attachment":[{"href":"https:\/\/diarioavanzada.com.mx\/index.php?rest_route=%2Fwp%2Fv2%2Fmedia&parent=69193"}],"wp:term":[{"taxonomy":"category","embeddable":true,"href":"https:\/\/diarioavanzada.com.mx\/index.php?rest_route=%2Fwp%2Fv2%2Fcategories&post=69193"},{"taxonomy":"post_tag","embeddable":true,"href":"https:\/\/diarioavanzada.com.mx\/index.php?rest_route=%2Fwp%2Fv2%2Ftags&post=69193"}],"curies":[{"name":"wp","href":"https:\/\/api.w.org\/{rel}","templated":true}]}}