{"id":69113,"date":"2024-12-16T18:46:54","date_gmt":"2024-12-17T00:46:54","guid":{"rendered":"https:\/\/diarioavanzada.com.mx\/?p=69113"},"modified":"2024-12-16T18:46:54","modified_gmt":"2024-12-17T00:46:54","slug":"detienen-a-13-policias-en-veracruz-por-desaparicion-forzada-de-personas","status":"publish","type":"post","link":"https:\/\/diarioavanzada.com.mx\/?p=69113","title":{"rendered":"Detienen a 13 polic\u00edas en Veracruz por desaparici\u00f3n forzada de personas"},"content":{"rendered":"\n<p class=\"wp-block-paragraph\">Veracruz, M\u00e9xico, Avanzada (16\/12\/2024).- \ufffcLa Fiscal\u00eda General del Estado de Veracruz inform\u00f3 que, elementos de la Polic\u00eda Ministerial cumplimentaron orden de aprehensi\u00f3n en contra de 13 polic\u00edas estatales como probables responsables del delito de desaparici\u00f3n forzada de personas<\/p>\n\n\n\n<p class=\"wp-block-paragraph\">Jos\u00e9 Manuel \u201cN\u201d y Jos\u00e9 Rosalino \u201cN\u201d, en agravio de tres v\u00edctimas de identidad resguardada.<\/p>\n\n\n\n<p class=\"wp-block-paragraph\">Mart\u00edn de Jes\u00fas \u201cN\u201d, Benjam\u00edn \u201cN\u201d, Francisco \u201cN\u201d, Sandra Anayeli \u201cN\u201d, Alfredo Ir\u00e1n \u201cN\u201d, \u00d3scar \u201cN\u201d, Luis Gerardo \u201cN\u201d, Miguel \u00c1ngel \u201cN\u201d, Adriana Yamilet \u201cN\u201d y Juan Daniel \u201cN\u201d, en agravio de dos v\u00edctimas de identidad resguardada.<\/p>\n\n\n\n<p class=\"wp-block-paragraph\">Andr\u00e9s \u201cN\u201d, en agravio de una v\u00edctima de identidad resguardada.<\/p>\n\n\n\n<p class=\"wp-block-paragraph\">Respetando sus derechos humanos y el debido proceso, ser\u00e1n presentados a trav\u00e9s de la Fiscal\u00eda Especializada para la Atenci\u00f3n de Denuncias por Personas Desaparecidas, en audiencia inicial ante los jueces de control y procedimiento penal oral, en Pacho Viejo, Cosamaloapan y Coatzacoalcos respectivamente, para que definan su situaci\u00f3n jur\u00eddica.<\/p>\n<div class=\"fb-background-color\">\n\t\t\t  <div \n\t\t\t  \tclass = \"fb-comments\" \n\t\t\t  \tdata-href = \"https:\/\/diarioavanzada.com.mx\/?p=69113\"\n\t\t\t  \tdata-numposts = \"10\"\n\t\t\t  \tdata-lazy = \"true\"\n\t\t\t\tdata-colorscheme = \"light\"\n\t\t\t\tdata-order-by = \"social\"\n\t\t\t\tdata-mobile=true>\n\t\t\t  <\/div><\/div>\n\t\t  <style>\n\t\t    .fb-background-color {\n\t\t\t\tbackground:  !important;\n\t\t\t}\n\t\t\t.fb_iframe_widget_fluid_desktop iframe {\n\t\t\t    width: 100% !important;\n\t\t\t}\n\t\t  <\/style>\n\t\t  ","protected":false},"excerpt":{"rendered":"<p>Veracruz, M\u00e9xico, Avanzada (16\/12\/2024).- \ufffcLa Fiscal\u00eda General del Estado de Veracruz inform\u00f3 que, elementos de la Polic\u00eda Ministerial cumplimentaron orden de aprehensi\u00f3n en contra de 13 polic\u00edas estatales como probables responsables del delito de desaparici\u00f3n forzada de personas Jos\u00e9 Manuel \u201cN\u201d y Jos\u00e9 Rosalino \u201cN\u201d, en agravio de tres v\u00edctimas de identidad resguardada. Mart\u00edn de [&hellip;]<\/p>\n","protected":false},"author":7,"featured_media":69112,"comment_status":"closed","ping_status":"closed","sticky":false,"template":"","format":"standard","meta":{"_coblocks_attr":"","_coblocks_dimensions":"","_coblocks_responsive_height":"","_coblocks_accordion_ie_support":"","_crdt_document":"","advanced_seo_description":"","jetpack_seo_html_title":"","jetpack_seo_noindex":false,"_jetpack_memberships_contains_paid_content":false,"footnotes":""},"categories":[22,231],"tags":[],"class_list":["post-69113","post","type-post","status-publish","format-standard","has-post-thumbnail","hentry","category-nacion","category-seguridad"],"jetpack_featured_media_url":"https:\/\/diarioavanzada.com.mx\/wp-content\/uploads\/2024\/12\/img_1750-1.jpg","jetpack-related-posts":[],"jetpack_sharing_enabled":true,"amp_enabled":true,"_links":{"self":[{"href":"https:\/\/diarioavanzada.com.mx\/index.php?rest_route=\/wp\/v2\/posts\/69113","targetHints":{"allow":["GET"]}}],"collection":[{"href":"https:\/\/diarioavanzada.com.mx\/index.php?rest_route=\/wp\/v2\/posts"}],"about":[{"href":"https:\/\/diarioavanzada.com.mx\/index.php?rest_route=\/wp\/v2\/types\/post"}],"author":[{"embeddable":true,"href":"https:\/\/diarioavanzada.com.mx\/index.php?rest_route=\/wp\/v2\/users\/7"}],"replies":[{"embeddable":true,"href":"https:\/\/diarioavanzada.com.mx\/index.php?rest_route=%2Fwp%2Fv2%2Fcomments&post=69113"}],"version-history":[{"count":0,"href":"https:\/\/diarioavanzada.com.mx\/index.php?rest_route=\/wp\/v2\/posts\/69113\/revisions"}],"wp:featuredmedia":[{"embeddable":true,"href":"https:\/\/diarioavanzada.com.mx\/index.php?rest_route=\/wp\/v2\/media\/69112"}],"wp:attachment":[{"href":"https:\/\/diarioavanzada.com.mx\/index.php?rest_route=%2Fwp%2Fv2%2Fmedia&parent=69113"}],"wp:term":[{"taxonomy":"category","embeddable":true,"href":"https:\/\/diarioavanzada.com.mx\/index.php?rest_route=%2Fwp%2Fv2%2Fcategories&post=69113"},{"taxonomy":"post_tag","embeddable":true,"href":"https:\/\/diarioavanzada.com.mx\/index.php?rest_route=%2Fwp%2Fv2%2Ftags&post=69113"}],"curies":[{"name":"wp","href":"https:\/\/api.w.org\/{rel}","templated":true}]}}