{"id":69058,"date":"2024-12-16T06:56:15","date_gmt":"2024-12-16T12:56:15","guid":{"rendered":"https:\/\/diarioavanzada.com.mx\/?p=69058"},"modified":"2024-12-16T07:03:43","modified_gmt":"2024-12-16T13:03:43","slug":"para-imades-somos-un-cero-a-la-izquierda","status":"publish","type":"post","link":"https:\/\/diarioavanzada.com.mx\/?p=69058","title":{"rendered":"Para&nbsp;Imades&nbsp;somos un cero a la izquierda"},"content":{"rendered":"\n<p class=\"wp-block-paragraph\">Columna<\/p>\n\n\n\n<p class=\"wp-block-paragraph\">El Puercoesp\u00edn&nbsp;<\/p>\n\n\n\n<p class=\"s5 wp-block-paragraph\">Despu\u00e9s de que se hizo p\u00fablica la molestia de los ciudadanos por la poda severa y la tala inmoderada de&nbsp;parotas&nbsp;en el fraccionamiento San Bernardo, al sur de la ciudad de Colima,&nbsp;el Ayuntamiento de Colima a trav\u00e9s de la directora general de Desarrollo Urbano y Medio Ambiente,&nbsp;arquitecta&nbsp;Isabel Galaviz,&nbsp;por instrucciones de su presidente municipal,dio una explicaci\u00f3n de lo que les compete en este asunto, manifestando con ello su respeto y sus consideraciones&nbsp;a&nbsp;los ciudadanos colimenses, es decir, que&nbsp;la&nbsp;funcionaria&nbsp;hizo lo que&nbsp;como trabajadora tiene&nbsp;la responsabilidad p\u00fablica&nbsp;de hacer, abonando con el ello al debate p\u00fablico con argumentos y fundamentos legales lo que al Ayuntamiento colimense le compete&nbsp;en materia de medio ambiente y ecolog\u00eda. Su publicaci\u00f3n de un&nbsp;video,&nbsp;aclar\u00f3&nbsp;y se\u00f1al\u00f3,&nbsp;hacia a donde apuntan las responsabilidades.<\/p>\n\n\n\n<p class=\"s5 wp-block-paragraph\">La&nbsp;Directora, precis\u00f3&nbsp;que ellos actuaron despu\u00e9s de qu\u00e9 el&nbsp;Imades&nbsp;emiti\u00f3 un resolutivo&nbsp;de impacto ambiental y que hizo efectivo a trav\u00e9s de la Direcci\u00f3n de Ecolog\u00eda y Medio Ambiente, mismo que debe comprobar f\u00edsicamente que se est\u00e1n cumpliendo las medidas de mitigaci\u00f3n y compensatorias que marca la ley en estos casos.<\/p>\n\n\n\n<p class=\"s5 wp-block-paragraph\">Este procedimiento es rutinario porque deben&nbsp;aplicarse las leyes de medio ambiente federal, estatal y municipal.<\/p>\n\n\n\n<p class=\"s5 wp-block-paragraph\">Entre otras cosas la ley dice con relaci\u00f3n a las&nbsp;parotas:<\/p>\n\n\n\n<p class=\"s5 wp-block-paragraph\">\u201cLa poda y derribo de ejemplares de&nbsp;Parota&nbsp;s\u00f3lo podr\u00e1 realizarse previa obtenci\u00f3n del permiso o autorizaci\u00f3n correspondiente de la autoridad Ambiental competente.&nbsp;No pueden ser talados ni perjudicados en ninguna v\u00eda, ni se podr\u00e1 alterar su entorno inmediato, excepto por motivos de conservaci\u00f3n del propio \u00e1rbol; a excepci\u00f3n que se de alguno de los criterios siguientes: I. II. III. IV. V. VI. Cuando el ejemplar arb\u00f3reo padezca una enfermedad fatal que pueda afectar a otros ejemplares arb\u00f3reos o se trate de un ejemplar muerto; Cuando su ubicaci\u00f3n y condiciones fitosanitarias o inclinaci\u00f3n representen un peligro inminente para los ciudadanos, peatones, automovilistas, la comunidad o los vecinos del lugar; Cuando sea nocivo para otras especies o ejemplares alrededor de \u00e9l;&nbsp;<a><\/a>Cuando se trate de proyectos urbanos o viales municipales o del Gobierno Estatal,previo el estudio y aprobaci\u00f3n por parte de la autoridad competente. En dicho caso deber\u00e1 especificarse el tratamiento y compensaci\u00f3n de ejemplares; Cuando se compruebe que existe riesgo de alg\u00fan desastre causado por el desplome de uno o varios ejemplares; Todas las dem\u00e1s en que se requiera la salvaguarda de la integridad de las personas o sus bienes; VII. Presentar solicitud por escrito, en los formatos y con los lineamientos que al efecto emita la autoridad ambiental competente; y VIII. Para el caso de poda, s\u00f3lo se autorizar\u00e1 para aquellos espec\u00edmenes que por sus caracter\u00edsticas puedan causar da\u00f1o a personas o bienes, estableci\u00e9ndose como medidas de compensaci\u00f3n la obligaci\u00f3n del promovente de donar diez especies por cada \u00e1rbol podado, a la autoridad competente, los cuales deber\u00e1n tener una altura m\u00ednima de un metro con cincuenta cent\u00edmetros. Los supuestos anteriores, deber\u00e1n ser debidamente consultados y autorizados por el Comit\u00e9 para la Conservaci\u00f3n y Protecci\u00f3n de la&nbsp;Parota.<\/p>\n\n\n\n<p class=\"s5 wp-block-paragraph\">La arquitecta Isabel Galaviz ya nos dijo quien debe asumir la responsabilidad del derribo de las&nbsp;parotas&nbsp;y darnos una explicaci\u00f3n p\u00fablica.<\/p>\n\n\n\n<p class=\"s5 wp-block-paragraph\">Primero debe hacer p\u00fablico el resolutivo emitido de impacto ambiental por el&nbsp;Imades.<\/p>\n\n\n\n<p class=\"s5 wp-block-paragraph\">En segundo&nbsp;lugar,&nbsp;la Direcci\u00f3n de Ecolog\u00eda y Medio Ambiente&nbsp;debe dar un informe p\u00fablico si se justifica el derribo de los \u00e1rboles&nbsp;de acuerdo al&nbsp;decreto que protege a la&nbsp;parota&nbsp;de&nbsp;conformidad&nbsp;a las causas&nbsp;espec\u00edficas&nbsp;que se\u00f1ala como, por ejemplo: \u201cCuando se trate de proyectos urbanos o viales municipales o del Gobierno Estatal\u201d<\/p>\n\n\n\n<p class=\"s5 wp-block-paragraph\">En tercer lugar, si es que hay causas legales justificadas hacer p\u00fablico el informe del seguimiento f\u00edsico que se est\u00e1 haciendo -si es que as\u00ed es- del cumplimiento de las medidas de mitigaci\u00f3n y compensatorias,&nbsp;si as\u00ed fuera el caso.<\/p>\n\n\n\n<p class=\"s5 wp-block-paragraph\">Hasta hoy&nbsp;Imades&nbsp;no ha tenido la molestia de informar nada,&nbsp;Imades&nbsp;se comporta como un organismo&nbsp;superaut\u00f3nomo&nbsp;o como un Estado dentro de otro Estado.<\/p>\n\n\n\n<p class=\"s5 wp-block-paragraph\">Las&nbsp;parotas&nbsp;lucen sanas e&nbsp;Imades&nbsp;no informa nada \u00bfA qui\u00e9n est\u00e1n protegiendo?<\/p>\n\n\n\n<p class=\"s9 wp-block-paragraph\">Ang\u00e9lica Lizeth Jim\u00e9nez Hern\u00e1ndez&nbsp;es la&nbsp;directora general del&nbsp;Instituto para el Medio Ambiente y Desarrollo Sustentable del Estado de Colima (Imades).<\/p>\n\n\n\n<p class=\"s9 wp-block-paragraph\">Cuando se anunci\u00f3 su nombramiento&nbsp;a trav\u00e9s de sus redes sociales a&nbsp;Jim\u00e9nez Hern\u00e1ndez&nbsp;como nueva directora, a quien destac\u00f3 por su trayectoria y dedicaci\u00f3n en materia ambiental,&nbsp;\u201cEstamos seguros&nbsp;de que&nbsp;con su exitosa trayectoria y dedicaci\u00f3n en materia ambiental asumir\u00e1 esta responsabilidad con el mayor de los compromisos,&nbsp;siempre en beneficio de las y los colimenses y nuestro medio ambiente\u201d, public\u00f3 el instituto en su p\u00e1gina de Facebook&nbsp;al principio del sexenio.<\/p>\n\n\n\n<p class=\"s9 wp-block-paragraph\">Pues resulta que no,&nbsp;Ang\u00e9lica Lizeth Jim\u00e9nez se&nbsp;siente&nbsp;en una especie de peque\u00f1o reino donde ella es la princesa y no&nbsp;cree tener la responsabilidad de lo que se autoriza en su dependencia. Est\u00e1 claro que Jim\u00e9nez Hern\u00e1ndez trabaja para un peque\u00f1o grupo de empresarios y le vale un reverendo r\u00e1bano lo que piensen los colimenses,&nbsp;aun cuando anunciaron su nombramiento que trabajar\u00eda para todo los colimenses y el beneficio del medio ambiente. Por qu\u00e9 mentir tanto, por qu\u00e9 evadir las responsabilidades.<\/p>\n\n\n\n<p class=\"s9 wp-block-paragraph\">La arquitecta Isabel Galaviz dio una muestra de lo elemental que resulta informar&nbsp;de lo&nbsp;que se est\u00e1 haciendo en el \u00e1rea de su competencia. Un funcionario p\u00fablico siempre debe informar de sus acciones y toma de decisiones.<\/p>\n\n\n\n<p class=\"s9 wp-block-paragraph\">No informar, como act\u00faa Jim\u00e9nez Hern\u00e1ndez, es una muestra de soberbia y de que algo est\u00e1 podrido en Dinamarca.<\/p>\n<div class=\"fb-background-color\">\n\t\t\t  <div \n\t\t\t  \tclass = \"fb-comments\" \n\t\t\t  \tdata-href = \"https:\/\/diarioavanzada.com.mx\/?p=69058\"\n\t\t\t  \tdata-numposts = \"10\"\n\t\t\t  \tdata-lazy = \"true\"\n\t\t\t\tdata-colorscheme = \"light\"\n\t\t\t\tdata-order-by = \"social\"\n\t\t\t\tdata-mobile=true>\n\t\t\t  <\/div><\/div>\n\t\t  <style>\n\t\t    .fb-background-color {\n\t\t\t\tbackground:  !important;\n\t\t\t}\n\t\t\t.fb_iframe_widget_fluid_desktop iframe {\n\t\t\t    width: 100% !important;\n\t\t\t}\n\t\t  <\/style>\n\t\t  ","protected":false},"excerpt":{"rendered":"<p>Columna El Puercoesp\u00edn&nbsp; Despu\u00e9s de que se hizo p\u00fablica la molestia de los ciudadanos por la poda severa y la tala inmoderada de&nbsp;parotas&nbsp;en el fraccionamiento San Bernardo, al sur de la ciudad de Colima,&nbsp;el Ayuntamiento de Colima a trav\u00e9s de la directora general de Desarrollo Urbano y Medio Ambiente,&nbsp;arquitecta&nbsp;Isabel Galaviz,&nbsp;por instrucciones de su presidente municipal,dio [&hellip;]<\/p>\n","protected":false},"author":9,"featured_media":69057,"comment_status":"closed","ping_status":"closed","sticky":false,"template":"","format":"standard","meta":{"_coblocks_attr":"","_coblocks_dimensions":"","_coblocks_responsive_height":"","_coblocks_accordion_ie_support":"","advanced_seo_description":"","jetpack_seo_html_title":"","jetpack_seo_noindex":false,"jetpack_seo_schema_type":"","_jetpack_newsletter_access":"","_jetpack_dont_email_post_to_subs":false,"_jetpack_newsletter_tier_id":0,"_jetpack_memberships_contains_paywalled_content":false,"_wpcom_ai_launchpad_first_post":false,"_jetpack_feature_clip_id":0,"_jetpack_memberships_contains_paid_content":false,"footnotes":"","jetpack_post_was_ever_published":false},"categories":[19,209,24],"tags":[],"class_list":["post-69058","post","type-post","status-publish","format-standard","has-post-thumbnail","hentry","category-colima","category-importantes","category-opinion"],"jetpack-related-posts":[],"jetpack_sharing_enabled":true,"amp_enabled":true,"jetpack_featured_media_url":"https:\/\/diarioavanzada.com.mx\/wp-content\/uploads\/2024\/12\/img_1671-1.jpg","_links":{"self":[{"href":"https:\/\/diarioavanzada.com.mx\/index.php?rest_route=\/wp\/v2\/posts\/69058","targetHints":{"allow":["GET"]}}],"collection":[{"href":"https:\/\/diarioavanzada.com.mx\/index.php?rest_route=\/wp\/v2\/posts"}],"about":[{"href":"https:\/\/diarioavanzada.com.mx\/index.php?rest_route=\/wp\/v2\/types\/post"}],"author":[{"embeddable":true,"href":"https:\/\/diarioavanzada.com.mx\/index.php?rest_route=\/wp\/v2\/users\/9"}],"replies":[{"embeddable":true,"href":"https:\/\/diarioavanzada.com.mx\/index.php?rest_route=%2Fwp%2Fv2%2Fcomments&post=69058"}],"version-history":[{"count":2,"href":"https:\/\/diarioavanzada.com.mx\/index.php?rest_route=\/wp\/v2\/posts\/69058\/revisions"}],"predecessor-version":[{"id":69060,"href":"https:\/\/diarioavanzada.com.mx\/index.php?rest_route=\/wp\/v2\/posts\/69058\/revisions\/69060"}],"wp:featuredmedia":[{"embeddable":true,"href":"https:\/\/diarioavanzada.com.mx\/index.php?rest_route=\/wp\/v2\/media\/69057"}],"wp:attachment":[{"href":"https:\/\/diarioavanzada.com.mx\/index.php?rest_route=%2Fwp%2Fv2%2Fmedia&parent=69058"}],"wp:term":[{"taxonomy":"category","embeddable":true,"href":"https:\/\/diarioavanzada.com.mx\/index.php?rest_route=%2Fwp%2Fv2%2Fcategories&post=69058"},{"taxonomy":"post_tag","embeddable":true,"href":"https:\/\/diarioavanzada.com.mx\/index.php?rest_route=%2Fwp%2Fv2%2Ftags&post=69058"}],"curies":[{"name":"wp","href":"https:\/\/api.w.org\/{rel}","templated":true}]}}