{"id":69042,"date":"2024-12-15T21:46:08","date_gmt":"2024-12-16T03:46:08","guid":{"rendered":"https:\/\/diarioavanzada.com.mx\/?p=69042"},"modified":"2024-12-15T21:46:08","modified_gmt":"2024-12-16T03:46:08","slug":"se-busca-andy-desaparecio-el-30-de-noviembre-en-manzanillo","status":"publish","type":"post","link":"https:\/\/diarioavanzada.com.mx\/?p=69042","title":{"rendered":"Se busca: Andy desapareci\u00f3 el 30 de noviembre en Manzanillo"},"content":{"rendered":"\n<p class=\"wp-block-paragraph\">Colima, Mexico, Avanzada (15\/12\/2024).- La Comisi\u00f3n de B\u00fasqueda de Personas del Estado de Colima ha emitido una ficha de b\u00fasqueda para localizar a Jos\u00e9 Estrella V\u00e1zquez, conocido como Andy, quien se encuentra desaparecido desde el 30 de noviembre de 2024 en el municipio de Manzanillo. El reporte de su desaparici\u00f3n fue recibido el 15 de diciembre de 2024.<\/p>\n\n\n\n<p class=\"wp-block-paragraph\">Seg\u00fan los datos proporcionados por las autoridades, Andy tiene 21 a\u00f1os, mide 1.70 metros de estatura y presenta una cara afilada, con una nariz de tama\u00f1o medio. Su cabello es negro y quebradizo, y sus ojos son medianos y de color caf\u00e9 oscuro. Su tez es morena clara.<\/p>\n\n\n\n<p class=\"wp-block-paragraph\">En el momento de su desaparici\u00f3n, Andy vest\u00eda una playera negra, pantal\u00f3n de mezclilla ajustado color azul y con rasgaduras en la parte frontal, gorra negra y tenis tambi\u00e9n de color negro. No se reportan tatuajes ni cicatrices en su cuerpo, pero se sabe que portaba una cadena de plata con un dije de San Judas Tadeo.<\/p>\n\n\n\n<p class=\"wp-block-paragraph\">La Comisi\u00f3n de B\u00fasqueda solicita la colaboraci\u00f3n de la ciudadan\u00eda para dar con su paradero. Quienes tengan informaci\u00f3n sobre su localizaci\u00f3n pueden comunicarse al n\u00famero 312 131 3809.<\/p>\n\n\n\n<p class=\"wp-block-paragraph\">La desaparici\u00f3n de Andy Jos\u00e9 Estrella V\u00e1zquez sigue siendo investigada por las autoridades, quienes trabajan en coordinaci\u00f3n con diversas instancias para esclarecer los hechos.<\/p>\n\n\n\n<figure class=\"wp-block-image size-large\"><img loading=\"lazy\" decoding=\"async\" width=\"940\" height=\"788\" src=\"https:\/\/diarioavanzada.com.mx\/wp-content\/uploads\/2024\/12\/d4effcde-7b53-46a8-8ddd-7474b7466b99-1.jpg\" class=\"wp-image-69040\" srcset=\"https:\/\/diarioavanzada.com.mx\/wp-content\/uploads\/2024\/12\/d4effcde-7b53-46a8-8ddd-7474b7466b99-1.jpg 940w, https:\/\/diarioavanzada.com.mx\/wp-content\/uploads\/2024\/12\/d4effcde-7b53-46a8-8ddd-7474b7466b99-1-300x251.jpg 300w, https:\/\/diarioavanzada.com.mx\/wp-content\/uploads\/2024\/12\/d4effcde-7b53-46a8-8ddd-7474b7466b99-1-768x644.jpg 768w\" sizes=\"auto, (max-width: 940px) 100vw, 940px\" \/><\/figure>\n<div class=\"fb-background-color\">\n\t\t\t  <div \n\t\t\t  \tclass = \"fb-comments\" \n\t\t\t  \tdata-href = \"https:\/\/diarioavanzada.com.mx\/?p=69042\"\n\t\t\t  \tdata-numposts = \"10\"\n\t\t\t  \tdata-lazy = \"true\"\n\t\t\t\tdata-colorscheme = \"light\"\n\t\t\t\tdata-order-by = \"social\"\n\t\t\t\tdata-mobile=true>\n\t\t\t  <\/div><\/div>\n\t\t  <style>\n\t\t    .fb-background-color {\n\t\t\t\tbackground:  !important;\n\t\t\t}\n\t\t\t.fb_iframe_widget_fluid_desktop iframe {\n\t\t\t    width: 100% !important;\n\t\t\t}\n\t\t  <\/style>\n\t\t  ","protected":false},"excerpt":{"rendered":"<p>Colima, Mexico, Avanzada (15\/12\/2024).- La Comisi\u00f3n de B\u00fasqueda de Personas del Estado de Colima ha emitido una ficha de b\u00fasqueda para localizar a Jos\u00e9 Estrella V\u00e1zquez, conocido como Andy, quien se encuentra desaparecido desde el 30 de noviembre de 2024 en el municipio de Manzanillo. El reporte de su desaparici\u00f3n fue recibido el 15 de [&hellip;]<\/p>\n","protected":false},"author":7,"featured_media":69041,"comment_status":"closed","ping_status":"closed","sticky":false,"template":"","format":"standard","meta":{"_coblocks_attr":"","_coblocks_dimensions":"","_coblocks_responsive_height":"","_coblocks_accordion_ie_support":"","_crdt_document":"","advanced_seo_description":"","jetpack_seo_html_title":"","jetpack_seo_noindex":false,"_jetpack_memberships_contains_paid_content":false,"footnotes":""},"categories":[19,209,231],"tags":[],"class_list":["post-69042","post","type-post","status-publish","format-standard","has-post-thumbnail","hentry","category-colima","category-importantes","category-seguridad"],"jetpack_featured_media_url":"https:\/\/diarioavanzada.com.mx\/wp-content\/uploads\/2024\/12\/d4effcde-7b53-46a8-8ddd-7474b7466b99-2-1.jpg","jetpack-related-posts":[],"jetpack_sharing_enabled":true,"amp_enabled":true,"_links":{"self":[{"href":"https:\/\/diarioavanzada.com.mx\/index.php?rest_route=\/wp\/v2\/posts\/69042","targetHints":{"allow":["GET"]}}],"collection":[{"href":"https:\/\/diarioavanzada.com.mx\/index.php?rest_route=\/wp\/v2\/posts"}],"about":[{"href":"https:\/\/diarioavanzada.com.mx\/index.php?rest_route=\/wp\/v2\/types\/post"}],"author":[{"embeddable":true,"href":"https:\/\/diarioavanzada.com.mx\/index.php?rest_route=\/wp\/v2\/users\/7"}],"replies":[{"embeddable":true,"href":"https:\/\/diarioavanzada.com.mx\/index.php?rest_route=%2Fwp%2Fv2%2Fcomments&post=69042"}],"version-history":[{"count":0,"href":"https:\/\/diarioavanzada.com.mx\/index.php?rest_route=\/wp\/v2\/posts\/69042\/revisions"}],"wp:featuredmedia":[{"embeddable":true,"href":"https:\/\/diarioavanzada.com.mx\/index.php?rest_route=\/wp\/v2\/media\/69041"}],"wp:attachment":[{"href":"https:\/\/diarioavanzada.com.mx\/index.php?rest_route=%2Fwp%2Fv2%2Fmedia&parent=69042"}],"wp:term":[{"taxonomy":"category","embeddable":true,"href":"https:\/\/diarioavanzada.com.mx\/index.php?rest_route=%2Fwp%2Fv2%2Fcategories&post=69042"},{"taxonomy":"post_tag","embeddable":true,"href":"https:\/\/diarioavanzada.com.mx\/index.php?rest_route=%2Fwp%2Fv2%2Ftags&post=69042"}],"curies":[{"name":"wp","href":"https:\/\/api.w.org\/{rel}","templated":true}]}}