{"id":69034,"date":"2024-12-15T20:05:18","date_gmt":"2024-12-16T02:05:18","guid":{"rendered":"https:\/\/diarioavanzada.com.mx\/?p=69034"},"modified":"2024-12-15T20:06:15","modified_gmt":"2024-12-16T02:06:15","slug":"se-busca-citlalli-tiene-14-anos-y-desaparecio-en-11-de-diciembre-en-manzanillo","status":"publish","type":"post","link":"https:\/\/diarioavanzada.com.mx\/?p=69034","title":{"rendered":"Se busca: Citlalli tiene 14 a\u00f1os y desapareci\u00f3 el 11 de diciembre en Manzanillo"},"content":{"rendered":"\n<p class=\"wp-block-paragraph\">Colima, M\u00e9xico, Avanzada \ufffc(15\/12\/2024).- La Comisi\u00f3n de B\u00fasqueda de Personas del Estado de Colima emiti\u00f3 una ficha de b\u00fasqueda para localizar a Citlalli Yamile, una joven de 14 a\u00f1os desaparecida desde el 11 de diciembre de 2024 en el municipio de Manzanillo. La desaparici\u00f3n fue reportada este 15 de diciembre.<\/p>\n\n\n\n<p class=\"wp-block-paragraph\">De acuerdo con los detalles proporcionados por las autoridades, Citlalli es una mujer de 1.50 metros de estatura, con cara redonda, nariz achatada y cabello corto y chino. Sus ojos son peque\u00f1os y de color caf\u00e9 claro, y su tez es morena clara. Adem\u00e1s, presenta una cicatriz sobre la ceja derecha.<\/p>\n\n\n\n<p class=\"wp-block-paragraph\">En el momento de su desaparici\u00f3n, la joven portaba un vestido negro corto con piedras en los tirantes, aretes de arcada, una bolsa de color negro y sandalias. Hasta el momento, no se han reportado observaciones adicionales sobre su extrav\u00edo.<\/p>\n\n\n\n<p class=\"wp-block-paragraph\">Cualquier persona que tenga informaci\u00f3n sobre su paradero puede comunicarse con la Comisi\u00f3n de B\u00fasqueda de Personas a trav\u00e9s del n\u00famero telef\u00f3nico: 312 131 3809.<\/p>\n\n\n\n<p class=\"wp-block-paragraph\">La desaparici\u00f3n de Citlalli Yamile sigue siendo investigada, y las autoridades piden la colaboraci\u00f3n de la ciudadan\u00eda para esclarecer su paradero.<\/p>\n\n\n\n<figure class=\"wp-block-image size-large\"><img loading=\"lazy\" decoding=\"async\" width=\"940\" height=\"788\" src=\"https:\/\/diarioavanzada.com.mx\/wp-content\/uploads\/2024\/12\/2a82822f-8637-42e9-9289-09a95a76db19-1.jpg\" alt=\"\" class=\"wp-image-69032\" srcset=\"https:\/\/diarioavanzada.com.mx\/wp-content\/uploads\/2024\/12\/2a82822f-8637-42e9-9289-09a95a76db19-1.jpg 940w, https:\/\/diarioavanzada.com.mx\/wp-content\/uploads\/2024\/12\/2a82822f-8637-42e9-9289-09a95a76db19-1-300x251.jpg 300w, https:\/\/diarioavanzada.com.mx\/wp-content\/uploads\/2024\/12\/2a82822f-8637-42e9-9289-09a95a76db19-1-768x644.jpg 768w\" sizes=\"auto, (max-width: 940px) 100vw, 940px\" \/><\/figure>\n<div class=\"fb-background-color\">\n\t\t\t  <div \n\t\t\t  \tclass = \"fb-comments\" \n\t\t\t  \tdata-href = \"https:\/\/diarioavanzada.com.mx\/?p=69034\"\n\t\t\t  \tdata-numposts = \"10\"\n\t\t\t  \tdata-lazy = \"true\"\n\t\t\t\tdata-colorscheme = \"light\"\n\t\t\t\tdata-order-by = \"social\"\n\t\t\t\tdata-mobile=true>\n\t\t\t  <\/div><\/div>\n\t\t  <style>\n\t\t    .fb-background-color {\n\t\t\t\tbackground:  !important;\n\t\t\t}\n\t\t\t.fb_iframe_widget_fluid_desktop iframe {\n\t\t\t    width: 100% !important;\n\t\t\t}\n\t\t  <\/style>\n\t\t  ","protected":false},"excerpt":{"rendered":"<p>Colima, M\u00e9xico, Avanzada \ufffc(15\/12\/2024).- La Comisi\u00f3n de B\u00fasqueda de Personas del Estado de Colima emiti\u00f3 una ficha de b\u00fasqueda para localizar a Citlalli Yamile, una joven de 14 a\u00f1os desaparecida desde el 11 de diciembre de 2024 en el municipio de Manzanillo. La desaparici\u00f3n fue reportada este 15 de diciembre. De acuerdo con los detalles [&hellip;]<\/p>\n","protected":false},"author":7,"featured_media":69033,"comment_status":"closed","ping_status":"closed","sticky":false,"template":"","format":"standard","meta":{"_coblocks_attr":"","_coblocks_dimensions":"","_coblocks_responsive_height":"","_coblocks_accordion_ie_support":"","_crdt_document":"","advanced_seo_description":"","jetpack_seo_html_title":"","jetpack_seo_noindex":false,"_jetpack_memberships_contains_paid_content":false,"footnotes":""},"categories":[19,209,231],"tags":[],"class_list":["post-69034","post","type-post","status-publish","format-standard","has-post-thumbnail","hentry","category-colima","category-importantes","category-seguridad"],"jetpack_featured_media_url":"https:\/\/diarioavanzada.com.mx\/wp-content\/uploads\/2024\/12\/2a82822f-8637-42e9-9289-09a95a76db19-2-1.jpg","jetpack-related-posts":[],"jetpack_sharing_enabled":true,"amp_enabled":true,"_links":{"self":[{"href":"https:\/\/diarioavanzada.com.mx\/index.php?rest_route=\/wp\/v2\/posts\/69034","targetHints":{"allow":["GET"]}}],"collection":[{"href":"https:\/\/diarioavanzada.com.mx\/index.php?rest_route=\/wp\/v2\/posts"}],"about":[{"href":"https:\/\/diarioavanzada.com.mx\/index.php?rest_route=\/wp\/v2\/types\/post"}],"author":[{"embeddable":true,"href":"https:\/\/diarioavanzada.com.mx\/index.php?rest_route=\/wp\/v2\/users\/7"}],"replies":[{"embeddable":true,"href":"https:\/\/diarioavanzada.com.mx\/index.php?rest_route=%2Fwp%2Fv2%2Fcomments&post=69034"}],"version-history":[{"count":1,"href":"https:\/\/diarioavanzada.com.mx\/index.php?rest_route=\/wp\/v2\/posts\/69034\/revisions"}],"predecessor-version":[{"id":69035,"href":"https:\/\/diarioavanzada.com.mx\/index.php?rest_route=\/wp\/v2\/posts\/69034\/revisions\/69035"}],"wp:featuredmedia":[{"embeddable":true,"href":"https:\/\/diarioavanzada.com.mx\/index.php?rest_route=\/wp\/v2\/media\/69033"}],"wp:attachment":[{"href":"https:\/\/diarioavanzada.com.mx\/index.php?rest_route=%2Fwp%2Fv2%2Fmedia&parent=69034"}],"wp:term":[{"taxonomy":"category","embeddable":true,"href":"https:\/\/diarioavanzada.com.mx\/index.php?rest_route=%2Fwp%2Fv2%2Fcategories&post=69034"},{"taxonomy":"post_tag","embeddable":true,"href":"https:\/\/diarioavanzada.com.mx\/index.php?rest_route=%2Fwp%2Fv2%2Ftags&post=69034"}],"curies":[{"name":"wp","href":"https:\/\/api.w.org\/{rel}","templated":true}]}}