{"id":68974,"date":"2024-12-15T10:04:42","date_gmt":"2024-12-15T16:04:42","guid":{"rendered":"https:\/\/diarioavanzada.com.mx\/?p=68974"},"modified":"2024-12-15T10:04:42","modified_gmt":"2024-12-15T16:04:42","slug":"restringen-circulacion-a-transporte-de-carga-especial-en-temporada-vacacional","status":"publish","type":"post","link":"https:\/\/diarioavanzada.com.mx\/?p=68974","title":{"rendered":"Restringen circulaci\u00f3n a transporte de carga especial en temporada vacacional"},"content":{"rendered":"\n<p class=\"p1 wp-block-paragraph\">Avanzada (15\/12\/2024).- La Secretar\u00eda de Infraestructura, Comunicaciones y Transportes (SICT) public\u00f3 este mi\u00e9rcoles en el Diario Oficial de la Federaci\u00f3n (DOF) los horarios de operaci\u00f3n que aplicar\u00e1n a gr\u00faas industriales y veh\u00edculos de carga especializada de objetos indivisibles de gran peso y\/o volumen durante el periodo vacacional, del 12 de diciembre de 2024 al 8 de enero de 2025.<\/p>\n\n\n\n<p class=\"p1 wp-block-paragraph\">El aviso, firmado por Luis Ruiz Hern\u00e1ndez, director general de Autotransporte Federal, busca garantizar la seguridad y fluidez del tr\u00e1nsito en caminos y puentes federales, especialmente en d\u00edas de mayor afluencia vehicular debido a las festividades decembrinas.<\/p>\n\n\n\n<p class=\"p3 wp-block-paragraph\"><strong>Restricciones espec\u00edficas<\/strong><\/p>\n\n\n\n<p class=\"p4 wp-block-paragraph\">1. D\u00edas con tr\u00e1nsito permitido: Los veh\u00edculos podr\u00e1n circular en determinados horarios los d\u00edas 13, 16, 17, 18, 20, 23, 26, 27 y 30 de diciembre, as\u00ed como el 2, 3, 6 y 7 de enero.<\/p>\n\n\n\n<p class=\"p5 wp-block-paragraph\">\u2022 En caminos tipo ET4, A4 y B4: tr\u00e1nsito libre las 24 horas.<\/p>\n\n\n\n<p class=\"p5 wp-block-paragraph\">\u2022 En caminos ET2, A2, B2, C o D: tr\u00e1nsito diurno (6:00 a 18:30) y nocturno (00:00 a 6:00 y 18:30 a 23:59) con veh\u00edculos piloto.<\/p>\n\n\n\n<p class=\"p4 wp-block-paragraph\">2. Horarios reducidos: En los d\u00edas 14, 21, 28 de diciembre y 4 de enero, el tr\u00e1nsito ser\u00e1 permitido de 6:00 a 14:00 horas.<\/p>\n\n\n\n<p class=\"p4 wp-block-paragraph\">3. D\u00edas de restricci\u00f3n total: No podr\u00e1n circular los d\u00edas 12, 15, 19, 22, 24, 25, 29 y 31 de diciembre, ni el 1, 5 y 8 de enero.<\/p>\n\n\n\n<p class=\"p3 wp-block-paragraph\"><strong>Excepciones<\/strong><\/p>\n\n\n\n<p class=\"p1 wp-block-paragraph\">Las restricciones no aplican a veh\u00edculos relacionados con proyectos prioritarios del Gobierno de M\u00e9xico, como el Tren Maya, el Corredor Interoce\u00e1nico del Istmo de Tehuantepec y aeropuertos en Chiapas y Quintana Roo.<\/p>\n\n\n\n<p class=\"p1 wp-block-paragraph\">El documento establece que las medidas buscan evitar interrupciones en el flujo vehicular y proteger a los viajeros durante las festividades. No obstante, los transportistas deber\u00e1n cumplir con la Norma Oficial Mexicana NOM-040-SCT-2-2012 y las disposiciones en materia de seguridad vial.<\/p>\n\n\n\n<p class=\"p1 wp-block-paragraph\">El aviso entr\u00f3 en vigor a partir del 12 de diciembre de 2024.<\/p>\n\n\n\n<p class=\"wp-block-paragraph\"><em>*Fotograf\u00eda ilustrativa.<\/em><\/p>\n<div class=\"fb-background-color\">\n\t\t\t  <div \n\t\t\t  \tclass = \"fb-comments\" \n\t\t\t  \tdata-href = \"https:\/\/diarioavanzada.com.mx\/?p=68974\"\n\t\t\t  \tdata-numposts = \"10\"\n\t\t\t  \tdata-lazy = \"true\"\n\t\t\t\tdata-colorscheme = \"light\"\n\t\t\t\tdata-order-by = \"social\"\n\t\t\t\tdata-mobile=true>\n\t\t\t  <\/div><\/div>\n\t\t  <style>\n\t\t    .fb-background-color {\n\t\t\t\tbackground:  !important;\n\t\t\t}\n\t\t\t.fb_iframe_widget_fluid_desktop iframe {\n\t\t\t    width: 100% !important;\n\t\t\t}\n\t\t  <\/style>\n\t\t  ","protected":false},"excerpt":{"rendered":"<p>Avanzada (15\/12\/2024).- La Secretar\u00eda de Infraestructura, Comunicaciones y Transportes (SICT) public\u00f3 este mi\u00e9rcoles en el Diario Oficial de la Federaci\u00f3n (DOF) los horarios de operaci\u00f3n que aplicar\u00e1n a gr\u00faas industriales y veh\u00edculos de carga especializada de objetos indivisibles de gran peso y\/o volumen durante el periodo vacacional, del 12 de diciembre de 2024 al 8 [&hellip;]<\/p>\n","protected":false},"author":7,"featured_media":68973,"comment_status":"closed","ping_status":"closed","sticky":false,"template":"","format":"standard","meta":{"_coblocks_attr":"","_coblocks_dimensions":"","_coblocks_responsive_height":"","_coblocks_accordion_ie_support":"","_crdt_document":"","advanced_seo_description":"","jetpack_seo_html_title":"","jetpack_seo_noindex":false,"_jetpack_memberships_contains_paid_content":false,"footnotes":""},"categories":[22],"tags":[],"class_list":["post-68974","post","type-post","status-publish","format-standard","has-post-thumbnail","hentry","category-nacion"],"jetpack_featured_media_url":"https:\/\/diarioavanzada.com.mx\/wp-content\/uploads\/2024\/12\/img_1612-1.jpg","jetpack-related-posts":[],"jetpack_sharing_enabled":true,"amp_enabled":true,"_links":{"self":[{"href":"https:\/\/diarioavanzada.com.mx\/index.php?rest_route=\/wp\/v2\/posts\/68974","targetHints":{"allow":["GET"]}}],"collection":[{"href":"https:\/\/diarioavanzada.com.mx\/index.php?rest_route=\/wp\/v2\/posts"}],"about":[{"href":"https:\/\/diarioavanzada.com.mx\/index.php?rest_route=\/wp\/v2\/types\/post"}],"author":[{"embeddable":true,"href":"https:\/\/diarioavanzada.com.mx\/index.php?rest_route=\/wp\/v2\/users\/7"}],"replies":[{"embeddable":true,"href":"https:\/\/diarioavanzada.com.mx\/index.php?rest_route=%2Fwp%2Fv2%2Fcomments&post=68974"}],"version-history":[{"count":0,"href":"https:\/\/diarioavanzada.com.mx\/index.php?rest_route=\/wp\/v2\/posts\/68974\/revisions"}],"wp:featuredmedia":[{"embeddable":true,"href":"https:\/\/diarioavanzada.com.mx\/index.php?rest_route=\/wp\/v2\/media\/68973"}],"wp:attachment":[{"href":"https:\/\/diarioavanzada.com.mx\/index.php?rest_route=%2Fwp%2Fv2%2Fmedia&parent=68974"}],"wp:term":[{"taxonomy":"category","embeddable":true,"href":"https:\/\/diarioavanzada.com.mx\/index.php?rest_route=%2Fwp%2Fv2%2Fcategories&post=68974"},{"taxonomy":"post_tag","embeddable":true,"href":"https:\/\/diarioavanzada.com.mx\/index.php?rest_route=%2Fwp%2Fv2%2Ftags&post=68974"}],"curies":[{"name":"wp","href":"https:\/\/api.w.org\/{rel}","templated":true}]}}