{"id":68933,"date":"2024-12-14T20:16:57","date_gmt":"2024-12-15T02:16:57","guid":{"rendered":"https:\/\/diarioavanzada.com.mx\/?p=68933"},"modified":"2024-12-14T20:17:38","modified_gmt":"2024-12-15T02:17:38","slug":"estudiantes-de-la-udec-llevan-alegria-a-ninos-con-cancer-en-una-posada-navidena","status":"publish","type":"post","link":"https:\/\/diarioavanzada.com.mx\/?p=68933","title":{"rendered":"Estudiantes de la UdeC llevan alegr\u00eda a ni\u00f1os con c\u00e1ncer en una posada navide\u00f1a"},"content":{"rendered":"\n<p class=\"wp-block-paragraph\"><em>Las estudiantes, lideradas por Fabiola Rojas Larios, colaboraron con actividades de manualidades con tem\u00e1ticas navide\u00f1as, dise\u00f1adas para estimular la creatividad, la atenci\u00f3n, y fomentar la convivencia entre los ni\u00f1os, ni\u00f1as y madres de familia asistentes.<\/em><\/p>\n\n\n\n<p class=\"wp-block-paragraph\">Colima, M\u00e9xico, Comunicado (14\/12\/2024).- El grupo de estudiantes voluntarios \u201cAmigos de Ni\u00f1os con C\u00e1ncer\u201d, de la Facultad de Psicolog\u00eda de la Universidad de Colima, particip\u00f3 esta semana en la posada navide\u00f1a organizada por el \u00e1rea de Oncopediatr\u00eda del Instituto Estatal de Cancerolog\u00eda, con el objetivo de celebrar las fiestas decembrinas con ni\u00f1os, ni\u00f1as, adolescentes y sus familiares.<\/p>\n\n\n\n<p class=\"wp-block-paragraph\">Las estudiantes, lideradas por Fabiola Rojas Larios, colaboraron con actividades de manualidades con tem\u00e1ticas navide\u00f1as, dise\u00f1adas para estimular la creatividad, la atenci\u00f3n, y fomentar la convivencia entre los ni\u00f1os, ni\u00f1as y madres de familia asistentes.<\/p>\n\n\n\n<p class=\"wp-block-paragraph\">Al finalizar el evento, la psic\u00f3loga Minerva Roc\u00edo Fuentes Rubio, responsable del programa estatal \u201cSigamos aprendiendo en el hospital\u201d, agradeci\u00f3 el compromiso y entusiasmo de las estudiantes de la Universidad de Colima por hacer que los pacientes del \u00e1rea de Oncopediatr\u00eda y sus familiares se divirtieran.<\/p>\n\n\n\n<p class=\"wp-block-paragraph\">Este evento navide\u00f1o se suma a las actividades que el grupo de estudiantes voluntarias \u201cAmigos de Ni\u00f1os con C\u00e1ncer\u201d realiza a lo largo del a\u00f1o para apoyar a los ni\u00f1os y ni\u00f1as con c\u00e1ncer en el estado de Colima.<\/p>\n\n\n\n<figure class=\"wp-block-image size-large\"><img loading=\"lazy\" decoding=\"async\" width=\"1024\" height=\"768\" src=\"https:\/\/diarioavanzada.com.mx\/wp-content\/uploads\/2024\/12\/Estudiantes-de-la-UdeC-brindan-alegria-a-ninos-con-cancer-en-posada-navidena-1024x768.jpeg\" alt=\"\" class=\"wp-image-68934\" srcset=\"https:\/\/diarioavanzada.com.mx\/wp-content\/uploads\/2024\/12\/Estudiantes-de-la-UdeC-brindan-alegria-a-ninos-con-cancer-en-posada-navidena-1024x768.jpeg 1024w, https:\/\/diarioavanzada.com.mx\/wp-content\/uploads\/2024\/12\/Estudiantes-de-la-UdeC-brindan-alegria-a-ninos-con-cancer-en-posada-navidena-300x225.jpeg 300w, https:\/\/diarioavanzada.com.mx\/wp-content\/uploads\/2024\/12\/Estudiantes-de-la-UdeC-brindan-alegria-a-ninos-con-cancer-en-posada-navidena-768x576.jpeg 768w, https:\/\/diarioavanzada.com.mx\/wp-content\/uploads\/2024\/12\/Estudiantes-de-la-UdeC-brindan-alegria-a-ninos-con-cancer-en-posada-navidena-1536x1152.jpeg 1536w, https:\/\/diarioavanzada.com.mx\/wp-content\/uploads\/2024\/12\/Estudiantes-de-la-UdeC-brindan-alegria-a-ninos-con-cancer-en-posada-navidena-1200x900.jpeg?crop=1 1200w, https:\/\/diarioavanzada.com.mx\/wp-content\/uploads\/2024\/12\/Estudiantes-de-la-UdeC-brindan-alegria-a-ninos-con-cancer-en-posada-navidena-800x600.jpeg?crop=1 800w, https:\/\/diarioavanzada.com.mx\/wp-content\/uploads\/2024\/12\/Estudiantes-de-la-UdeC-brindan-alegria-a-ninos-con-cancer-en-posada-navidena-600x450.jpeg?crop=1 600w, https:\/\/diarioavanzada.com.mx\/wp-content\/uploads\/2024\/12\/Estudiantes-de-la-UdeC-brindan-alegria-a-ninos-con-cancer-en-posada-navidena-400x300.jpeg?crop=1 400w, https:\/\/diarioavanzada.com.mx\/wp-content\/uploads\/2024\/12\/Estudiantes-de-la-UdeC-brindan-alegria-a-ninos-con-cancer-en-posada-navidena-200x150.jpeg?crop=1 200w, https:\/\/diarioavanzada.com.mx\/wp-content\/uploads\/2024\/12\/Estudiantes-de-la-UdeC-brindan-alegria-a-ninos-con-cancer-en-posada-navidena.jpeg 1600w\" sizes=\"auto, (max-width: 1024px) 100vw, 1024px\" \/><\/figure>\n\n\n\n<figure class=\"wp-block-image size-large\"><img loading=\"lazy\" decoding=\"async\" width=\"768\" height=\"1024\" src=\"https:\/\/diarioavanzada.com.mx\/wp-content\/uploads\/2024\/12\/Estudiantes-de-la-UdeC-brindan-alegria-a-ninos-con-cancer-en-posada-navidena_a-768x1024.jpg\" alt=\"\" class=\"wp-image-68937\" srcset=\"https:\/\/diarioavanzada.com.mx\/wp-content\/uploads\/2024\/12\/Estudiantes-de-la-UdeC-brindan-alegria-a-ninos-con-cancer-en-posada-navidena_a-768x1024.jpg 768w, https:\/\/diarioavanzada.com.mx\/wp-content\/uploads\/2024\/12\/Estudiantes-de-la-UdeC-brindan-alegria-a-ninos-con-cancer-en-posada-navidena_a-225x300.jpg 225w, https:\/\/diarioavanzada.com.mx\/wp-content\/uploads\/2024\/12\/Estudiantes-de-la-UdeC-brindan-alegria-a-ninos-con-cancer-en-posada-navidena_a-1152x1536.jpg 1152w, https:\/\/diarioavanzada.com.mx\/wp-content\/uploads\/2024\/12\/Estudiantes-de-la-UdeC-brindan-alegria-a-ninos-con-cancer-en-posada-navidena_a-1536x2048.jpg 1536w, https:\/\/diarioavanzada.com.mx\/wp-content\/uploads\/2024\/12\/Estudiantes-de-la-UdeC-brindan-alegria-a-ninos-con-cancer-en-posada-navidena_a-900x1200.jpg?crop=1 900w, https:\/\/diarioavanzada.com.mx\/wp-content\/uploads\/2024\/12\/Estudiantes-de-la-UdeC-brindan-alegria-a-ninos-con-cancer-en-posada-navidena_a-600x800.jpg?crop=1 600w, https:\/\/diarioavanzada.com.mx\/wp-content\/uploads\/2024\/12\/Estudiantes-de-la-UdeC-brindan-alegria-a-ninos-con-cancer-en-posada-navidena_a-450x600.jpg?crop=1 450w, https:\/\/diarioavanzada.com.mx\/wp-content\/uploads\/2024\/12\/Estudiantes-de-la-UdeC-brindan-alegria-a-ninos-con-cancer-en-posada-navidena_a-300x400.jpg?crop=1 300w, https:\/\/diarioavanzada.com.mx\/wp-content\/uploads\/2024\/12\/Estudiantes-de-la-UdeC-brindan-alegria-a-ninos-con-cancer-en-posada-navidena_a-150x200.jpg?crop=1 150w, https:\/\/diarioavanzada.com.mx\/wp-content\/uploads\/2024\/12\/Estudiantes-de-la-UdeC-brindan-alegria-a-ninos-con-cancer-en-posada-navidena_a-1200x1600.jpg 1200w\" sizes=\"auto, (max-width: 768px) 100vw, 768px\" \/><\/figure>\n\n\n\n<figure class=\"wp-block-image size-large\"><img loading=\"lazy\" decoding=\"async\" width=\"768\" height=\"1024\" src=\"https:\/\/diarioavanzada.com.mx\/wp-content\/uploads\/2024\/12\/Estudiantes-de-la-UdeC-brindan-alegria-a-ninos-con-cancer-en-posada-navidena_c-768x1024.jpg\" alt=\"\" class=\"wp-image-68938\" srcset=\"https:\/\/diarioavanzada.com.mx\/wp-content\/uploads\/2024\/12\/Estudiantes-de-la-UdeC-brindan-alegria-a-ninos-con-cancer-en-posada-navidena_c-768x1024.jpg 768w, https:\/\/diarioavanzada.com.mx\/wp-content\/uploads\/2024\/12\/Estudiantes-de-la-UdeC-brindan-alegria-a-ninos-con-cancer-en-posada-navidena_c-225x300.jpg 225w, https:\/\/diarioavanzada.com.mx\/wp-content\/uploads\/2024\/12\/Estudiantes-de-la-UdeC-brindan-alegria-a-ninos-con-cancer-en-posada-navidena_c-1152x1536.jpg 1152w, https:\/\/diarioavanzada.com.mx\/wp-content\/uploads\/2024\/12\/Estudiantes-de-la-UdeC-brindan-alegria-a-ninos-con-cancer-en-posada-navidena_c-1536x2048.jpg 1536w, https:\/\/diarioavanzada.com.mx\/wp-content\/uploads\/2024\/12\/Estudiantes-de-la-UdeC-brindan-alegria-a-ninos-con-cancer-en-posada-navidena_c-900x1200.jpg?crop=1 900w, https:\/\/diarioavanzada.com.mx\/wp-content\/uploads\/2024\/12\/Estudiantes-de-la-UdeC-brindan-alegria-a-ninos-con-cancer-en-posada-navidena_c-600x800.jpg?crop=1 600w, https:\/\/diarioavanzada.com.mx\/wp-content\/uploads\/2024\/12\/Estudiantes-de-la-UdeC-brindan-alegria-a-ninos-con-cancer-en-posada-navidena_c-450x600.jpg?crop=1 450w, https:\/\/diarioavanzada.com.mx\/wp-content\/uploads\/2024\/12\/Estudiantes-de-la-UdeC-brindan-alegria-a-ninos-con-cancer-en-posada-navidena_c-300x400.jpg?crop=1 300w, https:\/\/diarioavanzada.com.mx\/wp-content\/uploads\/2024\/12\/Estudiantes-de-la-UdeC-brindan-alegria-a-ninos-con-cancer-en-posada-navidena_c-150x200.jpg?crop=1 150w, https:\/\/diarioavanzada.com.mx\/wp-content\/uploads\/2024\/12\/Estudiantes-de-la-UdeC-brindan-alegria-a-ninos-con-cancer-en-posada-navidena_c-1200x1600.jpg 1200w\" sizes=\"auto, (max-width: 768px) 100vw, 768px\" \/><\/figure>\n\n\n\n<figure class=\"wp-block-image size-large\"><img loading=\"lazy\" decoding=\"async\" width=\"768\" height=\"1024\" src=\"https:\/\/diarioavanzada.com.mx\/wp-content\/uploads\/2024\/12\/Estudiantes-de-la-UdeC-brindan-alegria-a-ninos-con-cancer-en-posada-navidena_b-768x1024.jpg\" alt=\"\" class=\"wp-image-68942\" srcset=\"https:\/\/diarioavanzada.com.mx\/wp-content\/uploads\/2024\/12\/Estudiantes-de-la-UdeC-brindan-alegria-a-ninos-con-cancer-en-posada-navidena_b-768x1024.jpg 768w, https:\/\/diarioavanzada.com.mx\/wp-content\/uploads\/2024\/12\/Estudiantes-de-la-UdeC-brindan-alegria-a-ninos-con-cancer-en-posada-navidena_b-225x300.jpg 225w, https:\/\/diarioavanzada.com.mx\/wp-content\/uploads\/2024\/12\/Estudiantes-de-la-UdeC-brindan-alegria-a-ninos-con-cancer-en-posada-navidena_b-1152x1536.jpg 1152w, https:\/\/diarioavanzada.com.mx\/wp-content\/uploads\/2024\/12\/Estudiantes-de-la-UdeC-brindan-alegria-a-ninos-con-cancer-en-posada-navidena_b-1536x2048.jpg 1536w, https:\/\/diarioavanzada.com.mx\/wp-content\/uploads\/2024\/12\/Estudiantes-de-la-UdeC-brindan-alegria-a-ninos-con-cancer-en-posada-navidena_b-900x1200.jpg?crop=1 900w, https:\/\/diarioavanzada.com.mx\/wp-content\/uploads\/2024\/12\/Estudiantes-de-la-UdeC-brindan-alegria-a-ninos-con-cancer-en-posada-navidena_b-600x800.jpg?crop=1 600w, https:\/\/diarioavanzada.com.mx\/wp-content\/uploads\/2024\/12\/Estudiantes-de-la-UdeC-brindan-alegria-a-ninos-con-cancer-en-posada-navidena_b-450x600.jpg?crop=1 450w, https:\/\/diarioavanzada.com.mx\/wp-content\/uploads\/2024\/12\/Estudiantes-de-la-UdeC-brindan-alegria-a-ninos-con-cancer-en-posada-navidena_b-300x400.jpg?crop=1 300w, https:\/\/diarioavanzada.com.mx\/wp-content\/uploads\/2024\/12\/Estudiantes-de-la-UdeC-brindan-alegria-a-ninos-con-cancer-en-posada-navidena_b-150x200.jpg?crop=1 150w, https:\/\/diarioavanzada.com.mx\/wp-content\/uploads\/2024\/12\/Estudiantes-de-la-UdeC-brindan-alegria-a-ninos-con-cancer-en-posada-navidena_b-1200x1600.jpg 1200w\" sizes=\"auto, (max-width: 768px) 100vw, 768px\" \/><\/figure>\n\n\n\n<p class=\"wp-block-paragraph\"><\/p>\n<div class=\"fb-background-color\">\n\t\t\t  <div \n\t\t\t  \tclass = \"fb-comments\" \n\t\t\t  \tdata-href = \"https:\/\/diarioavanzada.com.mx\/?p=68933\"\n\t\t\t  \tdata-numposts = \"10\"\n\t\t\t  \tdata-lazy = \"true\"\n\t\t\t\tdata-colorscheme = \"light\"\n\t\t\t\tdata-order-by = \"social\"\n\t\t\t\tdata-mobile=true>\n\t\t\t  <\/div><\/div>\n\t\t  <style>\n\t\t    .fb-background-color {\n\t\t\t\tbackground:  !important;\n\t\t\t}\n\t\t\t.fb_iframe_widget_fluid_desktop iframe {\n\t\t\t    width: 100% !important;\n\t\t\t}\n\t\t  <\/style>\n\t\t  ","protected":false},"excerpt":{"rendered":"<p>Las estudiantes, lideradas por Fabiola Rojas Larios, colaboraron con actividades de manualidades con tem\u00e1ticas navide\u00f1as, dise\u00f1adas para estimular la creatividad, la atenci\u00f3n, y fomentar la convivencia entre los ni\u00f1os, ni\u00f1as y madres de familia asistentes. Colima, M\u00e9xico, Comunicado (14\/12\/2024).- El grupo de estudiantes voluntarios \u201cAmigos de Ni\u00f1os con C\u00e1ncer\u201d, de la Facultad de Psicolog\u00eda de [&hellip;]<\/p>\n","protected":false},"author":7,"featured_media":68947,"comment_status":"closed","ping_status":"closed","sticky":false,"template":"","format":"standard","meta":{"_coblocks_attr":"","_coblocks_dimensions":"","_coblocks_responsive_height":"","_coblocks_accordion_ie_support":"","_crdt_document":"","advanced_seo_description":"","jetpack_seo_html_title":"","jetpack_seo_noindex":false,"_jetpack_memberships_contains_paid_content":false,"footnotes":""},"categories":[19,209,7],"tags":[],"class_list":["post-68933","post","type-post","status-publish","format-standard","has-post-thumbnail","hentry","category-colima","category-importantes","category-noticias"],"jetpack_featured_media_url":"https:\/\/diarioavanzada.com.mx\/wp-content\/uploads\/2024\/12\/img_5671-1.jpg","jetpack-related-posts":[],"jetpack_sharing_enabled":true,"amp_enabled":true,"_links":{"self":[{"href":"https:\/\/diarioavanzada.com.mx\/index.php?rest_route=\/wp\/v2\/posts\/68933","targetHints":{"allow":["GET"]}}],"collection":[{"href":"https:\/\/diarioavanzada.com.mx\/index.php?rest_route=\/wp\/v2\/posts"}],"about":[{"href":"https:\/\/diarioavanzada.com.mx\/index.php?rest_route=\/wp\/v2\/types\/post"}],"author":[{"embeddable":true,"href":"https:\/\/diarioavanzada.com.mx\/index.php?rest_route=\/wp\/v2\/users\/7"}],"replies":[{"embeddable":true,"href":"https:\/\/diarioavanzada.com.mx\/index.php?rest_route=%2Fwp%2Fv2%2Fcomments&post=68933"}],"version-history":[{"count":5,"href":"https:\/\/diarioavanzada.com.mx\/index.php?rest_route=\/wp\/v2\/posts\/68933\/revisions"}],"predecessor-version":[{"id":68946,"href":"https:\/\/diarioavanzada.com.mx\/index.php?rest_route=\/wp\/v2\/posts\/68933\/revisions\/68946"}],"wp:featuredmedia":[{"embeddable":true,"href":"https:\/\/diarioavanzada.com.mx\/index.php?rest_route=\/wp\/v2\/media\/68947"}],"wp:attachment":[{"href":"https:\/\/diarioavanzada.com.mx\/index.php?rest_route=%2Fwp%2Fv2%2Fmedia&parent=68933"}],"wp:term":[{"taxonomy":"category","embeddable":true,"href":"https:\/\/diarioavanzada.com.mx\/index.php?rest_route=%2Fwp%2Fv2%2Fcategories&post=68933"},{"taxonomy":"post_tag","embeddable":true,"href":"https:\/\/diarioavanzada.com.mx\/index.php?rest_route=%2Fwp%2Fv2%2Ftags&post=68933"}],"curies":[{"name":"wp","href":"https:\/\/api.w.org\/{rel}","templated":true}]}}