{"id":68926,"date":"2024-12-14T19:47:56","date_gmt":"2024-12-15T01:47:56","guid":{"rendered":"https:\/\/diarioavanzada.com.mx\/?p=68926"},"modified":"2024-12-14T19:48:57","modified_gmt":"2024-12-15T01:48:57","slug":"este-domingo-sigue-el-cuarto-informe-de-labores-de-la-universidad-de-colima","status":"publish","type":"post","link":"https:\/\/diarioavanzada.com.mx\/?p=68926","title":{"rendered":"Este domingo, sigue el Cuarto Informe de Labores de la Universidad de Colima"},"content":{"rendered":"\n<p class=\"wp-block-paragraph\"><em>Domingo 15 de diciembre, a partir de las 11 de la ma\u00f1ana, por las redes sociales de la casa de estudios.<\/em><\/p>\n\n\n\n<p class=\"wp-block-paragraph\">Colima, M\u00e9xico, Comunicado (14\/12\/2024).- La Universidad de Colima invita a toda la comunidad acad\u00e9mica y a la sociedad en general, a conectarse este domingo 15 de diciembre, a partir de las 11 de la ma\u00f1ana, para seguir en vivo el Cuarto Informe de Labores que rendir\u00e1 el rector Christian Jorge Torres Ortiz Zerme\u00f1o desde el Teatro Universitario.<\/p>\n\n\n\n<p class=\"wp-block-paragraph\">En este evento, se dar\u00e1n a conocer los logros y avances m\u00e1s importantes alcanzados durante este periodo rectoral, as\u00ed como lo realizado en el 2024. Adem\u00e1s, se presentar\u00e1n estrategias para seguir fortaleciendo la calidad educativa, la investigaci\u00f3n, la pertinencia, la inclusi\u00f3n, y el compromiso social de la m\u00e1xima casa de estudios colimense.<\/p>\n\n\n\n<p class=\"wp-block-paragraph\">La transmisi\u00f3n ser\u00e1 una excelente oportunidad para que estudiantes, docentes, egresados y la sociedad en su conjunto conozcan de cerca el trabajo que realiza la Universidad de Colima en beneficio del desarrollo educativo y social del estado.<\/p>\n\n\n\n<p class=\"wp-block-paragraph\">No te pierdas este importante informe. Recuerda: este domingo 15 de diciembre, a las 11 de la ma\u00f1ana, por las redes sociales de la Universidad de Colima.<\/p>\n\n\n\n<figure class=\"wp-block-image size-full\"><img loading=\"lazy\" decoding=\"async\" width=\"875\" height=\"875\" src=\"https:\/\/diarioavanzada.com.mx\/wp-content\/uploads\/2024\/12\/Invitan-al-IV-Informe-de-labores-de-la-UdeC.jpg\" alt=\"\" class=\"wp-image-68929\" srcset=\"https:\/\/diarioavanzada.com.mx\/wp-content\/uploads\/2024\/12\/Invitan-al-IV-Informe-de-labores-de-la-UdeC.jpg 875w, https:\/\/diarioavanzada.com.mx\/wp-content\/uploads\/2024\/12\/Invitan-al-IV-Informe-de-labores-de-la-UdeC-300x300.jpg 300w, https:\/\/diarioavanzada.com.mx\/wp-content\/uploads\/2024\/12\/Invitan-al-IV-Informe-de-labores-de-la-UdeC-150x150.jpg?crop=1 150w, https:\/\/diarioavanzada.com.mx\/wp-content\/uploads\/2024\/12\/Invitan-al-IV-Informe-de-labores-de-la-UdeC-768x768.jpg 768w, https:\/\/diarioavanzada.com.mx\/wp-content\/uploads\/2024\/12\/Invitan-al-IV-Informe-de-labores-de-la-UdeC-80x80.jpg?crop=1 80w, https:\/\/diarioavanzada.com.mx\/wp-content\/uploads\/2024\/12\/Invitan-al-IV-Informe-de-labores-de-la-UdeC-800x800.jpg?crop=1 800w, https:\/\/diarioavanzada.com.mx\/wp-content\/uploads\/2024\/12\/Invitan-al-IV-Informe-de-labores-de-la-UdeC-600x600.jpg?crop=1 600w, https:\/\/diarioavanzada.com.mx\/wp-content\/uploads\/2024\/12\/Invitan-al-IV-Informe-de-labores-de-la-UdeC-400x400.jpg?crop=1 400w, https:\/\/diarioavanzada.com.mx\/wp-content\/uploads\/2024\/12\/Invitan-al-IV-Informe-de-labores-de-la-UdeC-200x200.jpg?crop=1 200w\" sizes=\"auto, (max-width: 875px) 100vw, 875px\" \/><\/figure>\n<div class=\"fb-background-color\">\n\t\t\t  <div \n\t\t\t  \tclass = \"fb-comments\" \n\t\t\t  \tdata-href = \"https:\/\/diarioavanzada.com.mx\/?p=68926\"\n\t\t\t  \tdata-numposts = \"10\"\n\t\t\t  \tdata-lazy = \"true\"\n\t\t\t\tdata-colorscheme = \"light\"\n\t\t\t\tdata-order-by = \"social\"\n\t\t\t\tdata-mobile=true>\n\t\t\t  <\/div><\/div>\n\t\t  <style>\n\t\t    .fb-background-color {\n\t\t\t\tbackground:  !important;\n\t\t\t}\n\t\t\t.fb_iframe_widget_fluid_desktop iframe {\n\t\t\t    width: 100% !important;\n\t\t\t}\n\t\t  <\/style>\n\t\t  ","protected":false},"excerpt":{"rendered":"<p>Domingo 15 de diciembre, a partir de las 11 de la ma\u00f1ana, por las redes sociales de la casa de estudios. Colima, M\u00e9xico, Comunicado (14\/12\/2024).- La Universidad de Colima invita a toda la comunidad acad\u00e9mica y a la sociedad en general, a conectarse este domingo 15 de diciembre, a partir de las 11 de la [&hellip;]<\/p>\n","protected":false},"author":7,"featured_media":68940,"comment_status":"closed","ping_status":"closed","sticky":false,"template":"","format":"standard","meta":{"_coblocks_attr":"","_coblocks_dimensions":"","_coblocks_responsive_height":"","_coblocks_accordion_ie_support":"","_crdt_document":"","advanced_seo_description":"","jetpack_seo_html_title":"","jetpack_seo_noindex":false,"_jetpack_memberships_contains_paid_content":false,"footnotes":""},"categories":[19,209,7],"tags":[],"class_list":["post-68926","post","type-post","status-publish","format-standard","has-post-thumbnail","hentry","category-colima","category-importantes","category-noticias"],"jetpack_featured_media_url":"https:\/\/diarioavanzada.com.mx\/wp-content\/uploads\/2024\/12\/img_1561-1.png","jetpack-related-posts":[],"jetpack_sharing_enabled":true,"amp_enabled":true,"_links":{"self":[{"href":"https:\/\/diarioavanzada.com.mx\/index.php?rest_route=\/wp\/v2\/posts\/68926","targetHints":{"allow":["GET"]}}],"collection":[{"href":"https:\/\/diarioavanzada.com.mx\/index.php?rest_route=\/wp\/v2\/posts"}],"about":[{"href":"https:\/\/diarioavanzada.com.mx\/index.php?rest_route=\/wp\/v2\/types\/post"}],"author":[{"embeddable":true,"href":"https:\/\/diarioavanzada.com.mx\/index.php?rest_route=\/wp\/v2\/users\/7"}],"replies":[{"embeddable":true,"href":"https:\/\/diarioavanzada.com.mx\/index.php?rest_route=%2Fwp%2Fv2%2Fcomments&post=68926"}],"version-history":[{"count":5,"href":"https:\/\/diarioavanzada.com.mx\/index.php?rest_route=\/wp\/v2\/posts\/68926\/revisions"}],"predecessor-version":[{"id":68941,"href":"https:\/\/diarioavanzada.com.mx\/index.php?rest_route=\/wp\/v2\/posts\/68926\/revisions\/68941"}],"wp:featuredmedia":[{"embeddable":true,"href":"https:\/\/diarioavanzada.com.mx\/index.php?rest_route=\/wp\/v2\/media\/68940"}],"wp:attachment":[{"href":"https:\/\/diarioavanzada.com.mx\/index.php?rest_route=%2Fwp%2Fv2%2Fmedia&parent=68926"}],"wp:term":[{"taxonomy":"category","embeddable":true,"href":"https:\/\/diarioavanzada.com.mx\/index.php?rest_route=%2Fwp%2Fv2%2Fcategories&post=68926"},{"taxonomy":"post_tag","embeddable":true,"href":"https:\/\/diarioavanzada.com.mx\/index.php?rest_route=%2Fwp%2Fv2%2Ftags&post=68926"}],"curies":[{"name":"wp","href":"https:\/\/api.w.org\/{rel}","templated":true}]}}