{"id":68905,"date":"2024-12-14T09:01:43","date_gmt":"2024-12-14T15:01:43","guid":{"rendered":"https:\/\/diarioavanzada.com.mx\/?p=68905"},"modified":"2024-12-14T09:01:43","modified_gmt":"2024-12-14T15:01:43","slug":"colima-alcanzara-temperaturas-maximas-de-hasta-35-c-este-dia","status":"publish","type":"post","link":"https:\/\/diarioavanzada.com.mx\/?p=68905","title":{"rendered":"Colima alcanzar\u00e1 temperaturas m\u00e1ximas de hasta 35 \u00b0C este d\u00eda"},"content":{"rendered":"\n<p class=\"p1 wp-block-paragraph\">Colima, M\u00e9xico, Avanzada (14\/12\/2024).- Este s\u00e1bado, Colima registrar\u00e1 temperaturas m\u00e1ximas de 30 a 35 \u00b0C, con cielo parcialmente nublado y sin probabilidades de lluvia. Durante la ma\u00f1ana se prev\u00e9 un ambiente fresco, mientras que por la tarde predominar\u00e1n condiciones c\u00e1lidas.<\/p>\n\n\n\n<p class=\"p1 wp-block-paragraph\">En las costas del estado, se esperan vientos de 10 a 20 km\/h, con rachas de hasta 40 km\/h.<\/p>\n\n\n\n<p class=\"p1 wp-block-paragraph\">A nivel nacional, una circulaci\u00f3n anticicl\u00f3nica continuar\u00e1 favoreciendo el ascenso gradual de temperaturas en el d\u00eda, aunque el ambiente fr\u00edo persistir\u00e1 por la ma\u00f1ana y noche en zonas altas de la Mesa Central y del Norte.<\/p>\n<div class=\"fb-background-color\">\n\t\t\t  <div \n\t\t\t  \tclass = \"fb-comments\" \n\t\t\t  \tdata-href = \"https:\/\/diarioavanzada.com.mx\/?p=68905\"\n\t\t\t  \tdata-numposts = \"10\"\n\t\t\t  \tdata-lazy = \"true\"\n\t\t\t\tdata-colorscheme = \"light\"\n\t\t\t\tdata-order-by = \"social\"\n\t\t\t\tdata-mobile=true>\n\t\t\t  <\/div><\/div>\n\t\t  <style>\n\t\t    .fb-background-color {\n\t\t\t\tbackground:  !important;\n\t\t\t}\n\t\t\t.fb_iframe_widget_fluid_desktop iframe {\n\t\t\t    width: 100% !important;\n\t\t\t}\n\t\t  <\/style>\n\t\t  ","protected":false},"excerpt":{"rendered":"<p>Colima, M\u00e9xico, Avanzada (14\/12\/2024).- Este s\u00e1bado, Colima registrar\u00e1 temperaturas m\u00e1ximas de 30 a 35 \u00b0C, con cielo parcialmente nublado y sin probabilidades de lluvia. Durante la ma\u00f1ana se prev\u00e9 un ambiente fresco, mientras que por la tarde predominar\u00e1n condiciones c\u00e1lidas. En las costas del estado, se esperan vientos de 10 a 20 km\/h, con rachas [&hellip;]<\/p>\n","protected":false},"author":7,"featured_media":68904,"comment_status":"closed","ping_status":"closed","sticky":false,"template":"","format":"standard","meta":{"_coblocks_attr":"","_coblocks_dimensions":"","_coblocks_responsive_height":"","_coblocks_accordion_ie_support":"","_crdt_document":"","advanced_seo_description":"","jetpack_seo_html_title":"","jetpack_seo_noindex":false,"_jetpack_memberships_contains_paid_content":false,"footnotes":""},"categories":[19,7],"tags":[],"class_list":["post-68905","post","type-post","status-publish","format-standard","has-post-thumbnail","hentry","category-colima","category-noticias"],"jetpack_featured_media_url":"https:\/\/diarioavanzada.com.mx\/wp-content\/uploads\/2024\/12\/img_0694-1.jpg","jetpack-related-posts":[],"jetpack_sharing_enabled":true,"amp_enabled":true,"_links":{"self":[{"href":"https:\/\/diarioavanzada.com.mx\/index.php?rest_route=\/wp\/v2\/posts\/68905","targetHints":{"allow":["GET"]}}],"collection":[{"href":"https:\/\/diarioavanzada.com.mx\/index.php?rest_route=\/wp\/v2\/posts"}],"about":[{"href":"https:\/\/diarioavanzada.com.mx\/index.php?rest_route=\/wp\/v2\/types\/post"}],"author":[{"embeddable":true,"href":"https:\/\/diarioavanzada.com.mx\/index.php?rest_route=\/wp\/v2\/users\/7"}],"replies":[{"embeddable":true,"href":"https:\/\/diarioavanzada.com.mx\/index.php?rest_route=%2Fwp%2Fv2%2Fcomments&post=68905"}],"version-history":[{"count":0,"href":"https:\/\/diarioavanzada.com.mx\/index.php?rest_route=\/wp\/v2\/posts\/68905\/revisions"}],"wp:featuredmedia":[{"embeddable":true,"href":"https:\/\/diarioavanzada.com.mx\/index.php?rest_route=\/wp\/v2\/media\/68904"}],"wp:attachment":[{"href":"https:\/\/diarioavanzada.com.mx\/index.php?rest_route=%2Fwp%2Fv2%2Fmedia&parent=68905"}],"wp:term":[{"taxonomy":"category","embeddable":true,"href":"https:\/\/diarioavanzada.com.mx\/index.php?rest_route=%2Fwp%2Fv2%2Fcategories&post=68905"},{"taxonomy":"post_tag","embeddable":true,"href":"https:\/\/diarioavanzada.com.mx\/index.php?rest_route=%2Fwp%2Fv2%2Ftags&post=68905"}],"curies":[{"name":"wp","href":"https:\/\/api.w.org\/{rel}","templated":true}]}}