{"id":68826,"date":"2024-12-13T19:56:44","date_gmt":"2024-12-14T01:56:44","guid":{"rendered":"https:\/\/diarioavanzada.com.mx\/?p=68826"},"modified":"2024-12-13T19:57:47","modified_gmt":"2024-12-14T01:57:47","slug":"asiste-rector-a-la-inauguracion-de-una-vida-en-el-taller-de-pilar-bordes","status":"publish","type":"post","link":"https:\/\/diarioavanzada.com.mx\/?p=68826","title":{"rendered":"Asiste rector a la inauguraci\u00f3n de \u201cUna vida en el Taller\u201d, de Pilar Bordes"},"content":{"rendered":"\n<p class=\"wp-block-paragraph\">Colima, M\u00e9xico, Comunicado (13\/12\/2024).- Este jueves por la noche, el rector de la Universidad de Colima, Christian Jorge Torres Ortiz Zerme\u00f1o asisti\u00f3 como invitado especial a la inauguraci\u00f3n de la nueva sede de la Galer\u00eda M\u00f3nica Saucedo, as\u00ed como al corte del list\u00f3n de la exposici\u00f3n \u201cUna vida en el Taller\u201d, de la artista gr\u00e1fica Pilar Bordes, quien es considerada un referente en la evoluci\u00f3n de la gr\u00e1fica mexicana, adem\u00e1s de una destacada editora y promotora de proyectos art\u00edsticos y culturales en el pa\u00eds. El rector estuvo acompa\u00f1ado por su esposa Blanca Liliana D\u00edaz V\u00e1zquez, presidenta del Voluntariado Universitario y Francisco Coello, secretario privado de rector\u00eda.<\/p>\n\n\n\n<figure class=\"wp-block-image size-large\"><img loading=\"lazy\" decoding=\"async\" width=\"1024\" height=\"683\" src=\"https:\/\/diarioavanzada.com.mx\/wp-content\/uploads\/2024\/12\/Asiste-rector-UdeC-a-expo-de-Pilar-Bordes_Rector-Monica-Blanca-1024x683.jpg\" alt=\"\" class=\"wp-image-68829\" srcset=\"https:\/\/diarioavanzada.com.mx\/wp-content\/uploads\/2024\/12\/Asiste-rector-UdeC-a-expo-de-Pilar-Bordes_Rector-Monica-Blanca-1024x683.jpg 1024w, https:\/\/diarioavanzada.com.mx\/wp-content\/uploads\/2024\/12\/Asiste-rector-UdeC-a-expo-de-Pilar-Bordes_Rector-Monica-Blanca-300x200.jpg 300w, https:\/\/diarioavanzada.com.mx\/wp-content\/uploads\/2024\/12\/Asiste-rector-UdeC-a-expo-de-Pilar-Bordes_Rector-Monica-Blanca-768x512.jpg 768w, https:\/\/diarioavanzada.com.mx\/wp-content\/uploads\/2024\/12\/Asiste-rector-UdeC-a-expo-de-Pilar-Bordes_Rector-Monica-Blanca-1536x1024.jpg 1536w, https:\/\/diarioavanzada.com.mx\/wp-content\/uploads\/2024\/12\/Asiste-rector-UdeC-a-expo-de-Pilar-Bordes_Rector-Monica-Blanca-2048x1365.jpg 2048w, https:\/\/diarioavanzada.com.mx\/wp-content\/uploads\/2024\/12\/Asiste-rector-UdeC-a-expo-de-Pilar-Bordes_Rector-Monica-Blanca-1200x800.jpg 1200w\" sizes=\"auto, (max-width: 1024px) 100vw, 1024px\" \/><\/figure>\n\n\n\n<figure class=\"wp-block-image size-large\"><img loading=\"lazy\" decoding=\"async\" width=\"1024\" height=\"698\" src=\"https:\/\/diarioavanzada.com.mx\/wp-content\/uploads\/2024\/12\/Asiste-rector-UdeC-a-expo-de-Pilar-Bordes_c-1024x698.jpg\" alt=\"\" class=\"wp-image-68830\" srcset=\"https:\/\/diarioavanzada.com.mx\/wp-content\/uploads\/2024\/12\/Asiste-rector-UdeC-a-expo-de-Pilar-Bordes_c-1024x698.jpg 1024w, https:\/\/diarioavanzada.com.mx\/wp-content\/uploads\/2024\/12\/Asiste-rector-UdeC-a-expo-de-Pilar-Bordes_c-300x205.jpg 300w, https:\/\/diarioavanzada.com.mx\/wp-content\/uploads\/2024\/12\/Asiste-rector-UdeC-a-expo-de-Pilar-Bordes_c-768x524.jpg 768w, https:\/\/diarioavanzada.com.mx\/wp-content\/uploads\/2024\/12\/Asiste-rector-UdeC-a-expo-de-Pilar-Bordes_c-1536x1047.jpg 1536w, https:\/\/diarioavanzada.com.mx\/wp-content\/uploads\/2024\/12\/Asiste-rector-UdeC-a-expo-de-Pilar-Bordes_c-2048x1396.jpg 2048w, https:\/\/diarioavanzada.com.mx\/wp-content\/uploads\/2024\/12\/Asiste-rector-UdeC-a-expo-de-Pilar-Bordes_c-1200x818.jpg 1200w\" sizes=\"auto, (max-width: 1024px) 100vw, 1024px\" \/><\/figure>\n\n\n\n<figure class=\"wp-block-image size-large\"><img loading=\"lazy\" decoding=\"async\" width=\"1024\" height=\"683\" src=\"https:\/\/diarioavanzada.com.mx\/wp-content\/uploads\/2024\/12\/Asiste-rector-UdeC-a-expo-de-Pilar-Bordes_d-1024x683.jpg\" alt=\"\" class=\"wp-image-68833\" srcset=\"https:\/\/diarioavanzada.com.mx\/wp-content\/uploads\/2024\/12\/Asiste-rector-UdeC-a-expo-de-Pilar-Bordes_d-1024x683.jpg 1024w, https:\/\/diarioavanzada.com.mx\/wp-content\/uploads\/2024\/12\/Asiste-rector-UdeC-a-expo-de-Pilar-Bordes_d-300x200.jpg 300w, https:\/\/diarioavanzada.com.mx\/wp-content\/uploads\/2024\/12\/Asiste-rector-UdeC-a-expo-de-Pilar-Bordes_d-768x512.jpg 768w, https:\/\/diarioavanzada.com.mx\/wp-content\/uploads\/2024\/12\/Asiste-rector-UdeC-a-expo-de-Pilar-Bordes_d-1536x1024.jpg 1536w, https:\/\/diarioavanzada.com.mx\/wp-content\/uploads\/2024\/12\/Asiste-rector-UdeC-a-expo-de-Pilar-Bordes_d-2048x1365.jpg 2048w, https:\/\/diarioavanzada.com.mx\/wp-content\/uploads\/2024\/12\/Asiste-rector-UdeC-a-expo-de-Pilar-Bordes_d-1200x800.jpg 1200w\" sizes=\"auto, (max-width: 1024px) 100vw, 1024px\" \/><\/figure>\n\n\n\n<figure class=\"wp-block-image size-large\"><img loading=\"lazy\" decoding=\"async\" width=\"1024\" height=\"683\" src=\"https:\/\/diarioavanzada.com.mx\/wp-content\/uploads\/2024\/12\/Asiste-rector-UdeC-a-expo-de-Pilar-Bordes_b-1024x683.jpg\" alt=\"\" class=\"wp-image-68835\" srcset=\"https:\/\/diarioavanzada.com.mx\/wp-content\/uploads\/2024\/12\/Asiste-rector-UdeC-a-expo-de-Pilar-Bordes_b-1024x683.jpg 1024w, https:\/\/diarioavanzada.com.mx\/wp-content\/uploads\/2024\/12\/Asiste-rector-UdeC-a-expo-de-Pilar-Bordes_b-300x200.jpg 300w, https:\/\/diarioavanzada.com.mx\/wp-content\/uploads\/2024\/12\/Asiste-rector-UdeC-a-expo-de-Pilar-Bordes_b-768x512.jpg 768w, https:\/\/diarioavanzada.com.mx\/wp-content\/uploads\/2024\/12\/Asiste-rector-UdeC-a-expo-de-Pilar-Bordes_b-1536x1024.jpg 1536w, https:\/\/diarioavanzada.com.mx\/wp-content\/uploads\/2024\/12\/Asiste-rector-UdeC-a-expo-de-Pilar-Bordes_b-2048x1365.jpg 2048w, https:\/\/diarioavanzada.com.mx\/wp-content\/uploads\/2024\/12\/Asiste-rector-UdeC-a-expo-de-Pilar-Bordes_b-1200x800.jpg 1200w\" sizes=\"auto, (max-width: 1024px) 100vw, 1024px\" \/><\/figure>\n\n\n\n<p class=\"wp-block-paragraph\"><\/p>\n<div class=\"fb-background-color\">\n\t\t\t  <div \n\t\t\t  \tclass = \"fb-comments\" \n\t\t\t  \tdata-href = \"https:\/\/diarioavanzada.com.mx\/?p=68826\"\n\t\t\t  \tdata-numposts = \"10\"\n\t\t\t  \tdata-lazy = \"true\"\n\t\t\t\tdata-colorscheme = \"light\"\n\t\t\t\tdata-order-by = \"social\"\n\t\t\t\tdata-mobile=true>\n\t\t\t  <\/div><\/div>\n\t\t  <style>\n\t\t    .fb-background-color {\n\t\t\t\tbackground:  !important;\n\t\t\t}\n\t\t\t.fb_iframe_widget_fluid_desktop iframe {\n\t\t\t    width: 100% !important;\n\t\t\t}\n\t\t  <\/style>\n\t\t  ","protected":false},"excerpt":{"rendered":"<p>Colima, M\u00e9xico, Comunicado (13\/12\/2024).- Este jueves por la noche, el rector de la Universidad de Colima, Christian Jorge Torres Ortiz Zerme\u00f1o asisti\u00f3 como invitado especial a la inauguraci\u00f3n de la nueva sede de la Galer\u00eda M\u00f3nica Saucedo, as\u00ed como al corte del list\u00f3n de la exposici\u00f3n \u201cUna vida en el Taller\u201d, de la artista gr\u00e1fica [&hellip;]<\/p>\n","protected":false},"author":7,"featured_media":68857,"comment_status":"closed","ping_status":"closed","sticky":false,"template":"","format":"standard","meta":{"_coblocks_attr":"","_coblocks_dimensions":"","_coblocks_responsive_height":"","_coblocks_accordion_ie_support":"","_crdt_document":"","advanced_seo_description":"","jetpack_seo_html_title":"","jetpack_seo_noindex":false,"_jetpack_memberships_contains_paid_content":false,"footnotes":""},"categories":[25,7],"tags":[],"class_list":["post-68826","post","type-post","status-publish","format-standard","has-post-thumbnail","hentry","category-cultura","category-noticias"],"jetpack_featured_media_url":"https:\/\/diarioavanzada.com.mx\/wp-content\/uploads\/2024\/12\/img_5667-1.jpg","jetpack-related-posts":[],"jetpack_sharing_enabled":true,"amp_enabled":true,"_links":{"self":[{"href":"https:\/\/diarioavanzada.com.mx\/index.php?rest_route=\/wp\/v2\/posts\/68826","targetHints":{"allow":["GET"]}}],"collection":[{"href":"https:\/\/diarioavanzada.com.mx\/index.php?rest_route=\/wp\/v2\/posts"}],"about":[{"href":"https:\/\/diarioavanzada.com.mx\/index.php?rest_route=\/wp\/v2\/types\/post"}],"author":[{"embeddable":true,"href":"https:\/\/diarioavanzada.com.mx\/index.php?rest_route=\/wp\/v2\/users\/7"}],"replies":[{"embeddable":true,"href":"https:\/\/diarioavanzada.com.mx\/index.php?rest_route=%2Fwp%2Fv2%2Fcomments&post=68826"}],"version-history":[{"count":7,"href":"https:\/\/diarioavanzada.com.mx\/index.php?rest_route=\/wp\/v2\/posts\/68826\/revisions"}],"predecessor-version":[{"id":68858,"href":"https:\/\/diarioavanzada.com.mx\/index.php?rest_route=\/wp\/v2\/posts\/68826\/revisions\/68858"}],"wp:featuredmedia":[{"embeddable":true,"href":"https:\/\/diarioavanzada.com.mx\/index.php?rest_route=\/wp\/v2\/media\/68857"}],"wp:attachment":[{"href":"https:\/\/diarioavanzada.com.mx\/index.php?rest_route=%2Fwp%2Fv2%2Fmedia&parent=68826"}],"wp:term":[{"taxonomy":"category","embeddable":true,"href":"https:\/\/diarioavanzada.com.mx\/index.php?rest_route=%2Fwp%2Fv2%2Fcategories&post=68826"},{"taxonomy":"post_tag","embeddable":true,"href":"https:\/\/diarioavanzada.com.mx\/index.php?rest_route=%2Fwp%2Fv2%2Ftags&post=68826"}],"curies":[{"name":"wp","href":"https:\/\/api.w.org\/{rel}","templated":true}]}}