{"id":68782,"date":"2024-12-13T14:56:47","date_gmt":"2024-12-13T20:56:47","guid":{"rendered":"https:\/\/diarioavanzada.com.mx\/?p=68782"},"modified":"2024-12-13T17:16:20","modified_gmt":"2024-12-13T23:16:20","slug":"se-busca-a-pedro-gael-flores-garcia-de-17-anos-desaparecido-en-zapopan-jalisco","status":"publish","type":"post","link":"https:\/\/diarioavanzada.com.mx\/?p=68782","title":{"rendered":"Se busca: Pedro Gael tiene 17 a\u00f1os y desapareci\u00f3 en Zapopan, Jalisco"},"content":{"rendered":"\n<p class=\"p1 wp-block-paragraph\">Jalisco, M\u00e9xico, Avanzada (13\/12\/2024).- La Comisi\u00f3n de B\u00fasqueda de Personas del Estado de Jalisco solicita el apoyo de la ciudadan\u00eda para localizar a Pedro Gael Flores Garc\u00eda, de 17 a\u00f1os, quien fue visto por \u00faltima vez el 12 de julio de 2024 en la colonia El Brise\u00f1o, en Zapopan, Jalisco.<\/p>\n\n\n\n<p class=\"p1 wp-block-paragraph\">Pedro Gael tiene cabello ondulado, corto y de color casta\u00f1o claro. Es de tez morena clara, complexi\u00f3n delgada y mide 1.80 metros. Entre sus se\u00f1as particulares destacan una cicatriz arriba de la ceja derecha y un lunar caf\u00e9 en el p\u00f3mulo derecho. Al momento de su desaparici\u00f3n, vest\u00eda una playera negra, pantal\u00f3n azul y tenis negros.<\/p>\n\n\n\n<p class=\"p1 wp-block-paragraph\">Esta c\u00e9dula de b\u00fasqueda ha sido publicada con autorizaci\u00f3n por escrito de sus familiares.<\/p>\n\n\n\n<p class=\"p1 wp-block-paragraph\">Si cuentas con informaci\u00f3n que ayude a localizarlo, comun\u00edcate al tel\u00e9fono 33 3145 6314 o env\u00eda un correo a comisiondebusqueda@jalisco.gob.mx. Tu colaboraci\u00f3n es fundamental para encontrarlo.<\/p>\n\n\n\n<p class=\"p1 wp-block-paragraph\">\u00bfLo has visto? Ay\u00fadanos a encontrarlo.<\/p>\n\n\n\n<figure class=\"wp-block-image size-large\"><img loading=\"lazy\" decoding=\"async\" width=\"1024\" height=\"576\" src=\"https:\/\/diarioavanzada.com.mx\/wp-content\/uploads\/2024\/12\/186b4161-1d8f-4226-a0ea-e2ebc1e431b2-1-1024x576.jpg\" class=\"wp-image-68792\" srcset=\"https:\/\/diarioavanzada.com.mx\/wp-content\/uploads\/2024\/12\/186b4161-1d8f-4226-a0ea-e2ebc1e431b2-1-1024x576.jpg 1024w, https:\/\/diarioavanzada.com.mx\/wp-content\/uploads\/2024\/12\/186b4161-1d8f-4226-a0ea-e2ebc1e431b2-1-300x169.jpg 300w, https:\/\/diarioavanzada.com.mx\/wp-content\/uploads\/2024\/12\/186b4161-1d8f-4226-a0ea-e2ebc1e431b2-1-768x432.jpg 768w, https:\/\/diarioavanzada.com.mx\/wp-content\/uploads\/2024\/12\/186b4161-1d8f-4226-a0ea-e2ebc1e431b2-1.jpg 1280w\" sizes=\"auto, (max-width: 1024px) 100vw, 1024px\" \/><\/figure>\n<div class=\"fb-background-color\">\n\t\t\t  <div \n\t\t\t  \tclass = \"fb-comments\" \n\t\t\t  \tdata-href = \"https:\/\/diarioavanzada.com.mx\/?p=68782\"\n\t\t\t  \tdata-numposts = \"10\"\n\t\t\t  \tdata-lazy = \"true\"\n\t\t\t\tdata-colorscheme = \"light\"\n\t\t\t\tdata-order-by = \"social\"\n\t\t\t\tdata-mobile=true>\n\t\t\t  <\/div><\/div>\n\t\t  <style>\n\t\t    .fb-background-color {\n\t\t\t\tbackground:  !important;\n\t\t\t}\n\t\t\t.fb_iframe_widget_fluid_desktop iframe {\n\t\t\t    width: 100% !important;\n\t\t\t}\n\t\t  <\/style>\n\t\t  ","protected":false},"excerpt":{"rendered":"<p>Jalisco, M\u00e9xico, Avanzada (13\/12\/2024).- La Comisi\u00f3n de B\u00fasqueda de Personas del Estado de Jalisco solicita el apoyo de la ciudadan\u00eda para localizar a Pedro Gael Flores Garc\u00eda, de 17 a\u00f1os, quien fue visto por \u00faltima vez el 12 de julio de 2024 en la colonia El Brise\u00f1o, en Zapopan, Jalisco. Pedro Gael tiene cabello ondulado, [&hellip;]<\/p>\n","protected":false},"author":7,"featured_media":68793,"comment_status":"closed","ping_status":"closed","sticky":false,"template":"","format":"standard","meta":{"_coblocks_attr":"","_coblocks_dimensions":"","_coblocks_responsive_height":"","_coblocks_accordion_ie_support":"","_crdt_document":"","advanced_seo_description":"","jetpack_seo_html_title":"","jetpack_seo_noindex":false,"_jetpack_memberships_contains_paid_content":false,"footnotes":""},"categories":[22,7],"tags":[],"class_list":["post-68782","post","type-post","status-publish","format-standard","has-post-thumbnail","hentry","category-nacion","category-noticias"],"jetpack_featured_media_url":"https:\/\/diarioavanzada.com.mx\/wp-content\/uploads\/2024\/12\/img_1488-1.jpg","jetpack-related-posts":[],"jetpack_sharing_enabled":true,"amp_enabled":true,"_links":{"self":[{"href":"https:\/\/diarioavanzada.com.mx\/index.php?rest_route=\/wp\/v2\/posts\/68782","targetHints":{"allow":["GET"]}}],"collection":[{"href":"https:\/\/diarioavanzada.com.mx\/index.php?rest_route=\/wp\/v2\/posts"}],"about":[{"href":"https:\/\/diarioavanzada.com.mx\/index.php?rest_route=\/wp\/v2\/types\/post"}],"author":[{"embeddable":true,"href":"https:\/\/diarioavanzada.com.mx\/index.php?rest_route=\/wp\/v2\/users\/7"}],"replies":[{"embeddable":true,"href":"https:\/\/diarioavanzada.com.mx\/index.php?rest_route=%2Fwp%2Fv2%2Fcomments&post=68782"}],"version-history":[{"count":1,"href":"https:\/\/diarioavanzada.com.mx\/index.php?rest_route=\/wp\/v2\/posts\/68782\/revisions"}],"predecessor-version":[{"id":68794,"href":"https:\/\/diarioavanzada.com.mx\/index.php?rest_route=\/wp\/v2\/posts\/68782\/revisions\/68794"}],"wp:featuredmedia":[{"embeddable":true,"href":"https:\/\/diarioavanzada.com.mx\/index.php?rest_route=\/wp\/v2\/media\/68793"}],"wp:attachment":[{"href":"https:\/\/diarioavanzada.com.mx\/index.php?rest_route=%2Fwp%2Fv2%2Fmedia&parent=68782"}],"wp:term":[{"taxonomy":"category","embeddable":true,"href":"https:\/\/diarioavanzada.com.mx\/index.php?rest_route=%2Fwp%2Fv2%2Fcategories&post=68782"},{"taxonomy":"post_tag","embeddable":true,"href":"https:\/\/diarioavanzada.com.mx\/index.php?rest_route=%2Fwp%2Fv2%2Ftags&post=68782"}],"curies":[{"name":"wp","href":"https:\/\/api.w.org\/{rel}","templated":true}]}}