{"id":68768,"date":"2024-12-13T21:06:39","date_gmt":"2024-12-14T03:06:39","guid":{"rendered":"https:\/\/diarioavanzada.com.mx\/?p=68768"},"modified":"2024-12-13T21:08:12","modified_gmt":"2024-12-14T03:08:12","slug":"suspenden-fiestas-de-diciembre-en-angamacutiro-tras-asesinato-de-familiares-de-funcionaria-municipal","status":"publish","type":"post","link":"https:\/\/diarioavanzada.com.mx\/?p=68768","title":{"rendered":"Suspenden fiestas en Angamacutiro tras asesinato de familiares de funcionaria"},"content":{"rendered":"\n<p class=\"p1 wp-block-paragraph\">Michoac\u00e1n, M\u00e9xico, Avanzada (13\/12\/2024).- El gobierno de Angamacutiro, Michoac\u00e1n, inform\u00f3 la cancelaci\u00f3n de las festividades programadas para este mes de diciembre, argumentando \u201ccausas de fuerza mayor\u201d. Aunque no se ofrecieron detalles adicionales, la decisi\u00f3n se tom\u00f3 tras el reciente asesinato de dos familiares de Luc\u00eda Cardona, presidenta del DIF municipal y esposa del alcalde Hermes Pacheco.<\/p>\n\n\n\n<p class=\"p1 wp-block-paragraph\">Las celebraciones, que iniciaron el pasado 10 de diciembre, inclu\u00edan una serie de actividades culturales, recreativas y sociales que estaban planeadas hasta el 23 de diciembre. Sin embargo, la administraci\u00f3n municipal opt\u00f3 por suspender todos los eventos, dejando en el aire cualquier reprogramaci\u00f3n o alternativa para los habitantes.<\/p>\n\n\n\n<p class=\"p1 wp-block-paragraph\">El anuncio contrasta con el entusiasmo que se hab\u00eda generado apenas d\u00edas antes, cuando el 8 de diciembre se dio a conocer el calendario de actividades como parte de las tradicionales fiestas decembrinas en el municipio. La cancelaci\u00f3n de estas festividades marca un momento de incertidumbre y duelo para la comunidad local.<\/p>\n<div class=\"fb-background-color\">\n\t\t\t  <div \n\t\t\t  \tclass = \"fb-comments\" \n\t\t\t  \tdata-href = \"https:\/\/diarioavanzada.com.mx\/?p=68768\"\n\t\t\t  \tdata-numposts = \"10\"\n\t\t\t  \tdata-lazy = \"true\"\n\t\t\t\tdata-colorscheme = \"light\"\n\t\t\t\tdata-order-by = \"social\"\n\t\t\t\tdata-mobile=true>\n\t\t\t  <\/div><\/div>\n\t\t  <style>\n\t\t    .fb-background-color {\n\t\t\t\tbackground:  !important;\n\t\t\t}\n\t\t\t.fb_iframe_widget_fluid_desktop iframe {\n\t\t\t    width: 100% !important;\n\t\t\t}\n\t\t  <\/style>\n\t\t  ","protected":false},"excerpt":{"rendered":"<p>Michoac\u00e1n, M\u00e9xico, Avanzada (13\/12\/2024).- El gobierno de Angamacutiro, Michoac\u00e1n, inform\u00f3 la cancelaci\u00f3n de las festividades programadas para este mes de diciembre, argumentando \u201ccausas de fuerza mayor\u201d. Aunque no se ofrecieron detalles adicionales, la decisi\u00f3n se tom\u00f3 tras el reciente asesinato de dos familiares de Luc\u00eda Cardona, presidenta del DIF municipal y esposa del alcalde Hermes [&hellip;]<\/p>\n","protected":false},"author":7,"featured_media":68767,"comment_status":"closed","ping_status":"closed","sticky":false,"template":"","format":"standard","meta":{"_coblocks_attr":"","_coblocks_dimensions":"","_coblocks_responsive_height":"","_coblocks_accordion_ie_support":"","_crdt_document":"","advanced_seo_description":"","jetpack_seo_html_title":"","jetpack_seo_noindex":false,"_jetpack_memberships_contains_paid_content":false,"footnotes":""},"categories":[22,7,231],"tags":[],"class_list":["post-68768","post","type-post","status-publish","format-standard","has-post-thumbnail","hentry","category-nacion","category-noticias","category-seguridad"],"jetpack_featured_media_url":"https:\/\/diarioavanzada.com.mx\/wp-content\/uploads\/2024\/12\/e79a3eb9-59a5-4ebc-8af9-205369e0fa99-1.jpg","jetpack-related-posts":[],"jetpack_sharing_enabled":true,"amp_enabled":true,"_links":{"self":[{"href":"https:\/\/diarioavanzada.com.mx\/index.php?rest_route=\/wp\/v2\/posts\/68768","targetHints":{"allow":["GET"]}}],"collection":[{"href":"https:\/\/diarioavanzada.com.mx\/index.php?rest_route=\/wp\/v2\/posts"}],"about":[{"href":"https:\/\/diarioavanzada.com.mx\/index.php?rest_route=\/wp\/v2\/types\/post"}],"author":[{"embeddable":true,"href":"https:\/\/diarioavanzada.com.mx\/index.php?rest_route=\/wp\/v2\/users\/7"}],"replies":[{"embeddable":true,"href":"https:\/\/diarioavanzada.com.mx\/index.php?rest_route=%2Fwp%2Fv2%2Fcomments&post=68768"}],"version-history":[{"count":2,"href":"https:\/\/diarioavanzada.com.mx\/index.php?rest_route=\/wp\/v2\/posts\/68768\/revisions"}],"predecessor-version":[{"id":68864,"href":"https:\/\/diarioavanzada.com.mx\/index.php?rest_route=\/wp\/v2\/posts\/68768\/revisions\/68864"}],"wp:featuredmedia":[{"embeddable":true,"href":"https:\/\/diarioavanzada.com.mx\/index.php?rest_route=\/wp\/v2\/media\/68767"}],"wp:attachment":[{"href":"https:\/\/diarioavanzada.com.mx\/index.php?rest_route=%2Fwp%2Fv2%2Fmedia&parent=68768"}],"wp:term":[{"taxonomy":"category","embeddable":true,"href":"https:\/\/diarioavanzada.com.mx\/index.php?rest_route=%2Fwp%2Fv2%2Fcategories&post=68768"},{"taxonomy":"post_tag","embeddable":true,"href":"https:\/\/diarioavanzada.com.mx\/index.php?rest_route=%2Fwp%2Fv2%2Ftags&post=68768"}],"curies":[{"name":"wp","href":"https:\/\/api.w.org\/{rel}","templated":true}]}}