{"id":68761,"date":"2024-12-13T07:51:32","date_gmt":"2024-12-13T13:51:32","guid":{"rendered":"https:\/\/diarioavanzada.com.mx\/?p=68761"},"modified":"2024-12-13T07:51:32","modified_gmt":"2024-12-13T13:51:32","slug":"un-error-haber-dejado-crecer-al-crimen-organizado","status":"publish","type":"post","link":"https:\/\/diarioavanzada.com.mx\/?p=68761","title":{"rendered":"Un error haber dejado crecer al&nbsp;crimen organizado"},"content":{"rendered":"\n<p class=\"s2 wp-block-paragraph\">Columna<\/p>\n\n\n\n<p class=\"s2 wp-block-paragraph\">El Puercoesp\u00edn&nbsp;<\/p>\n\n\n\n<p class=\"s2 wp-block-paragraph\">Mientras la&nbsp;presidenta Claudia Sheinbaum&nbsp;realizaba una visita oficial,&nbsp;el&nbsp;s\u00e1bado&nbsp;23 de noviembre, se vivi\u00f3 una jornada de extrema&nbsp;violencia en Colima&nbsp;con el asesinato de&nbsp;siete personas&nbsp;en distintos puntos de la entidad.<\/p>\n\n\n\n<p class=\"s2 wp-block-paragraph\">El primer hecho se report\u00f3 en la&nbsp;madrugada en Manzanillo,&nbsp;donde fue encontrado el cuerpo de un hombre mutilado y decapitado colgado de un puente en la localidad de&nbsp;El Colomo.<\/p>\n\n\n\n<p class=\"s2 wp-block-paragraph\">Horas despu\u00e9s, en un camino rural de la&nbsp;comunidad Puerta de&nbsp;\u00c1nzar,&nbsp;en el municipio de Colima, las autoridades localizaron un veh\u00edculo abandonado con los cuerpos de cuatro personas con heridas de bala.<\/p>\n\n\n\n<p class=\"s2 wp-block-paragraph\">Ya en la ma\u00f1ana, la violencia alcanz\u00f3 la capital del estado, donde un hombre fue asesinado a tiros cerca de la central de autobuses&nbsp;denominada de los&nbsp;Rojos. Finalmente, en la noche, una mujer fue atacada con armas de fuego en la colonia Placetas, donde perdi\u00f3 la vida en el lugar.<\/p>\n\n\n\n<p class=\"s2 wp-block-paragraph\">La visita de Sheinbaum a Colima incluy\u00f3 anuncios sobre su plan de seguridad para los primeros 100 d\u00edas de su gesti\u00f3n, destacando que el municipio de Colima forma parte de las 10 demarcaciones prioritarias donde se concentra el 25% de los homicidios relacionados con la delincuencia organizada. Entre las medidas propuestas, destacan el fortalecimiento de los trabajos de inteligencia y el incremento de operativos en zonas cr\u00edticas.&nbsp;Y a como van las cosas en Manzanillo es altamente probable que ese municipio sea incluido.<\/p>\n\n\n\n<p class=\"s10 wp-block-paragraph\">Cuando algunos analistas interpretaron los asesinatos tan numerosos dieron por hecho que la presencia de la presidenta del pa\u00eds ten\u00eda mucho que ver y se trataba de un mensaje o, a\u00fan m\u00e1s precisos, de una estricta provocaci\u00f3n.&nbsp;<\/p>\n\n\n\n<p class=\"s10 wp-block-paragraph\">&nbsp;<\/p>\n\n\n\n<p class=\"s10 wp-block-paragraph\">Sin embargo, un d\u00eda despu\u00e9s de la significativa sesi\u00f3n del Consejo Nacional de Seguridad en Acapulco, con la presencia de la presidenta Claudia Sheinbaum, las principales figuras del gabinete federal de seguridad y la mayor\u00eda de los gobernadores estatales, fue asesinado en ese puerto Edmundo Rom\u00e1n Pinz\u00f3n, magistrado estatal que hab\u00eda sido presidente del tribunal de justicia en Guerrero. Los reportes policiacos se\u00f1alaron que personas a\u00fan no identificadas dispararon contra el funcionario judicial cuando sal\u00eda en su autom\u00f3vil del \u00e1rea de juzgados del Palacio de Justicia.<\/p>\n\n\n\n<p class=\"s2 wp-block-paragraph\">El pasado lunes, en&nbsp;Tepenacaxtla, en la muy violenta zona de la sierra de Zongolica, fue asesinado a bordo de su veh\u00edculo el diputado federal Benito Aguas Atlahua, adscrito al Partido Verde Ecologista de M\u00e9xico, pero llegado a la curul en alianza con Morena y el PT. Antes, hab\u00eda sido presidente&nbsp;municipal justamente de Zongolica. Tambi\u00e9n fue ejecutado su acompa\u00f1ante, el ingeniero Agust\u00edn Linares L\u00f3pez.<\/p>\n\n\n\n<p class=\"s11 wp-block-paragraph\">Todo indica que la iniciada estrategia de ataque&nbsp;del Gobierno de M\u00e9xico&nbsp;al&nbsp;crimen organizado tendr\u00e1 una dura respuesta de los criminales y todos los gobernadores tendr\u00e1n que ponerse las pilas para proteger,&nbsp;en lo mejor de los posible,&nbsp;a la poblaci\u00f3n civil.<\/p>\n\n\n\n<p class=\"s11 wp-block-paragraph\">La estrategia de L\u00f3pez Obrador de actuar con demasiada prudencia y sin violencia al parecer result\u00f3 un error del mandatario saliente. Obrador confi\u00f3 demasiado en su autoridad moral y con ello contener a los criminales, pero la realidad est\u00e1 demostrando que tanto los pol\u00edticos aliados a los criminales como los criminales mismos no entendieron el mensaje o lo entendieron al rev\u00e9s y se sintieron fortalecidos.<\/p>\n\n\n\n<p class=\"s11 wp-block-paragraph\">Que bueno que la actual presidenta ataque a los miembros del crimen organizado y los gobernadores y presidentes municipales asuman su responsabilidad con toda la seriedad y profesionalismo que el asunto demanda.&nbsp;<\/p>\n\n\n\n<p class=\"s11 wp-block-paragraph\">Los abrazos no funcionaron, pues a balazos esperemos que funcionen y los criminales y sus pol\u00edticos aliados lo entiendan y la violencia no crezca exponencialmente.&nbsp;<\/p>\n\n\n\n<p class=\"s11 wp-block-paragraph\">&nbsp;<\/p>\n\n\n\n<p class=\"s11 wp-block-paragraph\">&nbsp;<\/p>\n\n\n\n<p class=\"s11 wp-block-paragraph\">&nbsp;<\/p>\n\n\n\n<p class=\"s11 wp-block-paragraph\">&nbsp;<\/p>\n<div class=\"fb-background-color\">\n\t\t\t  <div \n\t\t\t  \tclass = \"fb-comments\" \n\t\t\t  \tdata-href = \"https:\/\/diarioavanzada.com.mx\/?p=68761\"\n\t\t\t  \tdata-numposts = \"10\"\n\t\t\t  \tdata-lazy = \"true\"\n\t\t\t\tdata-colorscheme = \"light\"\n\t\t\t\tdata-order-by = \"social\"\n\t\t\t\tdata-mobile=true>\n\t\t\t  <\/div><\/div>\n\t\t  <style>\n\t\t    .fb-background-color {\n\t\t\t\tbackground:  !important;\n\t\t\t}\n\t\t\t.fb_iframe_widget_fluid_desktop iframe {\n\t\t\t    width: 100% !important;\n\t\t\t}\n\t\t  <\/style>\n\t\t  ","protected":false},"excerpt":{"rendered":"<p>Columna El Puercoesp\u00edn&nbsp; Mientras la&nbsp;presidenta Claudia Sheinbaum&nbsp;realizaba una visita oficial,&nbsp;el&nbsp;s\u00e1bado&nbsp;23 de noviembre, se vivi\u00f3 una jornada de extrema&nbsp;violencia en Colima&nbsp;con el asesinato de&nbsp;siete personas&nbsp;en distintos puntos de la entidad. El primer hecho se report\u00f3 en la&nbsp;madrugada en Manzanillo,&nbsp;donde fue encontrado el cuerpo de un hombre mutilado y decapitado colgado de un puente en la localidad [&hellip;]<\/p>\n","protected":false},"author":9,"featured_media":68760,"comment_status":"closed","ping_status":"closed","sticky":false,"template":"","format":"standard","meta":{"_coblocks_attr":"","_coblocks_dimensions":"","_coblocks_responsive_height":"","_coblocks_accordion_ie_support":"","advanced_seo_description":"","jetpack_seo_html_title":"","jetpack_seo_noindex":false,"jetpack_seo_schema_type":"","_jetpack_newsletter_access":"","_jetpack_dont_email_post_to_subs":false,"_jetpack_newsletter_tier_id":0,"_jetpack_memberships_contains_paywalled_content":false,"_wpcom_ai_launchpad_first_post":false,"_jetpack_feature_clip_id":0,"_jetpack_memberships_contains_paid_content":false,"footnotes":"","jetpack_post_was_ever_published":false},"categories":[19,209,24],"tags":[],"class_list":["post-68761","post","type-post","status-publish","format-standard","has-post-thumbnail","hentry","category-colima","category-importantes","category-opinion"],"jetpack-related-posts":[],"jetpack_sharing_enabled":true,"amp_enabled":true,"jetpack_featured_media_url":"https:\/\/diarioavanzada.com.mx\/wp-content\/uploads\/2024\/12\/64e6ef57-1662-42ac-829d-74f2a8a32471-1.jpg","_links":{"self":[{"href":"https:\/\/diarioavanzada.com.mx\/index.php?rest_route=\/wp\/v2\/posts\/68761","targetHints":{"allow":["GET"]}}],"collection":[{"href":"https:\/\/diarioavanzada.com.mx\/index.php?rest_route=\/wp\/v2\/posts"}],"about":[{"href":"https:\/\/diarioavanzada.com.mx\/index.php?rest_route=\/wp\/v2\/types\/post"}],"author":[{"embeddable":true,"href":"https:\/\/diarioavanzada.com.mx\/index.php?rest_route=\/wp\/v2\/users\/9"}],"replies":[{"embeddable":true,"href":"https:\/\/diarioavanzada.com.mx\/index.php?rest_route=%2Fwp%2Fv2%2Fcomments&post=68761"}],"version-history":[{"count":0,"href":"https:\/\/diarioavanzada.com.mx\/index.php?rest_route=\/wp\/v2\/posts\/68761\/revisions"}],"wp:featuredmedia":[{"embeddable":true,"href":"https:\/\/diarioavanzada.com.mx\/index.php?rest_route=\/wp\/v2\/media\/68760"}],"wp:attachment":[{"href":"https:\/\/diarioavanzada.com.mx\/index.php?rest_route=%2Fwp%2Fv2%2Fmedia&parent=68761"}],"wp:term":[{"taxonomy":"category","embeddable":true,"href":"https:\/\/diarioavanzada.com.mx\/index.php?rest_route=%2Fwp%2Fv2%2Fcategories&post=68761"},{"taxonomy":"post_tag","embeddable":true,"href":"https:\/\/diarioavanzada.com.mx\/index.php?rest_route=%2Fwp%2Fv2%2Ftags&post=68761"}],"curies":[{"name":"wp","href":"https:\/\/api.w.org\/{rel}","templated":true}]}}