{"id":68759,"date":"2024-12-13T07:42:54","date_gmt":"2024-12-13T13:42:54","guid":{"rendered":"https:\/\/diarioavanzada.com.mx\/?p=68759"},"modified":"2024-12-13T08:04:32","modified_gmt":"2024-12-13T14:04:32","slug":"para-este-dia-colima-alcanzara-maximas-de-hasta-40-c","status":"publish","type":"post","link":"https:\/\/diarioavanzada.com.mx\/?p=68759","title":{"rendered":"Colima alcanzar\u00e1 temperaturas m\u00e1ximas de hasta 40 \u00b0C este d\u00eda"},"content":{"rendered":"\n<p class=\"p3 wp-block-paragraph\">Colima, M\u00e9xico, Avanzada (13\/12\/2024).- Este viernes, se pronostica un ambiente caluroso en la entidad con temperaturas m\u00e1ximas de hasta 40 \u00b0C, debido a la influencia de una circulaci\u00f3n anticicl\u00f3nica que domina el occidente del pa\u00eds.<\/p>\n\n\n\n<p class=\"p3 wp-block-paragraph\">En el Pac\u00edfico Centro, se prev\u00e9 cielo parcialmente nublado, sin lluvias, y vientos de hasta 40 km\/h. Por la ma\u00f1ana, el ambiente ser\u00e1 fresco a templado, mientras que por la tarde se tornar\u00e1 c\u00e1lido a caluroso.<\/p>\n\n\n\n<p class=\"p3 wp-block-paragraph\">Las autoridades invitan a la poblaci\u00f3n a mantenerse hidratada y evitar la exposici\u00f3n prolongada al sol durante las horas de mayor calor.<\/p>\n<div class=\"fb-background-color\">\n\t\t\t  <div \n\t\t\t  \tclass = \"fb-comments\" \n\t\t\t  \tdata-href = \"https:\/\/diarioavanzada.com.mx\/?p=68759\"\n\t\t\t  \tdata-numposts = \"10\"\n\t\t\t  \tdata-lazy = \"true\"\n\t\t\t\tdata-colorscheme = \"light\"\n\t\t\t\tdata-order-by = \"social\"\n\t\t\t\tdata-mobile=true>\n\t\t\t  <\/div><\/div>\n\t\t  <style>\n\t\t    .fb-background-color {\n\t\t\t\tbackground:  !important;\n\t\t\t}\n\t\t\t.fb_iframe_widget_fluid_desktop iframe {\n\t\t\t    width: 100% !important;\n\t\t\t}\n\t\t  <\/style>\n\t\t  ","protected":false},"excerpt":{"rendered":"<p>Colima, M\u00e9xico, Avanzada (13\/12\/2024).- Este viernes, se pronostica un ambiente caluroso en la entidad con temperaturas m\u00e1ximas de hasta 40 \u00b0C, debido a la influencia de una circulaci\u00f3n anticicl\u00f3nica que domina el occidente del pa\u00eds. En el Pac\u00edfico Centro, se prev\u00e9 cielo parcialmente nublado, sin lluvias, y vientos de hasta 40 km\/h. Por la ma\u00f1ana, [&hellip;]<\/p>\n","protected":false},"author":7,"featured_media":68758,"comment_status":"closed","ping_status":"closed","sticky":false,"template":"","format":"standard","meta":{"_coblocks_attr":"","_coblocks_dimensions":"","_coblocks_responsive_height":"","_coblocks_accordion_ie_support":"","_crdt_document":"","advanced_seo_description":"","jetpack_seo_html_title":"","jetpack_seo_noindex":false,"_jetpack_memberships_contains_paid_content":false,"footnotes":""},"categories":[19,7],"tags":[],"class_list":["post-68759","post","type-post","status-publish","format-standard","has-post-thumbnail","hentry","category-colima","category-noticias"],"jetpack_featured_media_url":"https:\/\/diarioavanzada.com.mx\/wp-content\/uploads\/2024\/12\/img_0652-1.jpg","jetpack-related-posts":[],"jetpack_sharing_enabled":true,"amp_enabled":true,"_links":{"self":[{"href":"https:\/\/diarioavanzada.com.mx\/index.php?rest_route=\/wp\/v2\/posts\/68759","targetHints":{"allow":["GET"]}}],"collection":[{"href":"https:\/\/diarioavanzada.com.mx\/index.php?rest_route=\/wp\/v2\/posts"}],"about":[{"href":"https:\/\/diarioavanzada.com.mx\/index.php?rest_route=\/wp\/v2\/types\/post"}],"author":[{"embeddable":true,"href":"https:\/\/diarioavanzada.com.mx\/index.php?rest_route=\/wp\/v2\/users\/7"}],"replies":[{"embeddable":true,"href":"https:\/\/diarioavanzada.com.mx\/index.php?rest_route=%2Fwp%2Fv2%2Fcomments&post=68759"}],"version-history":[{"count":1,"href":"https:\/\/diarioavanzada.com.mx\/index.php?rest_route=\/wp\/v2\/posts\/68759\/revisions"}],"predecessor-version":[{"id":68764,"href":"https:\/\/diarioavanzada.com.mx\/index.php?rest_route=\/wp\/v2\/posts\/68759\/revisions\/68764"}],"wp:featuredmedia":[{"embeddable":true,"href":"https:\/\/diarioavanzada.com.mx\/index.php?rest_route=\/wp\/v2\/media\/68758"}],"wp:attachment":[{"href":"https:\/\/diarioavanzada.com.mx\/index.php?rest_route=%2Fwp%2Fv2%2Fmedia&parent=68759"}],"wp:term":[{"taxonomy":"category","embeddable":true,"href":"https:\/\/diarioavanzada.com.mx\/index.php?rest_route=%2Fwp%2Fv2%2Fcategories&post=68759"},{"taxonomy":"post_tag","embeddable":true,"href":"https:\/\/diarioavanzada.com.mx\/index.php?rest_route=%2Fwp%2Fv2%2Ftags&post=68759"}],"curies":[{"name":"wp","href":"https:\/\/api.w.org\/{rel}","templated":true}]}}