{"id":68694,"date":"2024-12-12T20:12:28","date_gmt":"2024-12-13T02:12:28","guid":{"rendered":"https:\/\/diarioavanzada.com.mx\/?p=68694"},"modified":"2024-12-12T20:13:12","modified_gmt":"2024-12-13T02:13:12","slug":"bachilleres-a-escena","status":"publish","type":"post","link":"https:\/\/diarioavanzada.com.mx\/?p=68694","title":{"rendered":"Bachilleres&nbsp;a escena"},"content":{"rendered":"\n<p class=\"wp-block-paragraph\"><em>Este proyecto tiene como objetivo proporcionar a las y los universitarios una plataforma donde puedan aplicar y compartir los conocimientos adquiridos en los clubes culturales de sus planteles.<\/em><\/p>\n\n\n\n<p class=\"wp-block-paragraph\">Colima, M\u00e9xico, Avanzada (12\/12\/2024).- El talento estudiantil brill\u00f3 en el Foro \u201cPablo Silva Garc\u00eda\u201d durante la reciente edici\u00f3n del programa \u201cEstudiantes a Escena\u201d, una iniciativa impulsada por la Universidad de Colima a trav\u00e9s de su Direcci\u00f3n General de Difusi\u00f3n Cultural. Este proyecto tiene como objetivo proporcionar a las y los universitarios una plataforma donde puedan aplicar y compartir los conocimientos adquiridos en los clubes culturales de sus planteles, conectando con su comunidad y enriqueciendo la vida cultural de la universidad.<\/p>\n\n\n\n<p class=\"wp-block-paragraph\">En esta ocasi\u00f3n, el Bachillerato 4 protagoniz\u00f3 una jornada llena de m\u00fasica, danza y emoci\u00f3n, con presentaciones de los clubes de K-pop, coro y ballet folcl\u00f3rico. Los estudiantes fueron acompa\u00f1ados y guiados por las maestras Gabriela Guzm\u00e1n, Daniela Arg\u00e1ez y Paula Celina \u00c1lvarez, quienes, con dedicaci\u00f3n y profesionalismo, han sido fundamentales para el desarrollo art\u00edstico de los j\u00f3venes.<\/p>\n\n\n\n<p class=\"wp-block-paragraph\">\u201cEstudiantes a Escena\u201d es una iniciativa que ofrece a las y los j\u00f3venes universitarios la oportunidad de presentar en escenarios reales las habilidades art\u00edsticas que desarrollan en los clubes culturales de sus planteles. Este programa busca conectar a los estudiantes con la comunidad, permiti\u00e9ndoles compartir su talento en \u00e1mbitos profesionales y enriquecer la vida cultural, tanto de la universidad como de su entorno.<\/p>\n\n\n\n<p class=\"wp-block-paragraph\">El club de K-pop del Bachillerato 4 tiene una trayectoria que inici\u00f3 en 2010, como un proyecto entre amigas que buscaban combinar su pasi\u00f3n por la m\u00fasica coreana y las actividades culturales. El grupo, conocido como Daenseu, se ha consolidado como un espacio donde las estudiantes exploran la energ\u00eda y creatividad del K-pop, fusionando melod\u00edas pegajosas con ritmos modernos. Su presentaci\u00f3n dej\u00f3 claro por qu\u00e9 este movimiento sigue cautivando a j\u00f3venes alrededor del mundo.<\/p>\n\n\n\n<p class=\"wp-block-paragraph\"><em>Daenseu <\/em>es una palabra en coreano que se traduce como \u201cdanza\u201d o \u201cbaile\u201d en espa\u00f1ol. Proviene del ingl\u00e9s \u201cdance\u201d y se utiliza com\u00fanmente en Corea para referirse a cualquier estilo de baile.<\/p>\n\n\n\n<p class=\"wp-block-paragraph\">Por su parte, el grupo de Danza Folcl\u00f3rica, fundado en febrero de 2024 bajo la direcci\u00f3n de la Mtra. Paula Celina \u00c1lvarez, demostr\u00f3 c\u00f3mo la tradici\u00f3n puede mantenerse viva en las nuevas generaciones. Este club cultural promueve la conservaci\u00f3n del folclor mexicano y ha llevado la esencia de nuestras ra\u00edces a diversas escuelas de Villa de \u00c1lvarez y a eventos emblem\u00e1ticos como la Feria de Todos los Santos de Colima.<\/p>\n\n\n\n<p class=\"wp-block-paragraph\">El coro del Bachillerato 4, creado en septiembre de 2023, ha evolucionado bajo la direcci\u00f3n de destacados artistas como el tenor Enrique Mej\u00eda y la soprano Fernanda Noh. Este club se destaca por fomentar el amor por la m\u00fasica a trav\u00e9s del canto, preparando a sus integrantes para competencias como el concurso de Interpretaci\u00f3n del Himno de la UdeC. Las y los integrantes de este coro se caracterizan por ser alumnos con una excelente actitud, entusiasmo y compromiso para aprender.<\/p>\n\n\n\n<figure class=\"wp-block-image size-large\"><img loading=\"lazy\" decoding=\"async\" width=\"1024\" height=\"683\" src=\"https:\/\/diarioavanzada.com.mx\/wp-content\/uploads\/2024\/12\/Bachilleres-a-escena_a-1024x683.jpg\" alt=\"\" class=\"wp-image-68695\" srcset=\"https:\/\/diarioavanzada.com.mx\/wp-content\/uploads\/2024\/12\/Bachilleres-a-escena_a-1024x683.jpg 1024w, https:\/\/diarioavanzada.com.mx\/wp-content\/uploads\/2024\/12\/Bachilleres-a-escena_a-300x200.jpg 300w, https:\/\/diarioavanzada.com.mx\/wp-content\/uploads\/2024\/12\/Bachilleres-a-escena_a-768x512.jpg 768w, https:\/\/diarioavanzada.com.mx\/wp-content\/uploads\/2024\/12\/Bachilleres-a-escena_a-1200x800.jpg 1200w, https:\/\/diarioavanzada.com.mx\/wp-content\/uploads\/2024\/12\/Bachilleres-a-escena_a.jpg 1224w\" sizes=\"auto, (max-width: 1024px) 100vw, 1024px\" \/><\/figure>\n\n\n\n<figure class=\"wp-block-image size-large\"><img loading=\"lazy\" decoding=\"async\" width=\"1024\" height=\"683\" src=\"https:\/\/diarioavanzada.com.mx\/wp-content\/uploads\/2024\/12\/Bachilleres-a-escena-1024x683.jpg\" alt=\"\" class=\"wp-image-68697\" srcset=\"https:\/\/diarioavanzada.com.mx\/wp-content\/uploads\/2024\/12\/Bachilleres-a-escena-1024x683.jpg 1024w, https:\/\/diarioavanzada.com.mx\/wp-content\/uploads\/2024\/12\/Bachilleres-a-escena-300x200.jpg 300w, https:\/\/diarioavanzada.com.mx\/wp-content\/uploads\/2024\/12\/Bachilleres-a-escena-768x512.jpg 768w, https:\/\/diarioavanzada.com.mx\/wp-content\/uploads\/2024\/12\/Bachilleres-a-escena-1200x800.jpg 1200w, https:\/\/diarioavanzada.com.mx\/wp-content\/uploads\/2024\/12\/Bachilleres-a-escena.jpg 1224w\" sizes=\"auto, (max-width: 1024px) 100vw, 1024px\" \/><\/figure>\n\n\n\n<figure class=\"wp-block-image size-large\"><img loading=\"lazy\" decoding=\"async\" width=\"1024\" height=\"683\" src=\"https:\/\/diarioavanzada.com.mx\/wp-content\/uploads\/2024\/12\/Bachilleres-a-escena_c-1024x683.jpg\" alt=\"\" class=\"wp-image-68698\" srcset=\"https:\/\/diarioavanzada.com.mx\/wp-content\/uploads\/2024\/12\/Bachilleres-a-escena_c-1024x683.jpg 1024w, https:\/\/diarioavanzada.com.mx\/wp-content\/uploads\/2024\/12\/Bachilleres-a-escena_c-300x200.jpg 300w, https:\/\/diarioavanzada.com.mx\/wp-content\/uploads\/2024\/12\/Bachilleres-a-escena_c-768x512.jpg 768w, https:\/\/diarioavanzada.com.mx\/wp-content\/uploads\/2024\/12\/Bachilleres-a-escena_c-1200x800.jpg 1200w, https:\/\/diarioavanzada.com.mx\/wp-content\/uploads\/2024\/12\/Bachilleres-a-escena_c.jpg 1224w\" sizes=\"auto, (max-width: 1024px) 100vw, 1024px\" \/><\/figure>\n\n\n\n<figure class=\"wp-block-image size-large\"><img loading=\"lazy\" decoding=\"async\" width=\"1024\" height=\"683\" src=\"https:\/\/diarioavanzada.com.mx\/wp-content\/uploads\/2024\/12\/Bachilleres-a-escena_d-1024x683.jpg\" alt=\"\" class=\"wp-image-68699\" srcset=\"https:\/\/diarioavanzada.com.mx\/wp-content\/uploads\/2024\/12\/Bachilleres-a-escena_d-1024x683.jpg 1024w, https:\/\/diarioavanzada.com.mx\/wp-content\/uploads\/2024\/12\/Bachilleres-a-escena_d-300x200.jpg 300w, https:\/\/diarioavanzada.com.mx\/wp-content\/uploads\/2024\/12\/Bachilleres-a-escena_d-768x512.jpg 768w, https:\/\/diarioavanzada.com.mx\/wp-content\/uploads\/2024\/12\/Bachilleres-a-escena_d-1200x800.jpg 1200w, https:\/\/diarioavanzada.com.mx\/wp-content\/uploads\/2024\/12\/Bachilleres-a-escena_d.jpg 1224w\" sizes=\"auto, (max-width: 1024px) 100vw, 1024px\" \/><\/figure>\n\n\n\n<figure class=\"wp-block-image size-large\"><img loading=\"lazy\" decoding=\"async\" width=\"1024\" height=\"768\" src=\"https:\/\/diarioavanzada.com.mx\/wp-content\/uploads\/2024\/12\/Bachilleres-a-escena_b-1024x768.jpg\" alt=\"\" class=\"wp-image-68701\" srcset=\"https:\/\/diarioavanzada.com.mx\/wp-content\/uploads\/2024\/12\/Bachilleres-a-escena_b-1024x768.jpg 1024w, https:\/\/diarioavanzada.com.mx\/wp-content\/uploads\/2024\/12\/Bachilleres-a-escena_b-300x225.jpg 300w, https:\/\/diarioavanzada.com.mx\/wp-content\/uploads\/2024\/12\/Bachilleres-a-escena_b-768x576.jpg 768w, https:\/\/diarioavanzada.com.mx\/wp-content\/uploads\/2024\/12\/Bachilleres-a-escena_b-800x600.jpg?crop=1 800w, https:\/\/diarioavanzada.com.mx\/wp-content\/uploads\/2024\/12\/Bachilleres-a-escena_b-600x450.jpg?crop=1 600w, https:\/\/diarioavanzada.com.mx\/wp-content\/uploads\/2024\/12\/Bachilleres-a-escena_b-400x300.jpg?crop=1 400w, https:\/\/diarioavanzada.com.mx\/wp-content\/uploads\/2024\/12\/Bachilleres-a-escena_b-200x150.jpg?crop=1 200w, https:\/\/diarioavanzada.com.mx\/wp-content\/uploads\/2024\/12\/Bachilleres-a-escena_b.jpg 1154w\" sizes=\"auto, (max-width: 1024px) 100vw, 1024px\" \/><\/figure>\n\n\n\n<figure class=\"wp-block-image size-large\"><img loading=\"lazy\" decoding=\"async\" width=\"1024\" height=\"683\" src=\"https:\/\/diarioavanzada.com.mx\/wp-content\/uploads\/2024\/12\/Bachilleres-a-escena_K-Pop-1024x683.jpg\" alt=\"\" class=\"wp-image-68702\" srcset=\"https:\/\/diarioavanzada.com.mx\/wp-content\/uploads\/2024\/12\/Bachilleres-a-escena_K-Pop-1024x683.jpg 1024w, https:\/\/diarioavanzada.com.mx\/wp-content\/uploads\/2024\/12\/Bachilleres-a-escena_K-Pop-300x200.jpg 300w, https:\/\/diarioavanzada.com.mx\/wp-content\/uploads\/2024\/12\/Bachilleres-a-escena_K-Pop-768x512.jpg 768w, https:\/\/diarioavanzada.com.mx\/wp-content\/uploads\/2024\/12\/Bachilleres-a-escena_K-Pop-1536x1024.jpg 1536w, https:\/\/diarioavanzada.com.mx\/wp-content\/uploads\/2024\/12\/Bachilleres-a-escena_K-Pop-2048x1365.jpg 2048w, https:\/\/diarioavanzada.com.mx\/wp-content\/uploads\/2024\/12\/Bachilleres-a-escena_K-Pop-1200x800.jpg 1200w\" sizes=\"auto, (max-width: 1024px) 100vw, 1024px\" \/><\/figure>\n\n\n\n<p class=\"wp-block-paragraph\"><\/p>\n<div class=\"fb-background-color\">\n\t\t\t  <div \n\t\t\t  \tclass = \"fb-comments\" \n\t\t\t  \tdata-href = \"https:\/\/diarioavanzada.com.mx\/?p=68694\"\n\t\t\t  \tdata-numposts = \"10\"\n\t\t\t  \tdata-lazy = \"true\"\n\t\t\t\tdata-colorscheme = \"light\"\n\t\t\t\tdata-order-by = \"social\"\n\t\t\t\tdata-mobile=true>\n\t\t\t  <\/div><\/div>\n\t\t  <style>\n\t\t    .fb-background-color {\n\t\t\t\tbackground:  !important;\n\t\t\t}\n\t\t\t.fb_iframe_widget_fluid_desktop iframe {\n\t\t\t    width: 100% !important;\n\t\t\t}\n\t\t  <\/style>\n\t\t  ","protected":false},"excerpt":{"rendered":"<p>Este proyecto tiene como objetivo proporcionar a las y los universitarios una plataforma donde puedan aplicar y compartir los conocimientos adquiridos en los clubes culturales de sus planteles. Colima, M\u00e9xico, Avanzada (12\/12\/2024).- El talento estudiantil brill\u00f3 en el Foro \u201cPablo Silva Garc\u00eda\u201d durante la reciente edici\u00f3n del programa \u201cEstudiantes a Escena\u201d, una iniciativa impulsada por [&hellip;]<\/p>\n","protected":false},"author":7,"featured_media":68708,"comment_status":"closed","ping_status":"closed","sticky":false,"template":"","format":"standard","meta":{"_coblocks_attr":"","_coblocks_dimensions":"","_coblocks_responsive_height":"","_coblocks_accordion_ie_support":"","_crdt_document":"","advanced_seo_description":"","jetpack_seo_html_title":"","jetpack_seo_noindex":false,"_jetpack_memberships_contains_paid_content":false,"footnotes":""},"categories":[25,7],"tags":[],"class_list":["post-68694","post","type-post","status-publish","format-standard","has-post-thumbnail","hentry","category-cultura","category-noticias"],"jetpack_featured_media_url":"https:\/\/diarioavanzada.com.mx\/wp-content\/uploads\/2024\/12\/img_5615-1.jpg","jetpack-related-posts":[],"jetpack_sharing_enabled":true,"amp_enabled":true,"_links":{"self":[{"href":"https:\/\/diarioavanzada.com.mx\/index.php?rest_route=\/wp\/v2\/posts\/68694","targetHints":{"allow":["GET"]}}],"collection":[{"href":"https:\/\/diarioavanzada.com.mx\/index.php?rest_route=\/wp\/v2\/posts"}],"about":[{"href":"https:\/\/diarioavanzada.com.mx\/index.php?rest_route=\/wp\/v2\/types\/post"}],"author":[{"embeddable":true,"href":"https:\/\/diarioavanzada.com.mx\/index.php?rest_route=\/wp\/v2\/users\/7"}],"replies":[{"embeddable":true,"href":"https:\/\/diarioavanzada.com.mx\/index.php?rest_route=%2Fwp%2Fv2%2Fcomments&post=68694"}],"version-history":[{"count":5,"href":"https:\/\/diarioavanzada.com.mx\/index.php?rest_route=\/wp\/v2\/posts\/68694\/revisions"}],"predecessor-version":[{"id":68707,"href":"https:\/\/diarioavanzada.com.mx\/index.php?rest_route=\/wp\/v2\/posts\/68694\/revisions\/68707"}],"wp:featuredmedia":[{"embeddable":true,"href":"https:\/\/diarioavanzada.com.mx\/index.php?rest_route=\/wp\/v2\/media\/68708"}],"wp:attachment":[{"href":"https:\/\/diarioavanzada.com.mx\/index.php?rest_route=%2Fwp%2Fv2%2Fmedia&parent=68694"}],"wp:term":[{"taxonomy":"category","embeddable":true,"href":"https:\/\/diarioavanzada.com.mx\/index.php?rest_route=%2Fwp%2Fv2%2Fcategories&post=68694"},{"taxonomy":"post_tag","embeddable":true,"href":"https:\/\/diarioavanzada.com.mx\/index.php?rest_route=%2Fwp%2Fv2%2Ftags&post=68694"}],"curies":[{"name":"wp","href":"https:\/\/api.w.org\/{rel}","templated":true}]}}