{"id":68687,"date":"2024-12-12T20:14:49","date_gmt":"2024-12-13T02:14:49","guid":{"rendered":"https:\/\/diarioavanzada.com.mx\/?p=68687"},"modified":"2024-12-12T20:15:33","modified_gmt":"2024-12-13T02:15:33","slug":"celebra-udec-35-anos-de-estudios-sobre-la-cuenca-del-pacifico","status":"publish","type":"post","link":"https:\/\/diarioavanzada.com.mx\/?p=68687","title":{"rendered":"Celebra UdeC 35 a\u00f1os de estudios sobre la Cuenca del Pac\u00edfico"},"content":{"rendered":"\n<p class=\"wp-block-paragraph\"><em>En esta entrevista, el Dr. Ernesto Rangel reflexiona sobre la importancia del Centro Universitario de Estudios e Investigaciones sobre la Cuenca del Pac\u00edfico y sobre su trabajo al frente de este centro, durante los \u00faltimos 23 a\u00f1os.<\/em><\/p>\n\n\n\n<p class=\"wp-block-paragraph\">Colima, M\u00e9xico, Avanzada (12\/12\/2024).- Este a\u00f1o, la Universidad de Colima celebr\u00f3, con una jornada acad\u00e9mica, 35 a\u00f1os de estudios e investigaciones sobre la Cuenca del Pac\u00edfico. Este esfuerzo acad\u00e9mico, que inici\u00f3 en 1989, se conoce de manera coloquial en la instituci\u00f3n como Cuenca del Pacifico. En 1995 se formaliz\u00f3 como Centro Universitario de Estudios e Investigaciones sobre la Cuenca del Pac\u00edfico (CUEICP) y en 1998 se integr\u00f3, a este mismo espacio, el Centro de Estudios APEC (Mecanismo de Cooperaci\u00f3n Econ\u00f3mica Asia-Pacifico).<\/p>\n\n\n\n<p class=\"wp-block-paragraph\">El Dr. Jos\u00e9 Ernesto Rangel Delgado, director del CUEICP y del Centro de Estudios APEC, quien por 23 a\u00f1os ha dedicado su trayectoria profesional en la universidad a este trabajo, adem\u00e1s de ser profesor investigador de la Facultad de Econom\u00eda, dijo en entrevista que para celebrar los primeros 35 a\u00f1os de estudios e investigaciones, desde mayo de este 2024 integraron un ambiciosos programa de actividades acad\u00e9micas.<\/p>\n\n\n\n<p class=\"wp-block-paragraph\">La celebraci\u00f3n incluy\u00f3: un ciclo de conferencias, la Jornada Acad\u00e9mica internacional sobre Corea en su edici\u00f3n n\u00famero 12, la edici\u00f3n 24 del Seminario de Investigaci\u00f3n sobre la Cuenca del Pacifico, firmas de convenio de colaboraci\u00f3n, presentaci\u00f3n de proyectos, el XV ciclo de cine sociedad y cultura en Asia, la publicaci\u00f3n de libros y la participaci\u00f3n Kasem Sai_Lue_Nam, consejero de Asuntos Consulares, Econ\u00f3micos, de Cooperaci\u00f3n Internacional para el Desarrollo y Protocolo en la Embajada Real de Tailandia en M\u00e9xico.<\/p>\n\n\n\n<p class=\"wp-block-paragraph\">Rangel record\u00f3 que el objetivo central de la Cuenca del Pac\u00edfico fue la realizaci\u00f3n de investigaciones y estudios en materia de econom\u00eda y relaciones internacionales, con \u00e9nfasis en la Cuenca del Pac\u00edfico, as\u00ed como la formaci\u00f3n de recursos humanos, la difusi\u00f3n de los resultados de investigaci\u00f3n y colaboraci\u00f3n con personalidades, organizaciones e instituciones interesadas en el mismo tema, tanto del pa\u00eds como del extranjero.<\/p>\n\n\n\n<p class=\"wp-block-paragraph\">La Universidad de Colima fue una de las primeras en M\u00e9xico en responder a la convocatoria nacional para establecer un programa de estudios sobre la Cuenca del Pac\u00edfico, respaldado por la creaci\u00f3n de la Comisi\u00f3n Mexicana de la Cuenca del Pac\u00edfico, el 15 de abril de 1988. En 1989 se iniciaron los trabajos en este \u00e1mbito, y en mayo de 1990, se integr\u00f3 la Red Nacional de Investigadores sobre la Cuenca del Pac\u00edfico, que tuvo como primera sede a la m\u00e1xima casa de estudios colimense.<\/p>\n\n\n\n<p class=\"wp-block-paragraph\">El primer director del CUEICP fue el Dr. Fernando Alfonso Rivas Mira. En cuanto al Centro de Estudios APEC, su primer director y fundador fue el embajador Omar Mart\u00ednez Legorreta.<\/p>\n\n\n\n<p class=\"wp-block-paragraph\">La celebraci\u00f3n por sus 35 a\u00f1os cont\u00f3 con la participaci\u00f3n y asistencia de alumnos de licenciatura y bachillerato de la UdeC, de instituciones privadas y de representantes del sector empresarial. \u201cFue un reconocimiento al trabajo permanente desarrollado por investigadores, directivos, estudiantes y personal asociado a esta \u00e1rea del conocimiento\u201d, coment\u00f3 el Dr. Rangel.<\/p>\n\n\n\n<p class=\"wp-block-paragraph\">Tanto la Cuenca del Pac\u00edfico como el Centro de Estudios APEC, destac\u00f3 Rangel Delgado, \u201chan contribuido a darle visibilidad internacional a la instituci\u00f3n y son factores determinantes para la diversificaci\u00f3n de los v\u00ednculos con los pa\u00edses de esta zona\u201d.<\/p>\n\n\n\n<p class=\"wp-block-paragraph\">Sus l\u00edneas de investigaci\u00f3n son: Relaciones econ\u00f3micas internacionales con \u00e9nfasis en la Cuenca del Pac\u00edfico, Desarrollo econ\u00f3mico y social comparado entre M\u00e9xico y pa\u00edses como China, Corea y Jap\u00f3n; Pol\u00edticas p\u00fablicas y competitividad transpac\u00edfica, Organismos internacionales e integraci\u00f3n transpac\u00edfica, Pol\u00edtica y cooperaci\u00f3n internacional, Cultura y sociedad en Asia desde el cine contempor\u00e1neo, Pol\u00edtica energ\u00e9tica en Jap\u00f3n post-Fukushima y Econom\u00eda del conocimiento e industria 5.0 en la Agenda 2030.<\/p>\n\n\n\n<p class=\"wp-block-paragraph\">En la entrevista, el Dr. Ernesto coment\u00f3 que, gracias a estos centros, \u201cla universidad ha sabido visualizar la relevancia de los estudios e investigaciones sobre esta regi\u00f3n, donde destaca la importancia de las relaciones econ\u00f3micas globales de esta zona geogr\u00e1fica, que se ha apuntalado como la m\u00e1s din\u00e1mica e importante del mundo, conectando a M\u00e9xico a trav\u00e9s del puerto de Manzanillo\u201d.<\/p>\n\n\n\n<p class=\"wp-block-paragraph\">Rangel destac\u00f3 tambi\u00e9n, como parte de los festejos, la edici\u00f3n 24 del Seminario Anual de Investigaci\u00f3n sobre la Cuenca del Pac\u00edfico, \u201cconsolidado como un referente en estudios sobre APEC, que integra perspectivas acad\u00e9micas, sociales y gubernamentales, promoviendo una visi\u00f3n integral del desarrollo en la regi\u00f3n\u201d.<\/p>\n\n\n\n<p class=\"wp-block-paragraph\">Llam\u00f3 la atenci\u00f3n en el hecho de que este a\u00f1o es especial, al celebrarse 35 a\u00f1os de estudios sobre la Cuenca del Pac\u00edfico, los 45 a\u00f1os de la Facultad de Econom\u00eda y los 84 de la Universidad de Colima. \u201cAdem\u00e1s se cumplieron 35 a\u00f1os del Mecanismo de Cooperaci\u00f3n Econ\u00f3mica As\u00eda Pac\u00edfico APEC\u201d.<\/p>\n\n\n\n<p class=\"wp-block-paragraph\">En sus 35 a\u00f1os, destac\u00f3 Rangel, el CUEICP ha formado a estudiosos y estudiosas de la regi\u00f3n Asia Pac\u00edfico mediante el Doctorado en Relaciones Transpac\u00edficas. \u201cTambi\u00e9n ha sido posible generar trabajo colaborativo con el sector gubernamental, propiedad intelectual y con el sector privado mediante el estudio de impacto social\u201d.<\/p>\n\n\n\n<p class=\"wp-block-paragraph\">Destac\u00f3 que uno de los logros m\u00e1s recientes en este campo es la presidencia de UMAP, que actualmente le fue otorgada al rector Christian Jorge Torres Ortiz Zerme\u00f1o. UMAP es el acr\u00f3nimo de <em>University Mobility in Asia and the Pacific<\/em>, una asociaci\u00f3n de instituciones de educaci\u00f3n superior y de representantes gubernamentales y no gubernamentales de la regi\u00f3n Asia-Pac\u00edfico. Fue establecida en 1991 con el fin de promover la movilidad acad\u00e9mica entre los pa\u00edses de esta regi\u00f3n y fomentar una mayor comprensi\u00f3n internacional a trav\u00e9s del intercambio de estudiantes y personal universitario.<\/p>\n\n\n\n<p class=\"wp-block-paragraph\">Destac\u00f3 que, gracias a la Cuenca del Pac\u00edfico, la Universidad de Colima cuenta con un centro que apoya el desarrollo local a los productores. \u201cEl Centro ha entendido la responsabilidad de impulsar la investigaci\u00f3n cient\u00edfica y la formaci\u00f3n de recursos humanos que apoyen positivamente la regi\u00f3n; por ello, es significativa la realizaci\u00f3n del Seminario Anual de Investigaci\u00f3n sobre la Cuenca del Pac\u00edfico, donde se abordan los logros y desaf\u00edos del \u00e1rea\u201d. Record\u00f3 que, de este seminario, surgi\u00f3 la propuesta de crear de una Red de Investigadores en materia de G\u00e9nero en la cuenca del Pac\u00edfico.<\/p>\n\n\n\n<p class=\"wp-block-paragraph\">Finalmente, el Dr. Ernesto Rangel destac\u00f3 que el equipo de trabajo del Centro ha desarrollado una profunda conciencia sobre la relevancia de su labor, entendida como parte de un proyecto que perdura en el tiempo y ha sido respaldado por diversas administraciones rectorales. \u201cEste apoyo continuo resalta la pertinencia de los proyectos que fortalecen y enriquecen la vida institucional\u201d.<\/p>\n\n\n\n<figure class=\"wp-block-image size-large\"><img loading=\"lazy\" decoding=\"async\" width=\"1024\" height=\"681\" src=\"https:\/\/diarioavanzada.com.mx\/wp-content\/uploads\/2024\/12\/Celebra-UdeC-35-anos-de-estudios-sobre-la-Cuenca-del-Pacifico_Dr.-Rangel-1024x681.jpg\" alt=\"\" class=\"wp-image-68689\" srcset=\"https:\/\/diarioavanzada.com.mx\/wp-content\/uploads\/2024\/12\/Celebra-UdeC-35-anos-de-estudios-sobre-la-Cuenca-del-Pacifico_Dr.-Rangel-1024x681.jpg 1024w, https:\/\/diarioavanzada.com.mx\/wp-content\/uploads\/2024\/12\/Celebra-UdeC-35-anos-de-estudios-sobre-la-Cuenca-del-Pacifico_Dr.-Rangel-300x200.jpg 300w, https:\/\/diarioavanzada.com.mx\/wp-content\/uploads\/2024\/12\/Celebra-UdeC-35-anos-de-estudios-sobre-la-Cuenca-del-Pacifico_Dr.-Rangel-768x511.jpg 768w, https:\/\/diarioavanzada.com.mx\/wp-content\/uploads\/2024\/12\/Celebra-UdeC-35-anos-de-estudios-sobre-la-Cuenca-del-Pacifico_Dr.-Rangel-1200x798.jpg 1200w, https:\/\/diarioavanzada.com.mx\/wp-content\/uploads\/2024\/12\/Celebra-UdeC-35-anos-de-estudios-sobre-la-Cuenca-del-Pacifico_Dr.-Rangel.jpg 1225w\" sizes=\"auto, (max-width: 1024px) 100vw, 1024px\" \/><\/figure>\n\n\n\n<figure class=\"wp-block-image size-large\"><img loading=\"lazy\" decoding=\"async\" width=\"1024\" height=\"681\" src=\"https:\/\/diarioavanzada.com.mx\/wp-content\/uploads\/2024\/12\/Celebra-UdeC-35-anos-de-estudios-sobre-la-Cuenca-del-Pacifico_Dr.-Rangel_a-1024x681.jpg\" alt=\"\" class=\"wp-image-68690\" srcset=\"https:\/\/diarioavanzada.com.mx\/wp-content\/uploads\/2024\/12\/Celebra-UdeC-35-anos-de-estudios-sobre-la-Cuenca-del-Pacifico_Dr.-Rangel_a-1024x681.jpg 1024w, https:\/\/diarioavanzada.com.mx\/wp-content\/uploads\/2024\/12\/Celebra-UdeC-35-anos-de-estudios-sobre-la-Cuenca-del-Pacifico_Dr.-Rangel_a-300x200.jpg 300w, https:\/\/diarioavanzada.com.mx\/wp-content\/uploads\/2024\/12\/Celebra-UdeC-35-anos-de-estudios-sobre-la-Cuenca-del-Pacifico_Dr.-Rangel_a-768x511.jpg 768w, https:\/\/diarioavanzada.com.mx\/wp-content\/uploads\/2024\/12\/Celebra-UdeC-35-anos-de-estudios-sobre-la-Cuenca-del-Pacifico_Dr.-Rangel_a-1200x798.jpg 1200w, https:\/\/diarioavanzada.com.mx\/wp-content\/uploads\/2024\/12\/Celebra-UdeC-35-anos-de-estudios-sobre-la-Cuenca-del-Pacifico_Dr.-Rangel_a.jpg 1225w\" sizes=\"auto, (max-width: 1024px) 100vw, 1024px\" \/><\/figure>\n\n\n\n<figure class=\"wp-block-image size-large\"><img loading=\"lazy\" decoding=\"async\" width=\"1024\" height=\"681\" src=\"https:\/\/diarioavanzada.com.mx\/wp-content\/uploads\/2024\/12\/Celebra-UdeC-35-anos-de-estudios-sobre-la-Cuenca-del-Pacifico_Dr.-Rangel_b-1024x681.jpg\" alt=\"\" class=\"wp-image-68692\" srcset=\"https:\/\/diarioavanzada.com.mx\/wp-content\/uploads\/2024\/12\/Celebra-UdeC-35-anos-de-estudios-sobre-la-Cuenca-del-Pacifico_Dr.-Rangel_b-1024x681.jpg 1024w, https:\/\/diarioavanzada.com.mx\/wp-content\/uploads\/2024\/12\/Celebra-UdeC-35-anos-de-estudios-sobre-la-Cuenca-del-Pacifico_Dr.-Rangel_b-300x200.jpg 300w, https:\/\/diarioavanzada.com.mx\/wp-content\/uploads\/2024\/12\/Celebra-UdeC-35-anos-de-estudios-sobre-la-Cuenca-del-Pacifico_Dr.-Rangel_b-768x511.jpg 768w, https:\/\/diarioavanzada.com.mx\/wp-content\/uploads\/2024\/12\/Celebra-UdeC-35-anos-de-estudios-sobre-la-Cuenca-del-Pacifico_Dr.-Rangel_b-1200x798.jpg 1200w, https:\/\/diarioavanzada.com.mx\/wp-content\/uploads\/2024\/12\/Celebra-UdeC-35-anos-de-estudios-sobre-la-Cuenca-del-Pacifico_Dr.-Rangel_b.jpg 1225w\" sizes=\"auto, (max-width: 1024px) 100vw, 1024px\" \/><\/figure>\n<div class=\"fb-background-color\">\n\t\t\t  <div \n\t\t\t  \tclass = \"fb-comments\" \n\t\t\t  \tdata-href = \"https:\/\/diarioavanzada.com.mx\/?p=68687\"\n\t\t\t  \tdata-numposts = \"10\"\n\t\t\t  \tdata-lazy = \"true\"\n\t\t\t\tdata-colorscheme = \"light\"\n\t\t\t\tdata-order-by = \"social\"\n\t\t\t\tdata-mobile=true>\n\t\t\t  <\/div><\/div>\n\t\t  <style>\n\t\t    .fb-background-color {\n\t\t\t\tbackground:  !important;\n\t\t\t}\n\t\t\t.fb_iframe_widget_fluid_desktop iframe {\n\t\t\t    width: 100% !important;\n\t\t\t}\n\t\t  <\/style>\n\t\t  ","protected":false},"excerpt":{"rendered":"<p>En esta entrevista, el Dr. Ernesto Rangel reflexiona sobre la importancia del Centro Universitario de Estudios e Investigaciones sobre la Cuenca del Pac\u00edfico y sobre su trabajo al frente de este centro, durante los \u00faltimos 23 a\u00f1os. Colima, M\u00e9xico, Avanzada (12\/12\/2024).- Este a\u00f1o, la Universidad de Colima celebr\u00f3, con una jornada acad\u00e9mica, 35 a\u00f1os de [&hellip;]<\/p>\n","protected":false},"author":7,"featured_media":68710,"comment_status":"closed","ping_status":"closed","sticky":false,"template":"","format":"standard","meta":{"_coblocks_attr":"","_coblocks_dimensions":"","_coblocks_responsive_height":"","_coblocks_accordion_ie_support":"","_crdt_document":"","advanced_seo_description":"","jetpack_seo_html_title":"","jetpack_seo_noindex":false,"_jetpack_memberships_contains_paid_content":false,"footnotes":""},"categories":[19,209,7],"tags":[],"class_list":["post-68687","post","type-post","status-publish","format-standard","has-post-thumbnail","hentry","category-colima","category-importantes","category-noticias"],"jetpack_featured_media_url":"https:\/\/diarioavanzada.com.mx\/wp-content\/uploads\/2024\/12\/img_5616-1.jpg","jetpack-related-posts":[],"jetpack_sharing_enabled":true,"amp_enabled":true,"_links":{"self":[{"href":"https:\/\/diarioavanzada.com.mx\/index.php?rest_route=\/wp\/v2\/posts\/68687","targetHints":{"allow":["GET"]}}],"collection":[{"href":"https:\/\/diarioavanzada.com.mx\/index.php?rest_route=\/wp\/v2\/posts"}],"about":[{"href":"https:\/\/diarioavanzada.com.mx\/index.php?rest_route=\/wp\/v2\/types\/post"}],"author":[{"embeddable":true,"href":"https:\/\/diarioavanzada.com.mx\/index.php?rest_route=\/wp\/v2\/users\/7"}],"replies":[{"embeddable":true,"href":"https:\/\/diarioavanzada.com.mx\/index.php?rest_route=%2Fwp%2Fv2%2Fcomments&post=68687"}],"version-history":[{"count":4,"href":"https:\/\/diarioavanzada.com.mx\/index.php?rest_route=\/wp\/v2\/posts\/68687\/revisions"}],"predecessor-version":[{"id":68709,"href":"https:\/\/diarioavanzada.com.mx\/index.php?rest_route=\/wp\/v2\/posts\/68687\/revisions\/68709"}],"wp:featuredmedia":[{"embeddable":true,"href":"https:\/\/diarioavanzada.com.mx\/index.php?rest_route=\/wp\/v2\/media\/68710"}],"wp:attachment":[{"href":"https:\/\/diarioavanzada.com.mx\/index.php?rest_route=%2Fwp%2Fv2%2Fmedia&parent=68687"}],"wp:term":[{"taxonomy":"category","embeddable":true,"href":"https:\/\/diarioavanzada.com.mx\/index.php?rest_route=%2Fwp%2Fv2%2Fcategories&post=68687"},{"taxonomy":"post_tag","embeddable":true,"href":"https:\/\/diarioavanzada.com.mx\/index.php?rest_route=%2Fwp%2Fv2%2Ftags&post=68687"}],"curies":[{"name":"wp","href":"https:\/\/api.w.org\/{rel}","templated":true}]}}