{"id":68652,"date":"2024-12-12T07:30:41","date_gmt":"2024-12-12T13:30:41","guid":{"rendered":"https:\/\/diarioavanzada.com.mx\/?p=68652"},"modified":"2024-12-12T07:30:41","modified_gmt":"2024-12-12T13:30:41","slug":"desciende-gradualmente-la-competitividad-economica-de-colima","status":"publish","type":"post","link":"https:\/\/diarioavanzada.com.mx\/?p=68652","title":{"rendered":"Desciende gradualmente la competitividad econ\u00f3mica de Colima"},"content":{"rendered":"\n<p class=\"s3 wp-block-paragraph\">Columna<\/p>\n\n\n\n<p class=\"s3 wp-block-paragraph\">El Puercoesp\u00edn&nbsp;<\/p>\n\n\n\n<p class=\"s3 wp-block-paragraph\">La violencia de alto impacto est\u00e1 peg\u00e1ndole a la competitividad de nuestra entidad federativa poniendo en riesgo o, mejor dicho, deteriorando el nivel de nivel de vida de los colimenses.<\/p>\n\n\n\n<p class=\"s3 wp-block-paragraph\">Por eso resulta sorprendente&nbsp;que&nbsp;un slogan publicitario del tercer informe que,&nbsp;m\u00e1s o menos,&nbsp;afirma&nbsp;que Colima tiene el \u00edndice de desempleo m\u00e1s bajo de los \u00faltimos&nbsp;20 a\u00f1os,&nbsp;cuando la econom\u00eda est\u00e1 estancada y la inversi\u00f3n llega muy poca.&nbsp;No hay nada que celebrar. Esa falsedad resulta obscena.&nbsp;<\/p>\n\n\n\n<p class=\"s3 wp-block-paragraph\">Seg\u00fan el&nbsp;\u00edndice&nbsp;de competitividad, elaborado anualmente por el Instituto Mexicano para la Competitividad (IMCO),&nbsp;se basa en el an\u00e1lisis de 50 indicadores que son evaluados&nbsp;en cada estado.&nbsp;<\/p>\n\n\n\n<p class=\"s3 wp-block-paragraph\">Estos indicadores se agrupan en seis sub\u00edndices:&nbsp;innovaci\u00f3n y tecnolog\u00eda;&nbsp;infraestructura;&nbsp;mercado laboral;&nbsp;sociedad&nbsp;y medio ambiente;&nbsp;estado de derecho; y&nbsp;sistema pol\u00edtico y gobiernos.<\/p>\n\n\n\n<p class=\"s3 wp-block-paragraph\">Con base en datos&nbsp;comparativos&nbsp;de 2023, el informe revel\u00f3 que&nbsp;14 estados mostraron mejoras,&nbsp;tres retrocedieron&nbsp;y&nbsp;ocho se mantuvieron sin cambios en su desempe\u00f1o.<\/p>\n\n\n\n<p class=\"s7 wp-block-paragraph\">Colima se encuentra entre los tres que retrocedieron,&nbsp;pues de estar en el lugar n\u00famero 11 descendi\u00f3 cinco lugares,coloc\u00e1ndose en el&nbsp;presente a\u00f1o&nbsp;2024 en el lugar&nbsp;n\u00famero&nbsp;16.&nbsp;Tal y como lo expres\u00f3 la diputada Sof\u00eda Peralta en el Congreso del estado.&nbsp;<\/p>\n\n\n\n<p class=\"s7 wp-block-paragraph\">No cabe duda&nbsp;de que&nbsp;los problemas de inseguridad no han podido ser contenidos,&nbsp;pues el \u00edndice de mujeres asesinadas crece, los polic\u00edas asesinados tambi\u00e9n crece, el \u00edndice de&nbsp;homicidios&nbsp;dolosos en general&nbsp;tambi\u00e9n crecen&nbsp;y, actualmente,&nbsp;por cada cien&nbsp;mil&nbsp;habitantes&nbsp;la tasa siguecreciendo y adem\u00e1s ya no es solo Colima norte donde se concentra la violencia sino que,&nbsp;a ra\u00edz de la toma de mando del gobierno municipal por Rosi Bayardo,&nbsp;la zona sur, es decir, Manzanillo ya est\u00e1 dentro de las ciudades m\u00e1s violentas del mundo.&nbsp;Manzanillo est\u00e1 mostrando s\u00edntomas de descomposici\u00f3n y la gobernadora se siente que levita cuando los medios dicen que ella es la verdadera presidenta municipal, cuando deber\u00eda de ser lo contrario avergonzarse porque lugar donde asume el gobierno de facto se empieza a descomponer.&nbsp;<\/p>\n\n\n\n<p class=\"s7 wp-block-paragraph\">Las finanzas p\u00fablicas siguen sin presentar avances en su restructuraci\u00f3n que sumadas a la crisis secular del&nbsp;Ipecolrepresentan un serio problema en las finanzas p\u00fablicas, es un problema que ya no se habla considerando con ello que as\u00ed va a desaparecer el problema. &nbsp;<\/p>\n\n\n\n<p class=\"s7 wp-block-paragraph\">Y finalmente la econ\u00f3mica estatal retrocedi\u00f3 cinco lugares como lo se\u00f1ale al principio. El nivel de vida pronto se sentir\u00e1 a la baja,&nbsp;estamos a nada de empezar a sentir su impacto.<\/p>\n\n\n\n<p class=\"s7 wp-block-paragraph\">Por ejemplo,&nbsp;en materia de apreciaci\u00f3n&nbsp;ya 8&nbsp;colimenses de cada 10 se sienten inseguros.<\/p>\n\n\n\n<p class=\"s7 wp-block-paragraph\">Sin embargo, el gobierno estatal sigue en la autocomplacencia e insistir en que todo va bien. Por otro&nbsp;lado,&nbsp;el Gobierno de M\u00e9xico tiene a Colima entre los estados prioritarios para aplicar la nueva&nbsp;estrategia de seguridad p\u00fablica. Esperemos que pronto Omar Garc\u00eda&nbsp;Harfuch&nbsp;se desocupe en Sinaloa y se empiecen a&nbsp;concentrarse&nbsp;en elestado&nbsp;de Colima.<\/p>\n\n\n\n<p class=\"s7 wp-block-paragraph\">Bien lo sintetiza el peri\u00f3dico Exc\u00e9lsior en su columna Frentes Pol\u00edticos publicada el d\u00eda 7 de diciembre del a\u00f1o en curso que dice textualmente: \u201cMitad de nada. Indira Vizca\u00edno llega a la mitad de su mandato con un r\u00e9cord digno de olvido. Prometi\u00f3 la transformaci\u00f3n para Colima, pero entrega un estado sumido en la inseguridad y la precariedad. Los millones de pesos invertidos no lograron ocultar que Colima es de las entidades m\u00e1s violentas del pa\u00eds. \u00bfInfraestructura? Baches y penumbras en las calles dan fe de sus \u201cavances\u201d \u00bfEconom\u00eda? Un d\u00e9ficit maquillado con puras excusas. Si la \u201cMitad de nada\u201d es el legado de Vizca\u00edno, que nadie espere un cierre con broche de oro. La responsabilidad recae en ella y su equipo.\u201d<\/p>\n\n\n\n<p class=\"s7 wp-block-paragraph\">Efectivamente la administraci\u00f3n de Indira ser\u00e1 una administraci\u00f3n para el olvido.<\/p>\n\n\n\n<p class=\"s7 wp-block-paragraph\">La presidenta&nbsp;de M\u00e9xico,&nbsp;en Acapulco,&nbsp;expres\u00f3 en la reuni\u00f3n nacional de gobernadores y Consejo de Seguridadque si \u201cLa coordinaci\u00f3n no se puede dar si no est\u00e1 la cabeza\u201d (\u2026) \u201cDonde el gobierno est\u00e1 al frente se nota\u2026donde no, siempre hay problemas.\u201d<\/p>\n\n\n\n<p class=\"s7 wp-block-paragraph\">En Colima nadie est\u00e1 al frente, no hay cabeza que lidere, y la descomposici\u00f3n empieza a observarse.&nbsp;<\/p>\n\n\n\n<p class=\"s7 wp-block-paragraph\">&nbsp;<\/p>\n\n\n\n<p class=\"s7 wp-block-paragraph\">&nbsp;<\/p>\n<div class=\"fb-background-color\">\n\t\t\t  <div \n\t\t\t  \tclass = \"fb-comments\" \n\t\t\t  \tdata-href = \"https:\/\/diarioavanzada.com.mx\/?p=68652\"\n\t\t\t  \tdata-numposts = \"10\"\n\t\t\t  \tdata-lazy = \"true\"\n\t\t\t\tdata-colorscheme = \"light\"\n\t\t\t\tdata-order-by = \"social\"\n\t\t\t\tdata-mobile=true>\n\t\t\t  <\/div><\/div>\n\t\t  <style>\n\t\t    .fb-background-color {\n\t\t\t\tbackground:  !important;\n\t\t\t}\n\t\t\t.fb_iframe_widget_fluid_desktop iframe {\n\t\t\t    width: 100% !important;\n\t\t\t}\n\t\t  <\/style>\n\t\t  ","protected":false},"excerpt":{"rendered":"<p>Columna El Puercoesp\u00edn&nbsp; La violencia de alto impacto est\u00e1 peg\u00e1ndole a la competitividad de nuestra entidad federativa poniendo en riesgo o, mejor dicho, deteriorando el nivel de nivel de vida de los colimenses. Por eso resulta sorprendente&nbsp;que&nbsp;un slogan publicitario del tercer informe que,&nbsp;m\u00e1s o menos,&nbsp;afirma&nbsp;que Colima tiene el \u00edndice de desempleo m\u00e1s bajo de los [&hellip;]<\/p>\n","protected":false},"author":9,"featured_media":68653,"comment_status":"closed","ping_status":"closed","sticky":false,"template":"","format":"standard","meta":{"_coblocks_attr":"","_coblocks_dimensions":"","_coblocks_responsive_height":"","_coblocks_accordion_ie_support":"","advanced_seo_description":"","jetpack_seo_html_title":"","jetpack_seo_noindex":false,"jetpack_seo_schema_type":"","_jetpack_newsletter_access":"","_jetpack_dont_email_post_to_subs":false,"_jetpack_newsletter_tier_id":0,"_jetpack_memberships_contains_paywalled_content":false,"_wpcom_ai_launchpad_first_post":false,"_jetpack_feature_clip_id":0,"_jetpack_memberships_contains_paid_content":false,"footnotes":"","jetpack_post_was_ever_published":false},"categories":[19,209,7,24],"tags":[],"class_list":["post-68652","post","type-post","status-publish","format-standard","has-post-thumbnail","hentry","category-colima","category-importantes","category-noticias","category-opinion"],"jetpack-related-posts":[],"jetpack_sharing_enabled":true,"amp_enabled":true,"jetpack_featured_media_url":"https:\/\/diarioavanzada.com.mx\/wp-content\/uploads\/2024\/12\/img_5608-1.jpg","_links":{"self":[{"href":"https:\/\/diarioavanzada.com.mx\/index.php?rest_route=\/wp\/v2\/posts\/68652","targetHints":{"allow":["GET"]}}],"collection":[{"href":"https:\/\/diarioavanzada.com.mx\/index.php?rest_route=\/wp\/v2\/posts"}],"about":[{"href":"https:\/\/diarioavanzada.com.mx\/index.php?rest_route=\/wp\/v2\/types\/post"}],"author":[{"embeddable":true,"href":"https:\/\/diarioavanzada.com.mx\/index.php?rest_route=\/wp\/v2\/users\/9"}],"replies":[{"embeddable":true,"href":"https:\/\/diarioavanzada.com.mx\/index.php?rest_route=%2Fwp%2Fv2%2Fcomments&post=68652"}],"version-history":[{"count":1,"href":"https:\/\/diarioavanzada.com.mx\/index.php?rest_route=\/wp\/v2\/posts\/68652\/revisions"}],"predecessor-version":[{"id":68654,"href":"https:\/\/diarioavanzada.com.mx\/index.php?rest_route=\/wp\/v2\/posts\/68652\/revisions\/68654"}],"wp:featuredmedia":[{"embeddable":true,"href":"https:\/\/diarioavanzada.com.mx\/index.php?rest_route=\/wp\/v2\/media\/68653"}],"wp:attachment":[{"href":"https:\/\/diarioavanzada.com.mx\/index.php?rest_route=%2Fwp%2Fv2%2Fmedia&parent=68652"}],"wp:term":[{"taxonomy":"category","embeddable":true,"href":"https:\/\/diarioavanzada.com.mx\/index.php?rest_route=%2Fwp%2Fv2%2Fcategories&post=68652"},{"taxonomy":"post_tag","embeddable":true,"href":"https:\/\/diarioavanzada.com.mx\/index.php?rest_route=%2Fwp%2Fv2%2Ftags&post=68652"}],"curies":[{"name":"wp","href":"https:\/\/api.w.org\/{rel}","templated":true}]}}