{"id":68625,"date":"2024-12-11T22:36:28","date_gmt":"2024-12-12T04:36:28","guid":{"rendered":"https:\/\/diarioavanzada.com.mx\/?p=68625"},"modified":"2024-12-11T22:36:28","modified_gmt":"2024-12-12T04:36:28","slug":"el-presidente-riult-rivera-impulsa-el-embellecimiento-urbano-con-nuevo-equipamiento","status":"publish","type":"post","link":"https:\/\/diarioavanzada.com.mx\/?p=68625","title":{"rendered":"El Presidente Riult Rivera impulsa el embellecimiento urbano con nuevo equipamiento"},"content":{"rendered":"\n<p class=\"wp-block-paragraph\"><em>Anuncia alcalde adquisici\u00f3n de nuevos veh\u00edculos para facilitar el trabajo del personal.<\/em><\/p>\n\n\n\n<p class=\"wp-block-paragraph\">Colima, M\u00e9xico, Comunicado (11\/12\/2024).- El presidente municipal Riult Rivera Guti\u00e9rrez entreg\u00f3 hoy nuevo equipo y herramientas al personal de Servicios P\u00fablicos, reforzando as\u00ed el compromiso de su administraci\u00f3n por una ciudad m\u00e1s limpia y hermosa.<\/p>\n\n\n\n<p class=\"wp-block-paragraph\">En compa\u00f1\u00eda de la directora del \u00e1rea, Ana Escobosa Galindo, la representaci\u00f3n sindical y de funcionarios municipales, el alcalde se\u00f1al\u00f3 que con esta entrega, que incluye desbrozadoras, palas, rastrillos y otros implementos, se busca optimizar las labores de mantenimiento y embellecimiento de los espacios p\u00fablicos, mejorando as\u00ed la calidad de vida de los colimenses.<\/p>\n\n\n\n<p class=\"wp-block-paragraph\">&#8220;Sabemos que para ofrecer un buen servicio es indispensable contar con las herramientas adecuadas&#8221;, afirm\u00f3 el alcalde Rivera. En ese sentido, dijo que se est\u00e1 invirtiendo en equipar al personal y buscando la manera de adquirir nuevos veh\u00edculos para agilizar las tareas de limpieza y rehabilitaci\u00f3n de la ciudad.<\/p>\n\n\n\n<p class=\"wp-block-paragraph\">Durante el evento, el presidente municipal destac\u00f3 los avances logrados en los primeros meses de su gesti\u00f3n, resaltando la importancia del trabajo en equipo y la dedicaci\u00f3n de los empleados municipales, todo ello con la finalidad de bridarle una mejor atenci\u00f3n y servicio a la ciudadan\u00eda que permita construir Otro Colima m\u00e0s limpio y ordenado.<\/p>\n\n\n\n<p class=\"wp-block-paragraph\">&#8220;A pesar de los desaf\u00edos econ\u00f3micos que enfrentamos, seguiremos trabajando arduamente para construir un Colima m\u00e1s limpio y ordenado&#8221;, asegur\u00f3 el Presidente Riutl Rivera, indicando que &#8220;on este nuevo equipo, estamos dando un paso importante hacia ese objetivo&#8221;, concluy\u00f3.<\/p>\n\n\n\n<figure class=\"wp-block-image size-large\"><img loading=\"lazy\" decoding=\"async\" width=\"1024\" height=\"683\" src=\"https:\/\/diarioavanzada.com.mx\/wp-content\/uploads\/2024\/12\/9c6f2fd7-a4cb-4424-80e2-93dbce6a768b-1-1024x683.jpg\" class=\"wp-image-68621\" srcset=\"https:\/\/diarioavanzada.com.mx\/wp-content\/uploads\/2024\/12\/9c6f2fd7-a4cb-4424-80e2-93dbce6a768b-1-1024x683.jpg 1024w, https:\/\/diarioavanzada.com.mx\/wp-content\/uploads\/2024\/12\/9c6f2fd7-a4cb-4424-80e2-93dbce6a768b-1-300x200.jpg 300w, https:\/\/diarioavanzada.com.mx\/wp-content\/uploads\/2024\/12\/9c6f2fd7-a4cb-4424-80e2-93dbce6a768b-1-768x512.jpg 768w, https:\/\/diarioavanzada.com.mx\/wp-content\/uploads\/2024\/12\/9c6f2fd7-a4cb-4424-80e2-93dbce6a768b-1.jpg 1280w\" sizes=\"auto, (max-width: 1024px) 100vw, 1024px\" \/><\/figure>\n\n\n\n<figure class=\"wp-block-image size-large\"><img loading=\"lazy\" decoding=\"async\" width=\"1024\" height=\"683\" src=\"https:\/\/diarioavanzada.com.mx\/wp-content\/uploads\/2024\/12\/97b87a11-8823-4458-9732-3d02badd0259-1-1024x683.jpg\" class=\"wp-image-68622\" srcset=\"https:\/\/diarioavanzada.com.mx\/wp-content\/uploads\/2024\/12\/97b87a11-8823-4458-9732-3d02badd0259-1-1024x683.jpg 1024w, https:\/\/diarioavanzada.com.mx\/wp-content\/uploads\/2024\/12\/97b87a11-8823-4458-9732-3d02badd0259-1-300x200.jpg 300w, https:\/\/diarioavanzada.com.mx\/wp-content\/uploads\/2024\/12\/97b87a11-8823-4458-9732-3d02badd0259-1-768x512.jpg 768w, https:\/\/diarioavanzada.com.mx\/wp-content\/uploads\/2024\/12\/97b87a11-8823-4458-9732-3d02badd0259-1.jpg 1280w\" sizes=\"auto, (max-width: 1024px) 100vw, 1024px\" \/><\/figure>\n\n\n\n<figure class=\"wp-block-image size-large\"><img loading=\"lazy\" decoding=\"async\" width=\"1024\" height=\"683\" src=\"https:\/\/diarioavanzada.com.mx\/wp-content\/uploads\/2024\/12\/36fdaafd-dd30-495b-88f6-ef2f08991a5c-1-1024x683.jpg\" class=\"wp-image-68623\" srcset=\"https:\/\/diarioavanzada.com.mx\/wp-content\/uploads\/2024\/12\/36fdaafd-dd30-495b-88f6-ef2f08991a5c-1-1024x683.jpg 1024w, https:\/\/diarioavanzada.com.mx\/wp-content\/uploads\/2024\/12\/36fdaafd-dd30-495b-88f6-ef2f08991a5c-1-300x200.jpg 300w, https:\/\/diarioavanzada.com.mx\/wp-content\/uploads\/2024\/12\/36fdaafd-dd30-495b-88f6-ef2f08991a5c-1-768x512.jpg 768w, https:\/\/diarioavanzada.com.mx\/wp-content\/uploads\/2024\/12\/36fdaafd-dd30-495b-88f6-ef2f08991a5c-1.jpg 1280w\" sizes=\"auto, (max-width: 1024px) 100vw, 1024px\" \/><\/figure>\n<div class=\"fb-background-color\">\n\t\t\t  <div \n\t\t\t  \tclass = \"fb-comments\" \n\t\t\t  \tdata-href = \"https:\/\/diarioavanzada.com.mx\/?p=68625\"\n\t\t\t  \tdata-numposts = \"10\"\n\t\t\t  \tdata-lazy = \"true\"\n\t\t\t\tdata-colorscheme = \"light\"\n\t\t\t\tdata-order-by = \"social\"\n\t\t\t\tdata-mobile=true>\n\t\t\t  <\/div><\/div>\n\t\t  <style>\n\t\t    .fb-background-color {\n\t\t\t\tbackground:  !important;\n\t\t\t}\n\t\t\t.fb_iframe_widget_fluid_desktop iframe {\n\t\t\t    width: 100% !important;\n\t\t\t}\n\t\t  <\/style>\n\t\t  ","protected":false},"excerpt":{"rendered":"<p>Anuncia alcalde adquisici\u00f3n de nuevos veh\u00edculos para facilitar el trabajo del personal. Colima, M\u00e9xico, Comunicado (11\/12\/2024).- El presidente municipal Riult Rivera Guti\u00e9rrez entreg\u00f3 hoy nuevo equipo y herramientas al personal de Servicios P\u00fablicos, reforzando as\u00ed el compromiso de su administraci\u00f3n por una ciudad m\u00e1s limpia y hermosa. En compa\u00f1\u00eda de la directora del \u00e1rea, Ana [&hellip;]<\/p>\n","protected":false},"author":7,"featured_media":68624,"comment_status":"closed","ping_status":"closed","sticky":false,"template":"","format":"standard","meta":{"_coblocks_attr":"","_coblocks_dimensions":"","_coblocks_responsive_height":"","_coblocks_accordion_ie_support":"","_crdt_document":"","advanced_seo_description":"","jetpack_seo_html_title":"","jetpack_seo_noindex":false,"_jetpack_memberships_contains_paid_content":false,"footnotes":""},"categories":[19,209],"tags":[],"class_list":["post-68625","post","type-post","status-publish","format-standard","has-post-thumbnail","hentry","category-colima","category-importantes"],"jetpack_featured_media_url":"https:\/\/diarioavanzada.com.mx\/wp-content\/uploads\/2024\/12\/3d068dfb-8cdb-46c7-abb5-9237027d7ac1-1.jpg","jetpack-related-posts":[],"jetpack_sharing_enabled":true,"amp_enabled":true,"_links":{"self":[{"href":"https:\/\/diarioavanzada.com.mx\/index.php?rest_route=\/wp\/v2\/posts\/68625","targetHints":{"allow":["GET"]}}],"collection":[{"href":"https:\/\/diarioavanzada.com.mx\/index.php?rest_route=\/wp\/v2\/posts"}],"about":[{"href":"https:\/\/diarioavanzada.com.mx\/index.php?rest_route=\/wp\/v2\/types\/post"}],"author":[{"embeddable":true,"href":"https:\/\/diarioavanzada.com.mx\/index.php?rest_route=\/wp\/v2\/users\/7"}],"replies":[{"embeddable":true,"href":"https:\/\/diarioavanzada.com.mx\/index.php?rest_route=%2Fwp%2Fv2%2Fcomments&post=68625"}],"version-history":[{"count":0,"href":"https:\/\/diarioavanzada.com.mx\/index.php?rest_route=\/wp\/v2\/posts\/68625\/revisions"}],"wp:featuredmedia":[{"embeddable":true,"href":"https:\/\/diarioavanzada.com.mx\/index.php?rest_route=\/wp\/v2\/media\/68624"}],"wp:attachment":[{"href":"https:\/\/diarioavanzada.com.mx\/index.php?rest_route=%2Fwp%2Fv2%2Fmedia&parent=68625"}],"wp:term":[{"taxonomy":"category","embeddable":true,"href":"https:\/\/diarioavanzada.com.mx\/index.php?rest_route=%2Fwp%2Fv2%2Fcategories&post=68625"},{"taxonomy":"post_tag","embeddable":true,"href":"https:\/\/diarioavanzada.com.mx\/index.php?rest_route=%2Fwp%2Fv2%2Ftags&post=68625"}],"curies":[{"name":"wp","href":"https:\/\/api.w.org\/{rel}","templated":true}]}}