{"id":68589,"date":"2024-12-11T21:35:59","date_gmt":"2024-12-12T03:35:59","guid":{"rendered":"https:\/\/diarioavanzada.com.mx\/?p=68589"},"modified":"2024-12-11T21:36:52","modified_gmt":"2024-12-12T03:36:52","slug":"presentan-en-la-fil-2024-el-libro-moneros-por-moneros-editado-por-la-udec","status":"publish","type":"post","link":"https:\/\/diarioavanzada.com.mx\/?p=68589","title":{"rendered":"Presentan en la FIL 2024 el libro Moneros por Moneros, editado por la UdeC"},"content":{"rendered":"\n<p class=\"wp-block-paragraph\"><em>En su interior, 26 artistas contribuyen con sus trazos y experiencias para ofrecer un retrato del panorama monero en M\u00e9xico.<\/em><\/p>\n\n\n\n<p class=\"wp-block-paragraph\">Colima, M\u00e9xico, Avanzada (11\/12\/2024).- La Feria Internacional del Libro (FIL) Guadalajara 2024 fue el escenario para la presentaci\u00f3n del libro <em>Moneros por moneros<\/em>, una obra colectiva coordinada por Patricia Ayala Garc\u00eda y Juan Pedro Delgado.<\/p>\n\n\n\n<p class=\"wp-block-paragraph\">Publicado por la Universidad de Colima, este libro es el resultado de seis a\u00f1os de trabajo creativo y colaboraci\u00f3n. En su interior, 26 artistas contribuyen con sus trazos y experiencias para ofrecer un retrato del panorama monero en M\u00e9xico, a trav\u00e9s de 26 moneras y moneros que han dejado una huella indeleble no solo en el \u00e1mbito art\u00edstico, sino tambi\u00e9n en el imaginario colectivo de las y los lectores.<\/p>\n\n\n\n<p class=\"wp-block-paragraph\">La presentaci\u00f3n se llev\u00f3 a cabo en el Sal\u00f3n del C\u00f3mic, donde Patricia Ayala Garc\u00eda y Lou Garcidue\u00f1as ofrecieron comentarios sobre la obra. Ambas destacaron el reto que implica crear un libro ilustrado sobre moneros, subrayando el equilibrio que debe existir entre el humor y la profundidad cultural que caracteriza al proyecto.<\/p>\n\n\n\n<p class=\"wp-block-paragraph\"><em>Moneros por moneros<\/em> no es solo una recopilaci\u00f3n de ilustraciones, sino una fusi\u00f3n de creatividad visual y narrativa que captura la esencia y el estilo \u00fanico de cada artista. Es un tributo a la capacidad de los moneros para retratar los matices de la realidad con ingenio y perspicacia, dijeron su coordinador y coordinadora.<\/p>\n\n\n\n<p class=\"wp-block-paragraph\">Durante el evento, se reflexion\u00f3 sobre la relevancia de los moneros en el contexto actual, explorando c\u00f3mo cada ilustraci\u00f3n no solo cuenta una historia, sino que revela el alma de sus creadores. La presentaci\u00f3n se convirti\u00f3 en un espacio de risas, an\u00e1lisis profundo y una celebraci\u00f3n de la creatividad art\u00edstica.<\/p>\n\n\n\n<p class=\"wp-block-paragraph\">El libro incluye a Jos\u00e9 Guadalupe Posada, Ernesto Garc\u00eda Cabral, Gabriel Vargas, Bismarck Mier, Gaspar Bola\u00f1os, Joaqu\u00edn Cervantes Bassoco, Antonio Arias Bernal, Abel Quezada, Jorge Carre\u00f1o Alvarado, Leopoldo Zea Salas, Alberto Isaac, Eduardo del R\u00edo \u201cRius\u201d, Helio Flores, Rogelio \u201cNaranjo\u201d, Sergio Aragon\u00e9s, Mag\u00fa, Sergio Arau, Jos\u00e9 Ignacio Sol\u00f3rzano \u201cJis\u201d, Jos\u00e9 Trinidad Camacho \u201cTrino\u201d, Antonio Helguera, Sixto Valencia, Cecilia Pego, Jos\u00e9 Hern\u00e1ndez, Jos\u00e9 <em>Ladr\u00f6n<\/em>, Ra\u00fal Trevi\u00f1o y Tania Camacho<\/p>\n\n\n\n<p class=\"wp-block-paragraph\">En la introducci\u00f3n del libro, Patricia Ayala dice que <em>Moneros por moneros<\/em> \u201ces una antolog\u00eda de relatos biogr\u00e1ficos de las y los m\u00e1s importantes narradores gr\u00e1ficos del pa\u00eds. Hay muchos, muchos m\u00e1s y, si todo sale bien, se completar\u00e1 la antolog\u00eda pr\u00f3ximamente. Mientras tanto, les invito a conocer a 26 moneras y moneros mexicanos que dejaron huella no s\u00f3lo en el panorama art\u00edstico, sino en la mente y el coraz\u00f3n de quienes participan en esta publicaci\u00f3n\u201d.<\/p>\n\n\n\n<p class=\"wp-block-paragraph\">Patricia Ayala Garc\u00eda ha participado como ponente en encuentros internacionales sobre c\u00f3mics en ciudades como Nueva York, Estocolmo y \u00c1msterdam. En 2016, fue invitada a la Comic Con Internacional de San Diego.<\/p>\n\n\n\n<p class=\"wp-block-paragraph\">Por su parte, Juan Pedro Delgado dise\u00f1\u00f3 y dirigi\u00f3 el lanzamiento del Programa de Formaci\u00f3n para Talento Especializado (2021-2022) para el Centro Internacional de Animaci\u00f3n Taller del Chucho. Desde 2023, se desempe\u00f1a como director Cultural del Consejo Estatal para la Cultura y las Artes de Nayarit.<\/p>\n\n\n\n<p class=\"wp-block-paragraph\">La Universidad de Colima invita al p\u00fablico en general, especialmente a quienes disfrutan del c\u00f3mic y la ilustraci\u00f3n, a descargar de manera gratuita este libro en el siguiente enlace: <a href=\"https:\/\/doi.org\/10.53897\/LI.2024.0023.UCOL\">https:\/\/doi.org\/10.53897\/LI.2024.0023.UCOL<\/a>.<\/p>\n\n\n\n<figure class=\"wp-block-image size-full\"><img loading=\"lazy\" decoding=\"async\" width=\"975\" height=\"638\" src=\"https:\/\/diarioavanzada.com.mx\/wp-content\/uploads\/2024\/12\/Presentan-el-libro-Moneros-para-moneros-en-la-FIL-2024_a-1.jpeg\" alt=\"\" class=\"wp-image-68591\" srcset=\"https:\/\/diarioavanzada.com.mx\/wp-content\/uploads\/2024\/12\/Presentan-el-libro-Moneros-para-moneros-en-la-FIL-2024_a-1.jpeg 975w, https:\/\/diarioavanzada.com.mx\/wp-content\/uploads\/2024\/12\/Presentan-el-libro-Moneros-para-moneros-en-la-FIL-2024_a-1-300x196.jpeg 300w, https:\/\/diarioavanzada.com.mx\/wp-content\/uploads\/2024\/12\/Presentan-el-libro-Moneros-para-moneros-en-la-FIL-2024_a-1-768x503.jpeg 768w\" sizes=\"auto, (max-width: 975px) 100vw, 975px\" \/><\/figure>\n\n\n\n<figure class=\"wp-block-image size-large\"><img loading=\"lazy\" decoding=\"async\" width=\"1024\" height=\"563\" src=\"https:\/\/diarioavanzada.com.mx\/wp-content\/uploads\/2024\/12\/Presentan-el-libro-Moneros-para-moneros-en-la-FIL-2024_d-1024x563.jpeg\" alt=\"\" class=\"wp-image-68593\" srcset=\"https:\/\/diarioavanzada.com.mx\/wp-content\/uploads\/2024\/12\/Presentan-el-libro-Moneros-para-moneros-en-la-FIL-2024_d-1024x563.jpeg 1024w, https:\/\/diarioavanzada.com.mx\/wp-content\/uploads\/2024\/12\/Presentan-el-libro-Moneros-para-moneros-en-la-FIL-2024_d-300x165.jpeg 300w, https:\/\/diarioavanzada.com.mx\/wp-content\/uploads\/2024\/12\/Presentan-el-libro-Moneros-para-moneros-en-la-FIL-2024_d-768x422.jpeg 768w, https:\/\/diarioavanzada.com.mx\/wp-content\/uploads\/2024\/12\/Presentan-el-libro-Moneros-para-moneros-en-la-FIL-2024_d-1536x844.jpeg 1536w, https:\/\/diarioavanzada.com.mx\/wp-content\/uploads\/2024\/12\/Presentan-el-libro-Moneros-para-moneros-en-la-FIL-2024_d-1200x659.jpeg 1200w, https:\/\/diarioavanzada.com.mx\/wp-content\/uploads\/2024\/12\/Presentan-el-libro-Moneros-para-moneros-en-la-FIL-2024_d.jpeg 1567w\" sizes=\"auto, (max-width: 1024px) 100vw, 1024px\" \/><\/figure>\n\n\n\n<figure class=\"wp-block-image size-large\"><img loading=\"lazy\" decoding=\"async\" width=\"1024\" height=\"781\" src=\"https:\/\/diarioavanzada.com.mx\/wp-content\/uploads\/2024\/12\/Presentan-el-libro-Moneros-para-moneros-en-la-FIL-2024_b-1024x781.jpeg\" alt=\"\" class=\"wp-image-68594\" srcset=\"https:\/\/diarioavanzada.com.mx\/wp-content\/uploads\/2024\/12\/Presentan-el-libro-Moneros-para-moneros-en-la-FIL-2024_b-1024x781.jpeg 1024w, https:\/\/diarioavanzada.com.mx\/wp-content\/uploads\/2024\/12\/Presentan-el-libro-Moneros-para-moneros-en-la-FIL-2024_b-300x229.jpeg 300w, https:\/\/diarioavanzada.com.mx\/wp-content\/uploads\/2024\/12\/Presentan-el-libro-Moneros-para-moneros-en-la-FIL-2024_b-768x586.jpeg 768w, https:\/\/diarioavanzada.com.mx\/wp-content\/uploads\/2024\/12\/Presentan-el-libro-Moneros-para-moneros-en-la-FIL-2024_b.jpeg 1097w\" sizes=\"auto, (max-width: 1024px) 100vw, 1024px\" \/><\/figure>\n\n\n\n<figure class=\"wp-block-image size-large\"><img loading=\"lazy\" decoding=\"async\" width=\"1024\" height=\"475\" src=\"https:\/\/diarioavanzada.com.mx\/wp-content\/uploads\/2024\/12\/Presentan-el-libro-Moneros-para-moneros-en-la-FIL-2024_Autores-1024x475.jpeg\" alt=\"\" class=\"wp-image-68596\" srcset=\"https:\/\/diarioavanzada.com.mx\/wp-content\/uploads\/2024\/12\/Presentan-el-libro-Moneros-para-moneros-en-la-FIL-2024_Autores-1024x475.jpeg 1024w, https:\/\/diarioavanzada.com.mx\/wp-content\/uploads\/2024\/12\/Presentan-el-libro-Moneros-para-moneros-en-la-FIL-2024_Autores-300x139.jpeg 300w, https:\/\/diarioavanzada.com.mx\/wp-content\/uploads\/2024\/12\/Presentan-el-libro-Moneros-para-moneros-en-la-FIL-2024_Autores-768x356.jpeg 768w, https:\/\/diarioavanzada.com.mx\/wp-content\/uploads\/2024\/12\/Presentan-el-libro-Moneros-para-moneros-en-la-FIL-2024_Autores.jpeg 1139w\" sizes=\"auto, (max-width: 1024px) 100vw, 1024px\" \/><\/figure>\n\n\n\n<figure class=\"wp-block-image size-large\"><img loading=\"lazy\" decoding=\"async\" width=\"1024\" height=\"757\" src=\"https:\/\/diarioavanzada.com.mx\/wp-content\/uploads\/2024\/12\/Presentan-el-libro-Moneros-para-moneros-en-la-FIL-2024-1024x757.jpeg\" alt=\"\" class=\"wp-image-68597\" srcset=\"https:\/\/diarioavanzada.com.mx\/wp-content\/uploads\/2024\/12\/Presentan-el-libro-Moneros-para-moneros-en-la-FIL-2024-1024x757.jpeg 1024w, https:\/\/diarioavanzada.com.mx\/wp-content\/uploads\/2024\/12\/Presentan-el-libro-Moneros-para-moneros-en-la-FIL-2024-300x222.jpeg 300w, https:\/\/diarioavanzada.com.mx\/wp-content\/uploads\/2024\/12\/Presentan-el-libro-Moneros-para-moneros-en-la-FIL-2024-768x568.jpeg 768w, https:\/\/diarioavanzada.com.mx\/wp-content\/uploads\/2024\/12\/Presentan-el-libro-Moneros-para-moneros-en-la-FIL-2024-1200x887.jpeg 1200w, https:\/\/diarioavanzada.com.mx\/wp-content\/uploads\/2024\/12\/Presentan-el-libro-Moneros-para-moneros-en-la-FIL-2024.jpeg 1493w\" sizes=\"auto, (max-width: 1024px) 100vw, 1024px\" \/><\/figure>\n\n\n\n<figure class=\"wp-block-image size-large\"><img loading=\"lazy\" decoding=\"async\" width=\"1024\" height=\"567\" src=\"https:\/\/diarioavanzada.com.mx\/wp-content\/uploads\/2024\/12\/Presentan-el-libro-Moneros-para-moneros-en-la-FIL-2024_e-1024x567.jpeg\" alt=\"\" class=\"wp-image-68598\" srcset=\"https:\/\/diarioavanzada.com.mx\/wp-content\/uploads\/2024\/12\/Presentan-el-libro-Moneros-para-moneros-en-la-FIL-2024_e-1024x567.jpeg 1024w, https:\/\/diarioavanzada.com.mx\/wp-content\/uploads\/2024\/12\/Presentan-el-libro-Moneros-para-moneros-en-la-FIL-2024_e-300x166.jpeg 300w, https:\/\/diarioavanzada.com.mx\/wp-content\/uploads\/2024\/12\/Presentan-el-libro-Moneros-para-moneros-en-la-FIL-2024_e-768x425.jpeg 768w, https:\/\/diarioavanzada.com.mx\/wp-content\/uploads\/2024\/12\/Presentan-el-libro-Moneros-para-moneros-en-la-FIL-2024_e-1536x851.jpeg 1536w, https:\/\/diarioavanzada.com.mx\/wp-content\/uploads\/2024\/12\/Presentan-el-libro-Moneros-para-moneros-en-la-FIL-2024_e-1200x665.jpeg 1200w, https:\/\/diarioavanzada.com.mx\/wp-content\/uploads\/2024\/12\/Presentan-el-libro-Moneros-para-moneros-en-la-FIL-2024_e.jpeg 1578w\" sizes=\"auto, (max-width: 1024px) 100vw, 1024px\" \/><\/figure>\n\n\n\n<figure class=\"wp-block-image size-large\"><img loading=\"lazy\" decoding=\"async\" width=\"1024\" height=\"712\" src=\"https:\/\/diarioavanzada.com.mx\/wp-content\/uploads\/2024\/12\/Presentan-el-libro-Moneros-para-moneros-en-la-FIL-2024_Paty-Ayala-al-centro-1024x712.jpeg\" alt=\"\" class=\"wp-image-68600\" srcset=\"https:\/\/diarioavanzada.com.mx\/wp-content\/uploads\/2024\/12\/Presentan-el-libro-Moneros-para-moneros-en-la-FIL-2024_Paty-Ayala-al-centro-1024x712.jpeg 1024w, https:\/\/diarioavanzada.com.mx\/wp-content\/uploads\/2024\/12\/Presentan-el-libro-Moneros-para-moneros-en-la-FIL-2024_Paty-Ayala-al-centro-300x208.jpeg 300w, https:\/\/diarioavanzada.com.mx\/wp-content\/uploads\/2024\/12\/Presentan-el-libro-Moneros-para-moneros-en-la-FIL-2024_Paty-Ayala-al-centro-768x534.jpeg 768w, https:\/\/diarioavanzada.com.mx\/wp-content\/uploads\/2024\/12\/Presentan-el-libro-Moneros-para-moneros-en-la-FIL-2024_Paty-Ayala-al-centro.jpeg 1036w\" sizes=\"auto, (max-width: 1024px) 100vw, 1024px\" \/><\/figure>\n\n\n\n<figure class=\"wp-block-image size-full\"><img loading=\"lazy\" decoding=\"async\" width=\"998\" height=\"783\" src=\"https:\/\/diarioavanzada.com.mx\/wp-content\/uploads\/2024\/12\/Presentan-el-libro-Moneros-para-moneros-en-la-FIL-2024_Muestra.jpeg\" alt=\"\" class=\"wp-image-68601\" srcset=\"https:\/\/diarioavanzada.com.mx\/wp-content\/uploads\/2024\/12\/Presentan-el-libro-Moneros-para-moneros-en-la-FIL-2024_Muestra.jpeg 998w, https:\/\/diarioavanzada.com.mx\/wp-content\/uploads\/2024\/12\/Presentan-el-libro-Moneros-para-moneros-en-la-FIL-2024_Muestra-300x235.jpeg 300w, https:\/\/diarioavanzada.com.mx\/wp-content\/uploads\/2024\/12\/Presentan-el-libro-Moneros-para-moneros-en-la-FIL-2024_Muestra-768x603.jpeg 768w\" sizes=\"auto, (max-width: 998px) 100vw, 998px\" \/><\/figure>\n\n\n\n<p class=\"wp-block-paragraph\"><\/p>\n<div class=\"fb-background-color\">\n\t\t\t  <div \n\t\t\t  \tclass = \"fb-comments\" \n\t\t\t  \tdata-href = \"https:\/\/diarioavanzada.com.mx\/?p=68589\"\n\t\t\t  \tdata-numposts = \"10\"\n\t\t\t  \tdata-lazy = \"true\"\n\t\t\t\tdata-colorscheme = \"light\"\n\t\t\t\tdata-order-by = \"social\"\n\t\t\t\tdata-mobile=true>\n\t\t\t  <\/div><\/div>\n\t\t  <style>\n\t\t    .fb-background-color {\n\t\t\t\tbackground:  !important;\n\t\t\t}\n\t\t\t.fb_iframe_widget_fluid_desktop iframe {\n\t\t\t    width: 100% !important;\n\t\t\t}\n\t\t  <\/style>\n\t\t  ","protected":false},"excerpt":{"rendered":"<p>En su interior, 26 artistas contribuyen con sus trazos y experiencias para ofrecer un retrato del panorama monero en M\u00e9xico. Colima, M\u00e9xico, Avanzada (11\/12\/2024).- La Feria Internacional del Libro (FIL) Guadalajara 2024 fue el escenario para la presentaci\u00f3n del libro Moneros por moneros, una obra colectiva coordinada por Patricia Ayala Garc\u00eda y Juan Pedro Delgado. [&hellip;]<\/p>\n","protected":false},"author":7,"featured_media":68605,"comment_status":"closed","ping_status":"closed","sticky":false,"template":"","format":"standard","meta":{"_coblocks_attr":"","_coblocks_dimensions":"","_coblocks_responsive_height":"","_coblocks_accordion_ie_support":"","_crdt_document":"","advanced_seo_description":"","jetpack_seo_html_title":"","jetpack_seo_noindex":false,"_jetpack_memberships_contains_paid_content":false,"footnotes":""},"categories":[19,25,209,7],"tags":[],"class_list":["post-68589","post","type-post","status-publish","format-standard","has-post-thumbnail","hentry","category-colima","category-cultura","category-importantes","category-noticias"],"jetpack_featured_media_url":"https:\/\/diarioavanzada.com.mx\/wp-content\/uploads\/2024\/12\/img_5598-1.jpg","jetpack-related-posts":[],"jetpack_sharing_enabled":true,"amp_enabled":true,"_links":{"self":[{"href":"https:\/\/diarioavanzada.com.mx\/index.php?rest_route=\/wp\/v2\/posts\/68589","targetHints":{"allow":["GET"]}}],"collection":[{"href":"https:\/\/diarioavanzada.com.mx\/index.php?rest_route=\/wp\/v2\/posts"}],"about":[{"href":"https:\/\/diarioavanzada.com.mx\/index.php?rest_route=\/wp\/v2\/types\/post"}],"author":[{"embeddable":true,"href":"https:\/\/diarioavanzada.com.mx\/index.php?rest_route=\/wp\/v2\/users\/7"}],"replies":[{"embeddable":true,"href":"https:\/\/diarioavanzada.com.mx\/index.php?rest_route=%2Fwp%2Fv2%2Fcomments&post=68589"}],"version-history":[{"count":6,"href":"https:\/\/diarioavanzada.com.mx\/index.php?rest_route=\/wp\/v2\/posts\/68589\/revisions"}],"predecessor-version":[{"id":68604,"href":"https:\/\/diarioavanzada.com.mx\/index.php?rest_route=\/wp\/v2\/posts\/68589\/revisions\/68604"}],"wp:featuredmedia":[{"embeddable":true,"href":"https:\/\/diarioavanzada.com.mx\/index.php?rest_route=\/wp\/v2\/media\/68605"}],"wp:attachment":[{"href":"https:\/\/diarioavanzada.com.mx\/index.php?rest_route=%2Fwp%2Fv2%2Fmedia&parent=68589"}],"wp:term":[{"taxonomy":"category","embeddable":true,"href":"https:\/\/diarioavanzada.com.mx\/index.php?rest_route=%2Fwp%2Fv2%2Fcategories&post=68589"},{"taxonomy":"post_tag","embeddable":true,"href":"https:\/\/diarioavanzada.com.mx\/index.php?rest_route=%2Fwp%2Fv2%2Ftags&post=68589"}],"curies":[{"name":"wp","href":"https:\/\/api.w.org\/{rel}","templated":true}]}}