{"id":68563,"date":"2024-12-11T10:14:41","date_gmt":"2024-12-11T16:14:41","guid":{"rendered":"https:\/\/diarioavanzada.com.mx\/?p=68563"},"modified":"2024-12-11T10:23:00","modified_gmt":"2024-12-11T16:23:00","slug":"la-sombra-de-la-muerte-ronda-en-el-puerto-de-manzanillo","status":"publish","type":"post","link":"https:\/\/diarioavanzada.com.mx\/?p=68563","title":{"rendered":"La sombra de la muerte ronda en el Puerto de Manzanillo"},"content":{"rendered":"\n<p class=\"p1 wp-block-paragraph\">Colima, M\u00e9xico, Avanzada (11\/12\/2024).- El Puerto de Manzanillo, principal entrada de mercanc\u00edas internacionales hacia las regiones del Baj\u00edo y Centro de M\u00e9xico, ha sido escenario de eventos tr\u00e1gicos que ponen en relieve un preocupante patr\u00f3n de violencia e inseguridad en su entorno.<\/p>\n\n\n\n<p class=\"p1 wp-block-paragraph\">En menos de dos semanas, dos choferes del puerto se habr\u00edan suicidado, o por lo menos as\u00ed lo documentaron medios locales. El 30 de noviembre, un hombre fue encontrado sin vida en el kil\u00f3metro 84 de la autopista Guadalajara-Colima, colgado del cuello entre dos contenedores en un \u00e1rea de descanso.<\/p>\n\n\n\n<p class=\"p1 wp-block-paragraph\">M\u00e1s recientemente, el 10 de diciembre, un empleado se suicid\u00f3 colg\u00e1ndose desde una gr\u00faa terrestre dentro del recinto fiscal del puerto, seg\u00fan fuentes extraoficiales.<\/p>\n\n\n\n<p class=\"p1 wp-block-paragraph\">En los \u00faltimos a\u00f1os, diversos trabajadores y excolaboradores de la Aduana fueron v\u00edctimas de homicidio. Entre los casos m\u00e1s notorios se encuentran:<\/p>\n\n\n\n<p class=\"p1 wp-block-paragraph\">El 30 de mayo 2023 Sergio N, administrador de aduanas en Manzanillo fue secuestrado por un comando armado y posteriormente encontrado ejecutado envuelto en s\u00e1banas a la orilla de la carretera, llevaba dos semanas en el cargo.<\/p>\n\n\n\n<p class=\"p1 wp-block-paragraph\">El 30 de septiembre de 2021, tres empleados de la Aduana de Manzanillo, reportados como desaparecidos, fueron encontrados sin vida en una fosa clandestina en el municipio de Comala, Colima. Las v\u00edctimas fueron identificadas como Francisco N, de 30 a\u00f1os; Jan Carlos N, de 33; y \u00c9dgar N.&nbsp;<\/p>\n\n\n\n<p class=\"p1 wp-block-paragraph\">En octubre del 2019, un trabajador del SAT fue ejecutado cerca de instalaciones de la Secretar\u00eda de Marina en Manzanillo.<\/p>\n\n\n\n<p class=\"p1 wp-block-paragraph\">Julio de 2019, un agente de la Fiscal\u00eda General del Estado, excolaborador de la Aduana, fue ejecutado mientras transitaba por la carretera Colima-Tecom\u00e1n.<\/p>\n\n\n\n<p class=\"p1 wp-block-paragraph\">Febrero de 2018, un contador de una agencia aduanal fue asesinado en Tapeixtles.<\/p>\n\n\n\n<p class=\"p1 wp-block-paragraph\">Reconocido como el \u201cPuente Mexicano hacia el Pac\u00edfico\u201d, el puerto de Manzanillo no solo es el principal punto de exportaci\u00f3n del pa\u00eds, sino tambi\u00e9n un nodo clave en rutas comerciales hacia Asia, Ocean\u00eda y Norteam\u00e9rica. Sin embargo, su relevancia econ\u00f3mica tambi\u00e9n lo convierte en un espacio altamente vulnerable al crimen organizado y la violencia.<\/p>\n\n\n\n<p class=\"wp-block-paragraph\"><\/p>\n<div class=\"fb-background-color\">\n\t\t\t  <div \n\t\t\t  \tclass = \"fb-comments\" \n\t\t\t  \tdata-href = \"https:\/\/diarioavanzada.com.mx\/?p=68563\"\n\t\t\t  \tdata-numposts = \"10\"\n\t\t\t  \tdata-lazy = \"true\"\n\t\t\t\tdata-colorscheme = \"light\"\n\t\t\t\tdata-order-by = \"social\"\n\t\t\t\tdata-mobile=true>\n\t\t\t  <\/div><\/div>\n\t\t  <style>\n\t\t    .fb-background-color {\n\t\t\t\tbackground:  !important;\n\t\t\t}\n\t\t\t.fb_iframe_widget_fluid_desktop iframe {\n\t\t\t    width: 100% !important;\n\t\t\t}\n\t\t  <\/style>\n\t\t  ","protected":false},"excerpt":{"rendered":"<p>Colima, M\u00e9xico, Avanzada (11\/12\/2024).- El Puerto de Manzanillo, principal entrada de mercanc\u00edas internacionales hacia las regiones del Baj\u00edo y Centro de M\u00e9xico, ha sido escenario de eventos tr\u00e1gicos que ponen en relieve un preocupante patr\u00f3n de violencia e inseguridad en su entorno. En menos de dos semanas, dos choferes del puerto se habr\u00edan suicidado, o [&hellip;]<\/p>\n","protected":false},"author":7,"featured_media":68564,"comment_status":"closed","ping_status":"closed","sticky":false,"template":"","format":"standard","meta":{"_coblocks_attr":"","_coblocks_dimensions":"","_coblocks_responsive_height":"","_coblocks_accordion_ie_support":"","_crdt_document":"","advanced_seo_description":"","jetpack_seo_html_title":"","jetpack_seo_noindex":false,"_jetpack_memberships_contains_paid_content":false,"footnotes":""},"categories":[19,7,231],"tags":[],"class_list":["post-68563","post","type-post","status-publish","format-standard","has-post-thumbnail","hentry","category-colima","category-noticias","category-seguridad"],"jetpack_featured_media_url":"https:\/\/diarioavanzada.com.mx\/wp-content\/uploads\/2024\/12\/img_5593-1.png","jetpack-related-posts":[],"jetpack_sharing_enabled":true,"amp_enabled":true,"_links":{"self":[{"href":"https:\/\/diarioavanzada.com.mx\/index.php?rest_route=\/wp\/v2\/posts\/68563","targetHints":{"allow":["GET"]}}],"collection":[{"href":"https:\/\/diarioavanzada.com.mx\/index.php?rest_route=\/wp\/v2\/posts"}],"about":[{"href":"https:\/\/diarioavanzada.com.mx\/index.php?rest_route=\/wp\/v2\/types\/post"}],"author":[{"embeddable":true,"href":"https:\/\/diarioavanzada.com.mx\/index.php?rest_route=\/wp\/v2\/users\/7"}],"replies":[{"embeddable":true,"href":"https:\/\/diarioavanzada.com.mx\/index.php?rest_route=%2Fwp%2Fv2%2Fcomments&post=68563"}],"version-history":[{"count":4,"href":"https:\/\/diarioavanzada.com.mx\/index.php?rest_route=\/wp\/v2\/posts\/68563\/revisions"}],"predecessor-version":[{"id":68568,"href":"https:\/\/diarioavanzada.com.mx\/index.php?rest_route=\/wp\/v2\/posts\/68563\/revisions\/68568"}],"wp:featuredmedia":[{"embeddable":true,"href":"https:\/\/diarioavanzada.com.mx\/index.php?rest_route=\/wp\/v2\/media\/68564"}],"wp:attachment":[{"href":"https:\/\/diarioavanzada.com.mx\/index.php?rest_route=%2Fwp%2Fv2%2Fmedia&parent=68563"}],"wp:term":[{"taxonomy":"category","embeddable":true,"href":"https:\/\/diarioavanzada.com.mx\/index.php?rest_route=%2Fwp%2Fv2%2Fcategories&post=68563"},{"taxonomy":"post_tag","embeddable":true,"href":"https:\/\/diarioavanzada.com.mx\/index.php?rest_route=%2Fwp%2Fv2%2Ftags&post=68563"}],"curies":[{"name":"wp","href":"https:\/\/api.w.org\/{rel}","templated":true}]}}